{"id":961,"date":"2026-04-30T08:07:10","date_gmt":"2026-04-30T06:07:10","guid":{"rendered":"https:\/\/sp13.mielec.pl\/?p=961"},"modified":"2026-04-30T08:07:12","modified_gmt":"2026-04-30T06:07:12","slug":"klasa-2b-na-bialo-czerwonym-pokazie-patriotycznej-mody","status":"publish","type":"post","link":"https:\/\/sp13.mielec.pl\/?p=961","title":{"rendered":"KLASA 2B NA BIA\u0141O-CZERWONYM POKAZIE PATRIOTYCZNEJ MODY"},"content":{"rendered":"\n<figure class=\"wp-block-image size-large\"><img decoding=\"async\" src=\"https:\/\/lh3.googleusercontent.com\/pw\/AP1GczOOoQ7JH31ZMY4-z7WASad2rJPRcqkQq1sRwO9L87WVrrvV0H3cyisZVBkQl7FQu1-j7GUsKpm9p1r2TZtXtrsds-H7mjtgOQJbjn2Ys3vBJin9ZIPS6BTm7dLFW_W56RvryzGye4lykBYIas8J4gs74A=w712-h948-s-no-gm?authuser=2\" alt=\"\"\/><\/figure>\n\n\n\n<p>Z okazji nadchodz\u0105cych \u015bwi\u0105t narodowych \u2013 235 rocznicy Uchwalenia Konstytucji 3 Maja oraz Dnia Flagi Rzeczpospolitej Polskiej \u2013 <strong>klasa 2b<\/strong> zorganizowa\u0142a niezapomniane dla uczestnik\u00f3w wydarzenie &#8211; pokaz mody patriotycznej. Codzienna sala szkolna zamieni\u0142a si\u0119 w modowy wybieg, a uczniowie odgrywali na nim role modelek i modeli. Przy piosenkach o Polsce, kt\u00f3re tworzy\u0142y t\u0142o pokazu, uczestnicy rytmicznym krokiem prezentowali najnowsz\u0105, zaprojektowan\u0105 przez siebie, kolekcj\u0119 garderoby &#8211; w obowi\u0105zkowych bia\u0142o \u2013 czerwonych barwach narodowych. Nie zabrak\u0142o tak\u017ce element\u00f3w symbolicznych &#8211; wizerunku or\u0142a bia\u0142ego oraz polskiej flagi. Ka\u017cdy ucze\u0144 \u2013 a wielu o tym w tym wieku ju\u017c marzy &#8211; m\u00f3g\u0142 si\u0119 poczu\u0107, jak na prawdziwym pokazie mody, jednocze\u015bnie odczuwaj\u0105c dum\u0119, \u017ce w\u0142a\u015bnie jest si\u0119 Polk\u0105 i Polakiem.<\/p>\n\n\n\n<p>Ta bardzo ekscytuj\u0105ca dla uczestnik\u00f3w autoprezentacja, po\u0142\u0105czona by\u0142a ze wsp\u00f3lnym \u015bpiewem pie\u015bni o Polsce, a na lekcjach towarzysz\u0105cych wydarzeniu uczniowie swoj\u0105 wyobra\u017ani\u0105 mogli si\u0119ga\u0107 do kart polskiej historii, historii cho\u0107 odleg\u0142ej, to dla Polak\u00f3w wspania\u0142ej.<\/p>\n\n\n\n<p>Wyra\u017cona w ten spos\u00f3b forma aktywno\u015bci uczniowskiej, pobudzaj\u0105ca poczucie to\u017csamo\u015bci narodowej, sprawi\u0142a uczniom wiele rado\u015bci i z pewno\u015bci\u0105 u wszystkich wyst\u0119puj\u0105cych modelek i modeli wzbudzi\u0142a poczucie patriotycznej dumy.<\/p>\n\n\n\n<p>Dumni z bycia Polakami -uczniowie klasy 2b<\/p>\n\n\n\n<p>wraz paniami L. Kosteck\u0105 i Katarzyn\u0105 Madej-Lis.<\/p>\n\n\n\n<p><a href=\"https:\/\/photos.app.goo.gl\/gXH4rcDSYRcLV6wMA\">https:\/\/photos.app.goo.gl\/gXH4rcDSYRcLV6wMA<\/a><\/p>\n","protected":false},"excerpt":{"rendered":"<p>Z okazji nadchodz\u0105cych \u015bwi\u0105t narodowych \u2013 235 rocznicy Uchwalenia Konstytucji 3 Maja oraz Dnia Flagi Rzeczpospolitej Polskiej \u2013 klasa 2b zorganizowa\u0142a niezapomniane dla uczestnik\u00f3w wydarzenie &#8211; pokaz mody patriotycznej. Codzienna sala szkolna zamieni\u0142a si\u0119 w modowy wybieg, a uczniowie odgrywali <a href=\"https:\/\/sp13.mielec.pl\/?p=961\" class=\"read-more\">&#8230;<\/a><\/p>\n","protected":false},"author":1,"featured_media":0,"comment_status":"closed","ping_status":"closed","sticky":false,"template":"","format":"standard","meta":{"_themeisle_gutenberg_block_has_review":false,"footnotes":""},"categories":[1],"tags":[],"class_list":["post-961","post","type-post","status-publish","format-standard","hentry","category-bez-kategorii"],"yoast_head":"<!-- This site is optimized with the Yoast SEO plugin v25.9 - https:\/\/yoast.com\/wordpress\/plugins\/seo\/ -->\n<title>KLASA 2B NA BIA\u0141O-CZERWONYM POKAZIE PATRIOTYCZNEJ MODY - SZKO\u0141A PODSTAWOWA NR 13 W MIELCU<\/title>\n<meta name=\"description\" content=\"Szko\u0142a Podstawowa nr 13 w Mielcu\" \/>\n<meta name=\"robots\" content=\"index, follow, max-snippet:-1, max-image-preview:large, max-video-preview:-1\" \/>\n<link rel=\"canonical\" href=\"https:\/\/sp13.mielec.pl\/?p=961\" \/>\n<meta property=\"og:locale\" content=\"pl_PL\" \/>\n<meta property=\"og:type\" content=\"article\" \/>\n<meta property=\"og:title\" content=\"KLASA 2B NA BIA\u0141O-CZERWONYM POKAZIE PATRIOTYCZNEJ MODY - SZKO\u0141A PODSTAWOWA NR 13 W MIELCU\" \/>\n<meta property=\"og:description\" content=\"Szko\u0142a Podstawowa nr 13 w Mielcu\" \/>\n<meta property=\"og:url\" content=\"https:\/\/sp13.mielec.pl\/?p=961\" \/>\n<meta property=\"og:site_name\" content=\"SZKO\u0141A PODSTAWOWA NR 13 W MIELCU\" \/>\n<meta property=\"article:publisher\" content=\"https:\/\/www.facebook.com\/profile.php?id=100075648866324#\" \/>\n<meta property=\"article:published_time\" content=\"2026-04-30T06:07:10+00:00\" \/>\n<meta property=\"article:modified_time\" content=\"2026-04-30T06:07:12+00:00\" \/>\n<meta property=\"og:image\" content=\"https:\/\/lh3.googleusercontent.com\/pw\/AP1GczOOoQ7JH31ZMY4-z7WASad2rJPRcqkQq1sRwO9L87WVrrvV0H3cyisZVBkQl7FQu1-j7GUsKpm9p1r2TZtXtrsds-H7mjtgOQJbjn2Ys3vBJin9ZIPS6BTm7dLFW_W56RvryzGye4lykBYIas8J4gs74A=w712-h948-s-no-gm?authuser=2\" \/>\n<meta name=\"author\" content=\"admin\" \/>\n<meta name=\"twitter:card\" content=\"summary_large_image\" \/>\n<meta name=\"twitter:label1\" content=\"Napisane przez\" \/>\n\t<meta name=\"twitter:data1\" content=\"admin\" \/>\n\t<meta name=\"twitter:label2\" content=\"Szacowany czas czytania\" \/>\n\t<meta name=\"twitter:data2\" content=\"2 minuty\" \/>\n<script type=\"application\/ld+json\" class=\"yoast-schema-graph\">{\"@context\":\"https:\/\/schema.org\",\"@graph\":[{\"@type\":\"Article\",\"@id\":\"https:\/\/sp13.mielec.pl\/?p=961#article\",\"isPartOf\":{\"@id\":\"https:\/\/sp13.mielec.pl\/?p=961\"},\"author\":{\"name\":\"admin\",\"@id\":\"https:\/\/sp13.mielec.pl\/#\/schema\/person\/2989c58771a7ac215a1cfc4a80217749\"},\"headline\":\"KLASA 2B NA BIA\u0141O-CZERWONYM POKAZIE PATRIOTYCZNEJ MODY\",\"datePublished\":\"2026-04-30T06:07:10+00:00\",\"dateModified\":\"2026-04-30T06:07:12+00:00\",\"mainEntityOfPage\":{\"@id\":\"https:\/\/sp13.mielec.pl\/?p=961\"},\"wordCount\":247,\"publisher\":{\"@id\":\"https:\/\/sp13.mielec.pl\/#organization\"},\"image\":{\"@id\":\"https:\/\/sp13.mielec.pl\/?p=961#primaryimage\"},\"thumbnailUrl\":\"https:\/\/lh3.googleusercontent.com\/pw\/AP1GczOOoQ7JH31ZMY4-z7WASad2rJPRcqkQq1sRwO9L87WVrrvV0H3cyisZVBkQl7FQu1-j7GUsKpm9p1r2TZtXtrsds-H7mjtgOQJbjn2Ys3vBJin9ZIPS6BTm7dLFW_W56RvryzGye4lykBYIas8J4gs74A=w712-h948-s-no-gm?authuser=2\",\"inLanguage\":\"pl-PL\"},{\"@type\":\"WebPage\",\"@id\":\"https:\/\/sp13.mielec.pl\/?p=961\",\"url\":\"https:\/\/sp13.mielec.pl\/?p=961\",\"name\":\"KLASA 2B NA BIA\u0141O-CZERWONYM POKAZIE PATRIOTYCZNEJ MODY - SZKO\u0141A PODSTAWOWA NR 13 W MIELCU\",\"isPartOf\":{\"@id\":\"https:\/\/sp13.mielec.pl\/#website\"},\"primaryImageOfPage\":{\"@id\":\"https:\/\/sp13.mielec.pl\/?p=961#primaryimage\"},\"image\":{\"@id\":\"https:\/\/sp13.mielec.pl\/?p=961#primaryimage\"},\"thumbnailUrl\":\"https:\/\/lh3.googleusercontent.com\/pw\/AP1GczOOoQ7JH31ZMY4-z7WASad2rJPRcqkQq1sRwO9L87WVrrvV0H3cyisZVBkQl7FQu1-j7GUsKpm9p1r2TZtXtrsds-H7mjtgOQJbjn2Ys3vBJin9ZIPS6BTm7dLFW_W56RvryzGye4lykBYIas8J4gs74A=w712-h948-s-no-gm?authuser=2\",\"datePublished\":\"2026-04-30T06:07:10+00:00\",\"dateModified\":\"2026-04-30T06:07:12+00:00\",\"description\":\"Szko\u0142a Podstawowa nr 13 w Mielcu\",\"breadcrumb\":{\"@id\":\"https:\/\/sp13.mielec.pl\/?p=961#breadcrumb\"},\"inLanguage\":\"pl-PL\",\"potentialAction\":[{\"@type\":\"ReadAction\",\"target\":[\"https:\/\/sp13.mielec.pl\/?p=961\"]}]},{\"@type\":\"ImageObject\",\"inLanguage\":\"pl-PL\",\"@id\":\"https:\/\/sp13.mielec.pl\/?p=961#primaryimage\",\"url\":\"https:\/\/lh3.googleusercontent.com\/pw\/AP1GczOOoQ7JH31ZMY4-z7WASad2rJPRcqkQq1sRwO9L87WVrrvV0H3cyisZVBkQl7FQu1-j7GUsKpm9p1r2TZtXtrsds-H7mjtgOQJbjn2Ys3vBJin9ZIPS6BTm7dLFW_W56RvryzGye4lykBYIas8J4gs74A=w712-h948-s-no-gm?authuser=2\",\"contentUrl\":\"https:\/\/lh3.googleusercontent.com\/pw\/AP1GczOOoQ7JH31ZMY4-z7WASad2rJPRcqkQq1sRwO9L87WVrrvV0H3cyisZVBkQl7FQu1-j7GUsKpm9p1r2TZtXtrsds-H7mjtgOQJbjn2Ys3vBJin9ZIPS6BTm7dLFW_W56RvryzGye4lykBYIas8J4gs74A=w712-h948-s-no-gm?authuser=2\"},{\"@type\":\"BreadcrumbList\",\"@id\":\"https:\/\/sp13.mielec.pl\/?p=961#breadcrumb\",\"itemListElement\":[{\"@type\":\"ListItem\",\"position\":1,\"name\":\"Home\",\"item\":\"https:\/\/sp13.mielec.pl\/\"},{\"@type\":\"ListItem\",\"position\":2,\"name\":\"KLASA 2B NA BIA\u0141O-CZERWONYM POKAZIE PATRIOTYCZNEJ MODY\"}]},{\"@type\":\"WebSite\",\"@id\":\"https:\/\/sp13.mielec.pl\/#website\",\"url\":\"https:\/\/sp13.mielec.pl\/\",\"name\":\"SZKO\u0141A PODSTAWOWA NR 13 W MIELCU\",\"description\":\"im. Jana Bytnara Rudego\",\"publisher\":{\"@id\":\"https:\/\/sp13.mielec.pl\/#organization\"},\"potentialAction\":[{\"@type\":\"SearchAction\",\"target\":{\"@type\":\"EntryPoint\",\"urlTemplate\":\"https:\/\/sp13.mielec.pl\/?s={search_term_string}\"},\"query-input\":{\"@type\":\"PropertyValueSpecification\",\"valueRequired\":true,\"valueName\":\"search_term_string\"}}],\"inLanguage\":\"pl-PL\"},{\"@type\":\"Organization\",\"@id\":\"https:\/\/sp13.mielec.pl\/#organization\",\"name\":\"SZKO\u0141A PODSTAWOWA NR 13 W MIELCU\",\"url\":\"https:\/\/sp13.mielec.pl\/\",\"logo\":{\"@type\":\"ImageObject\",\"inLanguage\":\"pl-PL\",\"@id\":\"https:\/\/sp13.mielec.pl\/#\/schema\/logo\/image\/\",\"url\":\"https:\/\/sp13.mielec.pl\/wp-content\/uploads\/2025\/09\/cropped-cropped-herb-szkoly-ezgif.com-resize-1.gif\",\"contentUrl\":\"https:\/\/sp13.mielec.pl\/wp-content\/uploads\/2025\/09\/cropped-cropped-herb-szkoly-ezgif.com-resize-1.gif\",\"width\":150,\"height\":150,\"caption\":\"SZKO\u0141A PODSTAWOWA NR 13 W MIELCU\"},\"image\":{\"@id\":\"https:\/\/sp13.mielec.pl\/#\/schema\/logo\/image\/\"},\"sameAs\":[\"https:\/\/www.facebook.com\/profile.php?id=100075648866324#\"]},{\"@type\":\"Person\",\"@id\":\"https:\/\/sp13.mielec.pl\/#\/schema\/person\/2989c58771a7ac215a1cfc4a80217749\",\"name\":\"admin\",\"image\":{\"@type\":\"ImageObject\",\"inLanguage\":\"pl-PL\",\"@id\":\"https:\/\/sp13.mielec.pl\/#\/schema\/person\/image\/\",\"url\":\"https:\/\/secure.gravatar.com\/avatar\/0bcae7b6c78740ebf93d8baa9f8db1cc7c98a1a17f4f0455cf5bd11ce783ef38?s=96&d=mm&r=g\",\"contentUrl\":\"https:\/\/secure.gravatar.com\/avatar\/0bcae7b6c78740ebf93d8baa9f8db1cc7c98a1a17f4f0455cf5bd11ce783ef38?s=96&d=mm&r=g\",\"caption\":\"admin\"},\"sameAs\":[\"http:\/\/gim4.home.pl\/autoinstalator\/wordpressplugins2\"],\"url\":\"https:\/\/sp13.mielec.pl\/?author=1\"}]}<\/script>\n<!-- \/ Yoast SEO plugin. -->","yoast_head_json":{"title":"KLASA 2B NA BIA\u0141O-CZERWONYM POKAZIE PATRIOTYCZNEJ MODY - SZKO\u0141A PODSTAWOWA NR 13 W MIELCU","description":"Szko\u0142a Podstawowa nr 13 w Mielcu","robots":{"index":"index","follow":"follow","max-snippet":"max-snippet:-1","max-image-preview":"max-image-preview:large","max-video-preview":"max-video-preview:-1"},"canonical":"https:\/\/sp13.mielec.pl\/?p=961","og_locale":"pl_PL","og_type":"article","og_title":"KLASA 2B NA BIA\u0141O-CZERWONYM POKAZIE PATRIOTYCZNEJ MODY - SZKO\u0141A PODSTAWOWA NR 13 W MIELCU","og_description":"Szko\u0142a Podstawowa nr 13 w Mielcu","og_url":"https:\/\/sp13.mielec.pl\/?p=961","og_site_name":"SZKO\u0141A PODSTAWOWA NR 13 W MIELCU","article_publisher":"https:\/\/www.facebook.com\/profile.php?id=100075648866324#","article_published_time":"2026-04-30T06:07:10+00:00","article_modified_time":"2026-04-30T06:07:12+00:00","og_image":[{"url":"https:\/\/lh3.googleusercontent.com\/pw\/AP1GczOOoQ7JH31ZMY4-z7WASad2rJPRcqkQq1sRwO9L87WVrrvV0H3cyisZVBkQl7FQu1-j7GUsKpm9p1r2TZtXtrsds-H7mjtgOQJbjn2Ys3vBJin9ZIPS6BTm7dLFW_W56RvryzGye4lykBYIas8J4gs74A=w712-h948-s-no-gm?authuser=2","type":"","width":"","height":""}],"author":"admin","twitter_card":"summary_large_image","twitter_misc":{"Napisane przez":"admin","Szacowany czas czytania":"2 minuty"},"schema":{"@context":"https:\/\/schema.org","@graph":[{"@type":"Article","@id":"https:\/\/sp13.mielec.pl\/?p=961#article","isPartOf":{"@id":"https:\/\/sp13.mielec.pl\/?p=961"},"author":{"name":"admin","@id":"https:\/\/sp13.mielec.pl\/#\/schema\/person\/2989c58771a7ac215a1cfc4a80217749"},"headline":"KLASA 2B NA BIA\u0141O-CZERWONYM POKAZIE PATRIOTYCZNEJ MODY","datePublished":"2026-04-30T06:07:10+00:00","dateModified":"2026-04-30T06:07:12+00:00","mainEntityOfPage":{"@id":"https:\/\/sp13.mielec.pl\/?p=961"},"wordCount":247,"publisher":{"@id":"https:\/\/sp13.mielec.pl\/#organization"},"image":{"@id":"https:\/\/sp13.mielec.pl\/?p=961#primaryimage"},"thumbnailUrl":"https:\/\/lh3.googleusercontent.com\/pw\/AP1GczOOoQ7JH31ZMY4-z7WASad2rJPRcqkQq1sRwO9L87WVrrvV0H3cyisZVBkQl7FQu1-j7GUsKpm9p1r2TZtXtrsds-H7mjtgOQJbjn2Ys3vBJin9ZIPS6BTm7dLFW_W56RvryzGye4lykBYIas8J4gs74A=w712-h948-s-no-gm?authuser=2","inLanguage":"pl-PL"},{"@type":"WebPage","@id":"https:\/\/sp13.mielec.pl\/?p=961","url":"https:\/\/sp13.mielec.pl\/?p=961","name":"KLASA 2B NA BIA\u0141O-CZERWONYM POKAZIE PATRIOTYCZNEJ MODY - SZKO\u0141A PODSTAWOWA NR 13 W MIELCU","isPartOf":{"@id":"https:\/\/sp13.mielec.pl\/#website"},"primaryImageOfPage":{"@id":"https:\/\/sp13.mielec.pl\/?p=961#primaryimage"},"image":{"@id":"https:\/\/sp13.mielec.pl\/?p=961#primaryimage"},"thumbnailUrl":"https:\/\/lh3.googleusercontent.com\/pw\/AP1GczOOoQ7JH31ZMY4-z7WASad2rJPRcqkQq1sRwO9L87WVrrvV0H3cyisZVBkQl7FQu1-j7GUsKpm9p1r2TZtXtrsds-H7mjtgOQJbjn2Ys3vBJin9ZIPS6BTm7dLFW_W56RvryzGye4lykBYIas8J4gs74A=w712-h948-s-no-gm?authuser=2","datePublished":"2026-04-30T06:07:10+00:00","dateModified":"2026-04-30T06:07:12+00:00","description":"Szko\u0142a Podstawowa nr 13 w Mielcu","breadcrumb":{"@id":"https:\/\/sp13.mielec.pl\/?p=961#breadcrumb"},"inLanguage":"pl-PL","potentialAction":[{"@type":"ReadAction","target":["https:\/\/sp13.mielec.pl\/?p=961"]}]},{"@type":"ImageObject","inLanguage":"pl-PL","@id":"https:\/\/sp13.mielec.pl\/?p=961#primaryimage","url":"https:\/\/lh3.googleusercontent.com\/pw\/AP1GczOOoQ7JH31ZMY4-z7WASad2rJPRcqkQq1sRwO9L87WVrrvV0H3cyisZVBkQl7FQu1-j7GUsKpm9p1r2TZtXtrsds-H7mjtgOQJbjn2Ys3vBJin9ZIPS6BTm7dLFW_W56RvryzGye4lykBYIas8J4gs74A=w712-h948-s-no-gm?authuser=2","contentUrl":"https:\/\/lh3.googleusercontent.com\/pw\/AP1GczOOoQ7JH31ZMY4-z7WASad2rJPRcqkQq1sRwO9L87WVrrvV0H3cyisZVBkQl7FQu1-j7GUsKpm9p1r2TZtXtrsds-H7mjtgOQJbjn2Ys3vBJin9ZIPS6BTm7dLFW_W56RvryzGye4lykBYIas8J4gs74A=w712-h948-s-no-gm?authuser=2"},{"@type":"BreadcrumbList","@id":"https:\/\/sp13.mielec.pl\/?p=961#breadcrumb","itemListElement":[{"@type":"ListItem","position":1,"name":"Home","item":"https:\/\/sp13.mielec.pl\/"},{"@type":"ListItem","position":2,"name":"KLASA 2B NA BIA\u0141O-CZERWONYM POKAZIE PATRIOTYCZNEJ MODY"}]},{"@type":"WebSite","@id":"https:\/\/sp13.mielec.pl\/#website","url":"https:\/\/sp13.mielec.pl\/","name":"SZKO\u0141A PODSTAWOWA NR 13 W MIELCU","description":"im. Jana Bytnara Rudego","publisher":{"@id":"https:\/\/sp13.mielec.pl\/#organization"},"potentialAction":[{"@type":"SearchAction","target":{"@type":"EntryPoint","urlTemplate":"https:\/\/sp13.mielec.pl\/?s={search_term_string}"},"query-input":{"@type":"PropertyValueSpecification","valueRequired":true,"valueName":"search_term_string"}}],"inLanguage":"pl-PL"},{"@type":"Organization","@id":"https:\/\/sp13.mielec.pl\/#organization","name":"SZKO\u0141A PODSTAWOWA NR 13 W MIELCU","url":"https:\/\/sp13.mielec.pl\/","logo":{"@type":"ImageObject","inLanguage":"pl-PL","@id":"https:\/\/sp13.mielec.pl\/#\/schema\/logo\/image\/","url":"https:\/\/sp13.mielec.pl\/wp-content\/uploads\/2025\/09\/cropped-cropped-herb-szkoly-ezgif.com-resize-1.gif","contentUrl":"https:\/\/sp13.mielec.pl\/wp-content\/uploads\/2025\/09\/cropped-cropped-herb-szkoly-ezgif.com-resize-1.gif","width":150,"height":150,"caption":"SZKO\u0141A PODSTAWOWA NR 13 W MIELCU"},"image":{"@id":"https:\/\/sp13.mielec.pl\/#\/schema\/logo\/image\/"},"sameAs":["https:\/\/www.facebook.com\/profile.php?id=100075648866324#"]},{"@type":"Person","@id":"https:\/\/sp13.mielec.pl\/#\/schema\/person\/2989c58771a7ac215a1cfc4a80217749","name":"admin","image":{"@type":"ImageObject","inLanguage":"pl-PL","@id":"https:\/\/sp13.mielec.pl\/#\/schema\/person\/image\/","url":"https:\/\/secure.gravatar.com\/avatar\/0bcae7b6c78740ebf93d8baa9f8db1cc7c98a1a17f4f0455cf5bd11ce783ef38?s=96&d=mm&r=g","contentUrl":"https:\/\/secure.gravatar.com\/avatar\/0bcae7b6c78740ebf93d8baa9f8db1cc7c98a1a17f4f0455cf5bd11ce783ef38?s=96&d=mm&r=g","caption":"admin"},"sameAs":["http:\/\/gim4.home.pl\/autoinstalator\/wordpressplugins2"],"url":"https:\/\/sp13.mielec.pl\/?author=1"}]}},"rttpg_featured_image_url":null,"rttpg_author":{"display_name":"admin","author_link":"https:\/\/sp13.mielec.pl\/?author=1"},"rttpg_comment":0,"rttpg_category":"<a href=\"https:\/\/sp13.mielec.pl\/?cat=1\" rel=\"category\">Bez kategorii<\/a>","rttpg_excerpt":"Z okazji nadchodz\u0105cych \u015bwi\u0105t narodowych \u2013 235 rocznicy Uchwalenia Konstytucji 3 Maja oraz Dnia Flagi Rzeczpospolitej Polskiej \u2013 klasa 2b zorganizowa\u0142a niezapomniane dla uczestnik\u00f3w wydarzenie &#8211; pokaz mody patriotycznej. Codzienna sala szkolna zamieni\u0142a si\u0119 w modowy wybieg, a uczniowie odgrywali ...","_links":{"self":[{"href":"https:\/\/sp13.mielec.pl\/index.php?rest_route=\/wp\/v2\/posts\/961","targetHints":{"allow":["GET"]}}],"collection":[{"href":"https:\/\/sp13.mielec.pl\/index.php?rest_route=\/wp\/v2\/posts"}],"about":[{"href":"https:\/\/sp13.mielec.pl\/index.php?rest_route=\/wp\/v2\/types\/post"}],"author":[{"embeddable":true,"href":"https:\/\/sp13.mielec.pl\/index.php?rest_route=\/wp\/v2\/users\/1"}],"replies":[{"embeddable":true,"href":"https:\/\/sp13.mielec.pl\/index.php?rest_route=%2Fwp%2Fv2%2Fcomments&post=961"}],"version-history":[{"count":1,"href":"https:\/\/sp13.mielec.pl\/index.php?rest_route=\/wp\/v2\/posts\/961\/revisions"}],"predecessor-version":[{"id":962,"href":"https:\/\/sp13.mielec.pl\/index.php?rest_route=\/wp\/v2\/posts\/961\/revisions\/962"}],"wp:attachment":[{"href":"https:\/\/sp13.mielec.pl\/index.php?rest_route=%2Fwp%2Fv2%2Fmedia&parent=961"}],"wp:term":[{"taxonomy":"category","embeddable":true,"href":"https:\/\/sp13.mielec.pl\/index.php?rest_route=%2Fwp%2Fv2%2Fcategories&post=961"},{"taxonomy":"post_tag","embeddable":true,"href":"https:\/\/sp13.mielec.pl\/index.php?rest_route=%2Fwp%2Fv2%2Ftags&post=961"}],"curies":[{"name":"wp","href":"https:\/\/api.w.org\/{rel}","templated":true}]}}