{"id":938,"date":"2026-04-22T08:11:00","date_gmt":"2026-04-22T06:11:00","guid":{"rendered":"https:\/\/sp13.mielec.pl\/?p=938"},"modified":"2026-04-22T08:11:02","modified_gmt":"2026-04-22T06:11:02","slug":"the-big-challenge","status":"publish","type":"post","link":"https:\/\/sp13.mielec.pl\/?p=938","title":{"rendered":"THE BIG CHALLENGE"},"content":{"rendered":"\n<figure class=\"wp-block-image size-large\"><img decoding=\"async\" src=\"https:\/\/lh3.googleusercontent.com\/pw\/AP1GczNQuL2x8Z8Djp85tUeOj-BSkFASf2VxAMgjAtn4ZM-RT2TYlfecHQ5h5cs5AzKBQiuxBnJGEE_v4jPmxKd4TolrYjDZNyQT2V56gTB_NuYJbviVV3AJdggDxsbMNkoeqGGY70fgtpQH0ag0TCDBfu1aSw=w1517-h948-s-no-gm?authuser=2\" alt=\"\"\/><\/figure>\n\n\n\n<p>W dniach 13 do 17 kwietnia 2026 w naszej szkole odby\u0142 si\u0119 og\u00f3lnopolski konkurs j\u0119zyka angielskiego <strong>The Big Challenge<\/strong>, kt\u00f3ry cieszy\u0142 si\u0119 du\u017cym zainteresowaniem w\u015br\u00f3d uczni\u00f3w. Uczestnicy mieli okazj\u0119 sprawdzi\u0107 swoje umiej\u0119tno\u015bci j\u0119zykowe, rozwi\u0105zuj\u0105c zadania z zakresu s\u0142ownictwa, gramatyki oraz rozumienia ze s\u0142uchu i czytania.<\/p>\n\n\n\n<p>Konkurs przebieg\u0142 w przyjaznej atmosferze, a uczniowie wykazali si\u0119 du\u017c\u0105 wiedz\u0105 oraz zaanga\u017cowaniem. Udzia\u0142 w The Big Challenge to nie tylko mo\u017cliwo\u015b\u0107 rywalizacji, ale tak\u017ce doskona\u0142a okazja do rozwijania kompetencji j\u0119zykowych i motywacja do dalszej nauki j\u0119zyka angielskiego.<\/p>\n\n\n\n<p>Dzi\u0119kujemy wszystkim uczestnikom za udzia\u0142, a nauczycielom za przygotowanie uczni\u00f3w do konkursu.<\/p>\n\n\n\n<p><a href=\"https:\/\/photos.app.goo.gl\/XczkyFDbzhiqe4ug9\">https:\/\/photos.app.goo.gl\/XczkyFDbzhiqe4ug9<\/a><\/p>\n","protected":false},"excerpt":{"rendered":"<p>W dniach 13 do 17 kwietnia 2026 w naszej szkole odby\u0142 si\u0119 og\u00f3lnopolski konkurs j\u0119zyka angielskiego The Big Challenge, kt\u00f3ry cieszy\u0142 si\u0119 du\u017cym zainteresowaniem w\u015br\u00f3d uczni\u00f3w. Uczestnicy mieli okazj\u0119 sprawdzi\u0107 swoje umiej\u0119tno\u015bci j\u0119zykowe, rozwi\u0105zuj\u0105c zadania z zakresu s\u0142ownictwa, gramatyki oraz <a href=\"https:\/\/sp13.mielec.pl\/?p=938\" class=\"read-more\">&#8230;<\/a><\/p>\n","protected":false},"author":1,"featured_media":0,"comment_status":"closed","ping_status":"closed","sticky":false,"template":"","format":"standard","meta":{"_themeisle_gutenberg_block_has_review":false,"footnotes":""},"categories":[1],"tags":[],"class_list":["post-938","post","type-post","status-publish","format-standard","hentry","category-bez-kategorii"],"yoast_head":"<!-- This site is optimized with the Yoast SEO plugin v25.9 - https:\/\/yoast.com\/wordpress\/plugins\/seo\/ -->\n<title>THE BIG CHALLENGE - SZKO\u0141A PODSTAWOWA NR 13 W MIELCU<\/title>\n<meta name=\"description\" content=\"Szko\u0142a Podstawowa nr 13 w Mielcu\" \/>\n<meta name=\"robots\" content=\"index, follow, max-snippet:-1, max-image-preview:large, max-video-preview:-1\" \/>\n<link rel=\"canonical\" href=\"https:\/\/sp13.mielec.pl\/?p=938\" \/>\n<meta property=\"og:locale\" content=\"pl_PL\" \/>\n<meta property=\"og:type\" content=\"article\" \/>\n<meta property=\"og:title\" content=\"THE BIG CHALLENGE - SZKO\u0141A PODSTAWOWA NR 13 W MIELCU\" \/>\n<meta property=\"og:description\" content=\"Szko\u0142a Podstawowa nr 13 w Mielcu\" \/>\n<meta property=\"og:url\" content=\"https:\/\/sp13.mielec.pl\/?p=938\" \/>\n<meta property=\"og:site_name\" content=\"SZKO\u0141A PODSTAWOWA NR 13 W MIELCU\" \/>\n<meta property=\"article:publisher\" content=\"https:\/\/www.facebook.com\/profile.php?id=100075648866324#\" \/>\n<meta property=\"article:published_time\" content=\"2026-04-22T06:11:00+00:00\" \/>\n<meta property=\"article:modified_time\" content=\"2026-04-22T06:11:02+00:00\" \/>\n<meta property=\"og:image\" content=\"https:\/\/lh3.googleusercontent.com\/pw\/AP1GczNQuL2x8Z8Djp85tUeOj-BSkFASf2VxAMgjAtn4ZM-RT2TYlfecHQ5h5cs5AzKBQiuxBnJGEE_v4jPmxKd4TolrYjDZNyQT2V56gTB_NuYJbviVV3AJdggDxsbMNkoeqGGY70fgtpQH0ag0TCDBfu1aSw=w1517-h948-s-no-gm?authuser=2\" \/>\n<meta name=\"author\" content=\"admin\" \/>\n<meta name=\"twitter:card\" content=\"summary_large_image\" \/>\n<meta name=\"twitter:label1\" content=\"Napisane przez\" \/>\n\t<meta name=\"twitter:data1\" content=\"admin\" \/>\n\t<meta name=\"twitter:label2\" content=\"Szacowany czas czytania\" \/>\n\t<meta name=\"twitter:data2\" content=\"1 minuta\" \/>\n<script type=\"application\/ld+json\" class=\"yoast-schema-graph\">{\"@context\":\"https:\/\/schema.org\",\"@graph\":[{\"@type\":\"Article\",\"@id\":\"https:\/\/sp13.mielec.pl\/?p=938#article\",\"isPartOf\":{\"@id\":\"https:\/\/sp13.mielec.pl\/?p=938\"},\"author\":{\"name\":\"admin\",\"@id\":\"https:\/\/sp13.mielec.pl\/#\/schema\/person\/2989c58771a7ac215a1cfc4a80217749\"},\"headline\":\"THE BIG CHALLENGE\",\"datePublished\":\"2026-04-22T06:11:00+00:00\",\"dateModified\":\"2026-04-22T06:11:02+00:00\",\"mainEntityOfPage\":{\"@id\":\"https:\/\/sp13.mielec.pl\/?p=938\"},\"wordCount\":124,\"publisher\":{\"@id\":\"https:\/\/sp13.mielec.pl\/#organization\"},\"image\":{\"@id\":\"https:\/\/sp13.mielec.pl\/?p=938#primaryimage\"},\"thumbnailUrl\":\"https:\/\/lh3.googleusercontent.com\/pw\/AP1GczNQuL2x8Z8Djp85tUeOj-BSkFASf2VxAMgjAtn4ZM-RT2TYlfecHQ5h5cs5AzKBQiuxBnJGEE_v4jPmxKd4TolrYjDZNyQT2V56gTB_NuYJbviVV3AJdggDxsbMNkoeqGGY70fgtpQH0ag0TCDBfu1aSw=w1517-h948-s-no-gm?authuser=2\",\"inLanguage\":\"pl-PL\"},{\"@type\":\"WebPage\",\"@id\":\"https:\/\/sp13.mielec.pl\/?p=938\",\"url\":\"https:\/\/sp13.mielec.pl\/?p=938\",\"name\":\"THE BIG CHALLENGE - SZKO\u0141A PODSTAWOWA NR 13 W MIELCU\",\"isPartOf\":{\"@id\":\"https:\/\/sp13.mielec.pl\/#website\"},\"primaryImageOfPage\":{\"@id\":\"https:\/\/sp13.mielec.pl\/?p=938#primaryimage\"},\"image\":{\"@id\":\"https:\/\/sp13.mielec.pl\/?p=938#primaryimage\"},\"thumbnailUrl\":\"https:\/\/lh3.googleusercontent.com\/pw\/AP1GczNQuL2x8Z8Djp85tUeOj-BSkFASf2VxAMgjAtn4ZM-RT2TYlfecHQ5h5cs5AzKBQiuxBnJGEE_v4jPmxKd4TolrYjDZNyQT2V56gTB_NuYJbviVV3AJdggDxsbMNkoeqGGY70fgtpQH0ag0TCDBfu1aSw=w1517-h948-s-no-gm?authuser=2\",\"datePublished\":\"2026-04-22T06:11:00+00:00\",\"dateModified\":\"2026-04-22T06:11:02+00:00\",\"description\":\"Szko\u0142a Podstawowa nr 13 w Mielcu\",\"breadcrumb\":{\"@id\":\"https:\/\/sp13.mielec.pl\/?p=938#breadcrumb\"},\"inLanguage\":\"pl-PL\",\"potentialAction\":[{\"@type\":\"ReadAction\",\"target\":[\"https:\/\/sp13.mielec.pl\/?p=938\"]}]},{\"@type\":\"ImageObject\",\"inLanguage\":\"pl-PL\",\"@id\":\"https:\/\/sp13.mielec.pl\/?p=938#primaryimage\",\"url\":\"https:\/\/lh3.googleusercontent.com\/pw\/AP1GczNQuL2x8Z8Djp85tUeOj-BSkFASf2VxAMgjAtn4ZM-RT2TYlfecHQ5h5cs5AzKBQiuxBnJGEE_v4jPmxKd4TolrYjDZNyQT2V56gTB_NuYJbviVV3AJdggDxsbMNkoeqGGY70fgtpQH0ag0TCDBfu1aSw=w1517-h948-s-no-gm?authuser=2\",\"contentUrl\":\"https:\/\/lh3.googleusercontent.com\/pw\/AP1GczNQuL2x8Z8Djp85tUeOj-BSkFASf2VxAMgjAtn4ZM-RT2TYlfecHQ5h5cs5AzKBQiuxBnJGEE_v4jPmxKd4TolrYjDZNyQT2V56gTB_NuYJbviVV3AJdggDxsbMNkoeqGGY70fgtpQH0ag0TCDBfu1aSw=w1517-h948-s-no-gm?authuser=2\"},{\"@type\":\"BreadcrumbList\",\"@id\":\"https:\/\/sp13.mielec.pl\/?p=938#breadcrumb\",\"itemListElement\":[{\"@type\":\"ListItem\",\"position\":1,\"name\":\"Home\",\"item\":\"https:\/\/sp13.mielec.pl\/\"},{\"@type\":\"ListItem\",\"position\":2,\"name\":\"THE BIG CHALLENGE\"}]},{\"@type\":\"WebSite\",\"@id\":\"https:\/\/sp13.mielec.pl\/#website\",\"url\":\"https:\/\/sp13.mielec.pl\/\",\"name\":\"SZKO\u0141A PODSTAWOWA NR 13 W MIELCU\",\"description\":\"im. Jana Bytnara Rudego\",\"publisher\":{\"@id\":\"https:\/\/sp13.mielec.pl\/#organization\"},\"potentialAction\":[{\"@type\":\"SearchAction\",\"target\":{\"@type\":\"EntryPoint\",\"urlTemplate\":\"https:\/\/sp13.mielec.pl\/?s={search_term_string}\"},\"query-input\":{\"@type\":\"PropertyValueSpecification\",\"valueRequired\":true,\"valueName\":\"search_term_string\"}}],\"inLanguage\":\"pl-PL\"},{\"@type\":\"Organization\",\"@id\":\"https:\/\/sp13.mielec.pl\/#organization\",\"name\":\"SZKO\u0141A PODSTAWOWA NR 13 W MIELCU\",\"url\":\"https:\/\/sp13.mielec.pl\/\",\"logo\":{\"@type\":\"ImageObject\",\"inLanguage\":\"pl-PL\",\"@id\":\"https:\/\/sp13.mielec.pl\/#\/schema\/logo\/image\/\",\"url\":\"https:\/\/sp13.mielec.pl\/wp-content\/uploads\/2025\/09\/cropped-cropped-herb-szkoly-ezgif.com-resize-1.gif\",\"contentUrl\":\"https:\/\/sp13.mielec.pl\/wp-content\/uploads\/2025\/09\/cropped-cropped-herb-szkoly-ezgif.com-resize-1.gif\",\"width\":150,\"height\":150,\"caption\":\"SZKO\u0141A PODSTAWOWA NR 13 W MIELCU\"},\"image\":{\"@id\":\"https:\/\/sp13.mielec.pl\/#\/schema\/logo\/image\/\"},\"sameAs\":[\"https:\/\/www.facebook.com\/profile.php?id=100075648866324#\"]},{\"@type\":\"Person\",\"@id\":\"https:\/\/sp13.mielec.pl\/#\/schema\/person\/2989c58771a7ac215a1cfc4a80217749\",\"name\":\"admin\",\"image\":{\"@type\":\"ImageObject\",\"inLanguage\":\"pl-PL\",\"@id\":\"https:\/\/sp13.mielec.pl\/#\/schema\/person\/image\/\",\"url\":\"https:\/\/secure.gravatar.com\/avatar\/0bcae7b6c78740ebf93d8baa9f8db1cc7c98a1a17f4f0455cf5bd11ce783ef38?s=96&d=mm&r=g\",\"contentUrl\":\"https:\/\/secure.gravatar.com\/avatar\/0bcae7b6c78740ebf93d8baa9f8db1cc7c98a1a17f4f0455cf5bd11ce783ef38?s=96&d=mm&r=g\",\"caption\":\"admin\"},\"sameAs\":[\"http:\/\/gim4.home.pl\/autoinstalator\/wordpressplugins2\"],\"url\":\"https:\/\/sp13.mielec.pl\/?author=1\"}]}<\/script>\n<!-- \/ Yoast SEO plugin. -->","yoast_head_json":{"title":"THE BIG CHALLENGE - SZKO\u0141A PODSTAWOWA NR 13 W MIELCU","description":"Szko\u0142a Podstawowa nr 13 w Mielcu","robots":{"index":"index","follow":"follow","max-snippet":"max-snippet:-1","max-image-preview":"max-image-preview:large","max-video-preview":"max-video-preview:-1"},"canonical":"https:\/\/sp13.mielec.pl\/?p=938","og_locale":"pl_PL","og_type":"article","og_title":"THE BIG CHALLENGE - SZKO\u0141A PODSTAWOWA NR 13 W MIELCU","og_description":"Szko\u0142a Podstawowa nr 13 w Mielcu","og_url":"https:\/\/sp13.mielec.pl\/?p=938","og_site_name":"SZKO\u0141A PODSTAWOWA NR 13 W MIELCU","article_publisher":"https:\/\/www.facebook.com\/profile.php?id=100075648866324#","article_published_time":"2026-04-22T06:11:00+00:00","article_modified_time":"2026-04-22T06:11:02+00:00","og_image":[{"url":"https:\/\/lh3.googleusercontent.com\/pw\/AP1GczNQuL2x8Z8Djp85tUeOj-BSkFASf2VxAMgjAtn4ZM-RT2TYlfecHQ5h5cs5AzKBQiuxBnJGEE_v4jPmxKd4TolrYjDZNyQT2V56gTB_NuYJbviVV3AJdggDxsbMNkoeqGGY70fgtpQH0ag0TCDBfu1aSw=w1517-h948-s-no-gm?authuser=2","type":"","width":"","height":""}],"author":"admin","twitter_card":"summary_large_image","twitter_misc":{"Napisane przez":"admin","Szacowany czas czytania":"1 minuta"},"schema":{"@context":"https:\/\/schema.org","@graph":[{"@type":"Article","@id":"https:\/\/sp13.mielec.pl\/?p=938#article","isPartOf":{"@id":"https:\/\/sp13.mielec.pl\/?p=938"},"author":{"name":"admin","@id":"https:\/\/sp13.mielec.pl\/#\/schema\/person\/2989c58771a7ac215a1cfc4a80217749"},"headline":"THE BIG CHALLENGE","datePublished":"2026-04-22T06:11:00+00:00","dateModified":"2026-04-22T06:11:02+00:00","mainEntityOfPage":{"@id":"https:\/\/sp13.mielec.pl\/?p=938"},"wordCount":124,"publisher":{"@id":"https:\/\/sp13.mielec.pl\/#organization"},"image":{"@id":"https:\/\/sp13.mielec.pl\/?p=938#primaryimage"},"thumbnailUrl":"https:\/\/lh3.googleusercontent.com\/pw\/AP1GczNQuL2x8Z8Djp85tUeOj-BSkFASf2VxAMgjAtn4ZM-RT2TYlfecHQ5h5cs5AzKBQiuxBnJGEE_v4jPmxKd4TolrYjDZNyQT2V56gTB_NuYJbviVV3AJdggDxsbMNkoeqGGY70fgtpQH0ag0TCDBfu1aSw=w1517-h948-s-no-gm?authuser=2","inLanguage":"pl-PL"},{"@type":"WebPage","@id":"https:\/\/sp13.mielec.pl\/?p=938","url":"https:\/\/sp13.mielec.pl\/?p=938","name":"THE BIG CHALLENGE - SZKO\u0141A PODSTAWOWA NR 13 W MIELCU","isPartOf":{"@id":"https:\/\/sp13.mielec.pl\/#website"},"primaryImageOfPage":{"@id":"https:\/\/sp13.mielec.pl\/?p=938#primaryimage"},"image":{"@id":"https:\/\/sp13.mielec.pl\/?p=938#primaryimage"},"thumbnailUrl":"https:\/\/lh3.googleusercontent.com\/pw\/AP1GczNQuL2x8Z8Djp85tUeOj-BSkFASf2VxAMgjAtn4ZM-RT2TYlfecHQ5h5cs5AzKBQiuxBnJGEE_v4jPmxKd4TolrYjDZNyQT2V56gTB_NuYJbviVV3AJdggDxsbMNkoeqGGY70fgtpQH0ag0TCDBfu1aSw=w1517-h948-s-no-gm?authuser=2","datePublished":"2026-04-22T06:11:00+00:00","dateModified":"2026-04-22T06:11:02+00:00","description":"Szko\u0142a Podstawowa nr 13 w Mielcu","breadcrumb":{"@id":"https:\/\/sp13.mielec.pl\/?p=938#breadcrumb"},"inLanguage":"pl-PL","potentialAction":[{"@type":"ReadAction","target":["https:\/\/sp13.mielec.pl\/?p=938"]}]},{"@type":"ImageObject","inLanguage":"pl-PL","@id":"https:\/\/sp13.mielec.pl\/?p=938#primaryimage","url":"https:\/\/lh3.googleusercontent.com\/pw\/AP1GczNQuL2x8Z8Djp85tUeOj-BSkFASf2VxAMgjAtn4ZM-RT2TYlfecHQ5h5cs5AzKBQiuxBnJGEE_v4jPmxKd4TolrYjDZNyQT2V56gTB_NuYJbviVV3AJdggDxsbMNkoeqGGY70fgtpQH0ag0TCDBfu1aSw=w1517-h948-s-no-gm?authuser=2","contentUrl":"https:\/\/lh3.googleusercontent.com\/pw\/AP1GczNQuL2x8Z8Djp85tUeOj-BSkFASf2VxAMgjAtn4ZM-RT2TYlfecHQ5h5cs5AzKBQiuxBnJGEE_v4jPmxKd4TolrYjDZNyQT2V56gTB_NuYJbviVV3AJdggDxsbMNkoeqGGY70fgtpQH0ag0TCDBfu1aSw=w1517-h948-s-no-gm?authuser=2"},{"@type":"BreadcrumbList","@id":"https:\/\/sp13.mielec.pl\/?p=938#breadcrumb","itemListElement":[{"@type":"ListItem","position":1,"name":"Home","item":"https:\/\/sp13.mielec.pl\/"},{"@type":"ListItem","position":2,"name":"THE BIG CHALLENGE"}]},{"@type":"WebSite","@id":"https:\/\/sp13.mielec.pl\/#website","url":"https:\/\/sp13.mielec.pl\/","name":"SZKO\u0141A PODSTAWOWA NR 13 W MIELCU","description":"im. Jana Bytnara Rudego","publisher":{"@id":"https:\/\/sp13.mielec.pl\/#organization"},"potentialAction":[{"@type":"SearchAction","target":{"@type":"EntryPoint","urlTemplate":"https:\/\/sp13.mielec.pl\/?s={search_term_string}"},"query-input":{"@type":"PropertyValueSpecification","valueRequired":true,"valueName":"search_term_string"}}],"inLanguage":"pl-PL"},{"@type":"Organization","@id":"https:\/\/sp13.mielec.pl\/#organization","name":"SZKO\u0141A PODSTAWOWA NR 13 W MIELCU","url":"https:\/\/sp13.mielec.pl\/","logo":{"@type":"ImageObject","inLanguage":"pl-PL","@id":"https:\/\/sp13.mielec.pl\/#\/schema\/logo\/image\/","url":"https:\/\/sp13.mielec.pl\/wp-content\/uploads\/2025\/09\/cropped-cropped-herb-szkoly-ezgif.com-resize-1.gif","contentUrl":"https:\/\/sp13.mielec.pl\/wp-content\/uploads\/2025\/09\/cropped-cropped-herb-szkoly-ezgif.com-resize-1.gif","width":150,"height":150,"caption":"SZKO\u0141A PODSTAWOWA NR 13 W MIELCU"},"image":{"@id":"https:\/\/sp13.mielec.pl\/#\/schema\/logo\/image\/"},"sameAs":["https:\/\/www.facebook.com\/profile.php?id=100075648866324#"]},{"@type":"Person","@id":"https:\/\/sp13.mielec.pl\/#\/schema\/person\/2989c58771a7ac215a1cfc4a80217749","name":"admin","image":{"@type":"ImageObject","inLanguage":"pl-PL","@id":"https:\/\/sp13.mielec.pl\/#\/schema\/person\/image\/","url":"https:\/\/secure.gravatar.com\/avatar\/0bcae7b6c78740ebf93d8baa9f8db1cc7c98a1a17f4f0455cf5bd11ce783ef38?s=96&d=mm&r=g","contentUrl":"https:\/\/secure.gravatar.com\/avatar\/0bcae7b6c78740ebf93d8baa9f8db1cc7c98a1a17f4f0455cf5bd11ce783ef38?s=96&d=mm&r=g","caption":"admin"},"sameAs":["http:\/\/gim4.home.pl\/autoinstalator\/wordpressplugins2"],"url":"https:\/\/sp13.mielec.pl\/?author=1"}]}},"rttpg_featured_image_url":null,"rttpg_author":{"display_name":"admin","author_link":"https:\/\/sp13.mielec.pl\/?author=1"},"rttpg_comment":0,"rttpg_category":"<a href=\"https:\/\/sp13.mielec.pl\/?cat=1\" rel=\"category\">Bez kategorii<\/a>","rttpg_excerpt":"W dniach 13 do 17 kwietnia 2026 w naszej szkole odby\u0142 si\u0119 og\u00f3lnopolski konkurs j\u0119zyka angielskiego The Big Challenge, kt\u00f3ry cieszy\u0142 si\u0119 du\u017cym zainteresowaniem w\u015br\u00f3d uczni\u00f3w. Uczestnicy mieli okazj\u0119 sprawdzi\u0107 swoje umiej\u0119tno\u015bci j\u0119zykowe, rozwi\u0105zuj\u0105c zadania z zakresu s\u0142ownictwa, gramatyki oraz ...","_links":{"self":[{"href":"https:\/\/sp13.mielec.pl\/index.php?rest_route=\/wp\/v2\/posts\/938","targetHints":{"allow":["GET"]}}],"collection":[{"href":"https:\/\/sp13.mielec.pl\/index.php?rest_route=\/wp\/v2\/posts"}],"about":[{"href":"https:\/\/sp13.mielec.pl\/index.php?rest_route=\/wp\/v2\/types\/post"}],"author":[{"embeddable":true,"href":"https:\/\/sp13.mielec.pl\/index.php?rest_route=\/wp\/v2\/users\/1"}],"replies":[{"embeddable":true,"href":"https:\/\/sp13.mielec.pl\/index.php?rest_route=%2Fwp%2Fv2%2Fcomments&post=938"}],"version-history":[{"count":1,"href":"https:\/\/sp13.mielec.pl\/index.php?rest_route=\/wp\/v2\/posts\/938\/revisions"}],"predecessor-version":[{"id":939,"href":"https:\/\/sp13.mielec.pl\/index.php?rest_route=\/wp\/v2\/posts\/938\/revisions\/939"}],"wp:attachment":[{"href":"https:\/\/sp13.mielec.pl\/index.php?rest_route=%2Fwp%2Fv2%2Fmedia&parent=938"}],"wp:term":[{"taxonomy":"category","embeddable":true,"href":"https:\/\/sp13.mielec.pl\/index.php?rest_route=%2Fwp%2Fv2%2Fcategories&post=938"},{"taxonomy":"post_tag","embeddable":true,"href":"https:\/\/sp13.mielec.pl\/index.php?rest_route=%2Fwp%2Fv2%2Ftags&post=938"}],"curies":[{"name":"wp","href":"https:\/\/api.w.org\/{rel}","templated":true}]}}