{"id":878,"date":"2026-03-04T11:48:30","date_gmt":"2026-03-04T10:48:30","guid":{"rendered":"https:\/\/sp13.mielec.pl\/?p=878"},"modified":"2026-03-10T11:50:57","modified_gmt":"2026-03-10T10:50:57","slug":"szachowe-pierwsze-kroki-przedszkolakow-w-sp13-w-mielcu","status":"publish","type":"post","link":"https:\/\/sp13.mielec.pl\/?p=878","title":{"rendered":"Szachowe pierwsze kroki przedszkolak\u00f3w w SP13 w Mielcu"},"content":{"rendered":"\n<figure class=\"wp-block-image size-large\"><img decoding=\"async\" src=\"https:\/\/lh3.googleusercontent.com\/pw\/AP1GczPyjBa671SAJKiToXLHRZcH0E4cA4cfAU8Pc7JOwLzjkzO_NbxAjrtvBb3cHZIe84uEXFCpd8tSDLEkUrMwixLZ5z2ldey28U7VtSlSmjcTA0AuqaGjzSURYj3pAV5gUoJ2FzioQI0qMmwK4K7M2Tadjw=w1685-h1264-s-no-gm?authuser=2\" alt=\"\"\/><\/figure>\n\n\n\n<p>Przedszkolaki odwiedzi\u0142y Szko\u0142\u0119 Podstawow\u0105 nr 13 w Mielcu, aby pozna\u0107 podstawy kr\u00f3lewskiej gry \u2013 szach\u00f3w. Zaj\u0119cia by\u0142y pe\u0142ne emocji, pierwszych partii oraz zada\u0144 rozwijaj\u0105cych logiczne my\u015blenie.<\/p>\n\n\n\n<p>W Szkole Podstawowej nr 13 w Mielcu odby\u0142a si\u0119 wyj\u0105tkowa lekcja szach\u00f3w dla dzieci z przedszkola. Najm\u0142odsi mieli okazj\u0119 pozna\u0107 figury szachowe, dowiedzie\u0107 si\u0119, jak poruszaj\u0105 si\u0119 po szachownicy oraz spr\u00f3bowa\u0107 swoich si\u0142 w pierwszych partiach.<\/p>\n\n\n\n<p>Du\u017c\u0105 atrakcj\u0105 by\u0142a r\u00f3wnie\u017c nauka przy interaktywnym ekranie, gdzie dzieci rozwi\u0105zywa\u0142y proste zadania szachowe rozwijaj\u0105ce spostrzegawczo\u015b\u0107, koncentracj\u0119 i umiej\u0119tno\u015b\u0107 planowania.<\/p>\n\n\n\n<p>Zaj\u0119cia poprowadzi\u0142 mgr Robert Karnasiewicz, kt\u00f3ry na co dzie\u0144 prowadzi zaj\u0119cia szachowe w naszej szkole. Podczas spotkania zach\u0119ca\u0142 dzieci do rozwijania swoich zainteresowa\u0144 oraz zaprasza\u0142 do nauki w klasie pierwszej sportowej w Szkole Podstawowej nr 13 w Mielcu.<\/p>\n\n\n\n<p>Dzi\u0119kujemy paniom z przedszkola za wsp\u00f3ln\u0105 wizyt\u0119 i wspania\u0142\u0105 atmosfer\u0119 podczas zaj\u0119\u0107.<\/p>\n\n\n\n<p>Mamy nadziej\u0119, \u017ce dla wielu dzieci by\u0142o to pierwsze spotkanie z szachami, kt\u00f3re stanie si\u0119 pocz\u0105tkiem pi\u0119knej przygody z t\u0105 kr\u00f3lewsk\u0105 gr\u0105.<\/p>\n\n\n\n<p><a href=\"https:\/\/photos.app.goo.gl\/6jhTpwN3G2WaFZBn7\">https:\/\/photos.app.goo.gl\/6jhTpwN3G2WaFZBn7<\/a><\/p>\n","protected":false},"excerpt":{"rendered":"<p>Przedszkolaki odwiedzi\u0142y Szko\u0142\u0119 Podstawow\u0105 nr 13 w Mielcu, aby pozna\u0107 podstawy kr\u00f3lewskiej gry \u2013 szach\u00f3w. Zaj\u0119cia by\u0142y pe\u0142ne emocji, pierwszych partii oraz zada\u0144 rozwijaj\u0105cych logiczne my\u015blenie. W Szkole Podstawowej nr 13 w Mielcu odby\u0142a si\u0119 wyj\u0105tkowa lekcja szach\u00f3w dla dzieci <a href=\"https:\/\/sp13.mielec.pl\/?p=878\" class=\"read-more\">&#8230;<\/a><\/p>\n","protected":false},"author":1,"featured_media":0,"comment_status":"closed","ping_status":"closed","sticky":false,"template":"","format":"standard","meta":{"_themeisle_gutenberg_block_has_review":false,"footnotes":""},"categories":[1],"tags":[],"class_list":["post-878","post","type-post","status-publish","format-standard","hentry","category-bez-kategorii"],"yoast_head":"<!-- This site is optimized with the Yoast SEO plugin v25.9 - https:\/\/yoast.com\/wordpress\/plugins\/seo\/ -->\n<title>Szachowe pierwsze kroki przedszkolak\u00f3w w SP13 w Mielcu - SZKO\u0141A PODSTAWOWA NR 13 W MIELCU<\/title>\n<meta name=\"description\" content=\"Szko\u0142a Podstawowa nr 13 w Mielcu\" \/>\n<meta name=\"robots\" content=\"index, follow, max-snippet:-1, max-image-preview:large, max-video-preview:-1\" \/>\n<link rel=\"canonical\" href=\"https:\/\/sp13.mielec.pl\/?p=878\" \/>\n<meta property=\"og:locale\" content=\"pl_PL\" \/>\n<meta property=\"og:type\" content=\"article\" \/>\n<meta property=\"og:title\" content=\"Szachowe pierwsze kroki przedszkolak\u00f3w w SP13 w Mielcu - SZKO\u0141A PODSTAWOWA NR 13 W MIELCU\" \/>\n<meta property=\"og:description\" content=\"Szko\u0142a Podstawowa nr 13 w Mielcu\" \/>\n<meta property=\"og:url\" content=\"https:\/\/sp13.mielec.pl\/?p=878\" \/>\n<meta property=\"og:site_name\" content=\"SZKO\u0141A PODSTAWOWA NR 13 W MIELCU\" \/>\n<meta property=\"article:publisher\" content=\"https:\/\/www.facebook.com\/profile.php?id=100075648866324#\" \/>\n<meta property=\"article:published_time\" content=\"2026-03-04T10:48:30+00:00\" \/>\n<meta property=\"article:modified_time\" content=\"2026-03-10T10:50:57+00:00\" \/>\n<meta property=\"og:image\" content=\"https:\/\/lh3.googleusercontent.com\/pw\/AP1GczPyjBa671SAJKiToXLHRZcH0E4cA4cfAU8Pc7JOwLzjkzO_NbxAjrtvBb3cHZIe84uEXFCpd8tSDLEkUrMwixLZ5z2ldey28U7VtSlSmjcTA0AuqaGjzSURYj3pAV5gUoJ2FzioQI0qMmwK4K7M2Tadjw=w1685-h1264-s-no-gm?authuser=2\" \/>\n<meta name=\"author\" content=\"admin\" \/>\n<meta name=\"twitter:card\" content=\"summary_large_image\" \/>\n<meta name=\"twitter:label1\" content=\"Napisane przez\" \/>\n\t<meta name=\"twitter:data1\" content=\"admin\" \/>\n\t<meta name=\"twitter:label2\" content=\"Szacowany czas czytania\" \/>\n\t<meta name=\"twitter:data2\" content=\"2 minuty\" \/>\n<script type=\"application\/ld+json\" class=\"yoast-schema-graph\">{\"@context\":\"https:\/\/schema.org\",\"@graph\":[{\"@type\":\"Article\",\"@id\":\"https:\/\/sp13.mielec.pl\/?p=878#article\",\"isPartOf\":{\"@id\":\"https:\/\/sp13.mielec.pl\/?p=878\"},\"author\":{\"name\":\"admin\",\"@id\":\"https:\/\/sp13.mielec.pl\/#\/schema\/person\/2989c58771a7ac215a1cfc4a80217749\"},\"headline\":\"Szachowe pierwsze kroki przedszkolak\u00f3w w SP13 w Mielcu\",\"datePublished\":\"2026-03-04T10:48:30+00:00\",\"dateModified\":\"2026-03-10T10:50:57+00:00\",\"mainEntityOfPage\":{\"@id\":\"https:\/\/sp13.mielec.pl\/?p=878\"},\"wordCount\":197,\"publisher\":{\"@id\":\"https:\/\/sp13.mielec.pl\/#organization\"},\"image\":{\"@id\":\"https:\/\/sp13.mielec.pl\/?p=878#primaryimage\"},\"thumbnailUrl\":\"https:\/\/lh3.googleusercontent.com\/pw\/AP1GczPyjBa671SAJKiToXLHRZcH0E4cA4cfAU8Pc7JOwLzjkzO_NbxAjrtvBb3cHZIe84uEXFCpd8tSDLEkUrMwixLZ5z2ldey28U7VtSlSmjcTA0AuqaGjzSURYj3pAV5gUoJ2FzioQI0qMmwK4K7M2Tadjw=w1685-h1264-s-no-gm?authuser=2\",\"inLanguage\":\"pl-PL\"},{\"@type\":\"WebPage\",\"@id\":\"https:\/\/sp13.mielec.pl\/?p=878\",\"url\":\"https:\/\/sp13.mielec.pl\/?p=878\",\"name\":\"Szachowe pierwsze kroki przedszkolak\u00f3w w SP13 w Mielcu - SZKO\u0141A PODSTAWOWA NR 13 W MIELCU\",\"isPartOf\":{\"@id\":\"https:\/\/sp13.mielec.pl\/#website\"},\"primaryImageOfPage\":{\"@id\":\"https:\/\/sp13.mielec.pl\/?p=878#primaryimage\"},\"image\":{\"@id\":\"https:\/\/sp13.mielec.pl\/?p=878#primaryimage\"},\"thumbnailUrl\":\"https:\/\/lh3.googleusercontent.com\/pw\/AP1GczPyjBa671SAJKiToXLHRZcH0E4cA4cfAU8Pc7JOwLzjkzO_NbxAjrtvBb3cHZIe84uEXFCpd8tSDLEkUrMwixLZ5z2ldey28U7VtSlSmjcTA0AuqaGjzSURYj3pAV5gUoJ2FzioQI0qMmwK4K7M2Tadjw=w1685-h1264-s-no-gm?authuser=2\",\"datePublished\":\"2026-03-04T10:48:30+00:00\",\"dateModified\":\"2026-03-10T10:50:57+00:00\",\"description\":\"Szko\u0142a Podstawowa nr 13 w Mielcu\",\"breadcrumb\":{\"@id\":\"https:\/\/sp13.mielec.pl\/?p=878#breadcrumb\"},\"inLanguage\":\"pl-PL\",\"potentialAction\":[{\"@type\":\"ReadAction\",\"target\":[\"https:\/\/sp13.mielec.pl\/?p=878\"]}]},{\"@type\":\"ImageObject\",\"inLanguage\":\"pl-PL\",\"@id\":\"https:\/\/sp13.mielec.pl\/?p=878#primaryimage\",\"url\":\"https:\/\/lh3.googleusercontent.com\/pw\/AP1GczPyjBa671SAJKiToXLHRZcH0E4cA4cfAU8Pc7JOwLzjkzO_NbxAjrtvBb3cHZIe84uEXFCpd8tSDLEkUrMwixLZ5z2ldey28U7VtSlSmjcTA0AuqaGjzSURYj3pAV5gUoJ2FzioQI0qMmwK4K7M2Tadjw=w1685-h1264-s-no-gm?authuser=2\",\"contentUrl\":\"https:\/\/lh3.googleusercontent.com\/pw\/AP1GczPyjBa671SAJKiToXLHRZcH0E4cA4cfAU8Pc7JOwLzjkzO_NbxAjrtvBb3cHZIe84uEXFCpd8tSDLEkUrMwixLZ5z2ldey28U7VtSlSmjcTA0AuqaGjzSURYj3pAV5gUoJ2FzioQI0qMmwK4K7M2Tadjw=w1685-h1264-s-no-gm?authuser=2\"},{\"@type\":\"BreadcrumbList\",\"@id\":\"https:\/\/sp13.mielec.pl\/?p=878#breadcrumb\",\"itemListElement\":[{\"@type\":\"ListItem\",\"position\":1,\"name\":\"Home\",\"item\":\"https:\/\/sp13.mielec.pl\/\"},{\"@type\":\"ListItem\",\"position\":2,\"name\":\"Szachowe pierwsze kroki przedszkolak\u00f3w w SP13 w Mielcu\"}]},{\"@type\":\"WebSite\",\"@id\":\"https:\/\/sp13.mielec.pl\/#website\",\"url\":\"https:\/\/sp13.mielec.pl\/\",\"name\":\"SZKO\u0141A PODSTAWOWA NR 13 W MIELCU\",\"description\":\"im. Jana Bytnara Rudego\",\"publisher\":{\"@id\":\"https:\/\/sp13.mielec.pl\/#organization\"},\"potentialAction\":[{\"@type\":\"SearchAction\",\"target\":{\"@type\":\"EntryPoint\",\"urlTemplate\":\"https:\/\/sp13.mielec.pl\/?s={search_term_string}\"},\"query-input\":{\"@type\":\"PropertyValueSpecification\",\"valueRequired\":true,\"valueName\":\"search_term_string\"}}],\"inLanguage\":\"pl-PL\"},{\"@type\":\"Organization\",\"@id\":\"https:\/\/sp13.mielec.pl\/#organization\",\"name\":\"SZKO\u0141A PODSTAWOWA NR 13 W MIELCU\",\"url\":\"https:\/\/sp13.mielec.pl\/\",\"logo\":{\"@type\":\"ImageObject\",\"inLanguage\":\"pl-PL\",\"@id\":\"https:\/\/sp13.mielec.pl\/#\/schema\/logo\/image\/\",\"url\":\"https:\/\/sp13.mielec.pl\/wp-content\/uploads\/2025\/09\/cropped-cropped-herb-szkoly-ezgif.com-resize-1.gif\",\"contentUrl\":\"https:\/\/sp13.mielec.pl\/wp-content\/uploads\/2025\/09\/cropped-cropped-herb-szkoly-ezgif.com-resize-1.gif\",\"width\":150,\"height\":150,\"caption\":\"SZKO\u0141A PODSTAWOWA NR 13 W MIELCU\"},\"image\":{\"@id\":\"https:\/\/sp13.mielec.pl\/#\/schema\/logo\/image\/\"},\"sameAs\":[\"https:\/\/www.facebook.com\/profile.php?id=100075648866324#\"]},{\"@type\":\"Person\",\"@id\":\"https:\/\/sp13.mielec.pl\/#\/schema\/person\/2989c58771a7ac215a1cfc4a80217749\",\"name\":\"admin\",\"image\":{\"@type\":\"ImageObject\",\"inLanguage\":\"pl-PL\",\"@id\":\"https:\/\/sp13.mielec.pl\/#\/schema\/person\/image\/\",\"url\":\"https:\/\/secure.gravatar.com\/avatar\/0bcae7b6c78740ebf93d8baa9f8db1cc7c98a1a17f4f0455cf5bd11ce783ef38?s=96&d=mm&r=g\",\"contentUrl\":\"https:\/\/secure.gravatar.com\/avatar\/0bcae7b6c78740ebf93d8baa9f8db1cc7c98a1a17f4f0455cf5bd11ce783ef38?s=96&d=mm&r=g\",\"caption\":\"admin\"},\"sameAs\":[\"http:\/\/gim4.home.pl\/autoinstalator\/wordpressplugins2\"],\"url\":\"https:\/\/sp13.mielec.pl\/?author=1\"}]}<\/script>\n<!-- \/ Yoast SEO plugin. -->","yoast_head_json":{"title":"Szachowe pierwsze kroki przedszkolak\u00f3w w SP13 w Mielcu - SZKO\u0141A PODSTAWOWA NR 13 W MIELCU","description":"Szko\u0142a Podstawowa nr 13 w Mielcu","robots":{"index":"index","follow":"follow","max-snippet":"max-snippet:-1","max-image-preview":"max-image-preview:large","max-video-preview":"max-video-preview:-1"},"canonical":"https:\/\/sp13.mielec.pl\/?p=878","og_locale":"pl_PL","og_type":"article","og_title":"Szachowe pierwsze kroki przedszkolak\u00f3w w SP13 w Mielcu - SZKO\u0141A PODSTAWOWA NR 13 W MIELCU","og_description":"Szko\u0142a Podstawowa nr 13 w Mielcu","og_url":"https:\/\/sp13.mielec.pl\/?p=878","og_site_name":"SZKO\u0141A PODSTAWOWA NR 13 W MIELCU","article_publisher":"https:\/\/www.facebook.com\/profile.php?id=100075648866324#","article_published_time":"2026-03-04T10:48:30+00:00","article_modified_time":"2026-03-10T10:50:57+00:00","og_image":[{"url":"https:\/\/lh3.googleusercontent.com\/pw\/AP1GczPyjBa671SAJKiToXLHRZcH0E4cA4cfAU8Pc7JOwLzjkzO_NbxAjrtvBb3cHZIe84uEXFCpd8tSDLEkUrMwixLZ5z2ldey28U7VtSlSmjcTA0AuqaGjzSURYj3pAV5gUoJ2FzioQI0qMmwK4K7M2Tadjw=w1685-h1264-s-no-gm?authuser=2","type":"","width":"","height":""}],"author":"admin","twitter_card":"summary_large_image","twitter_misc":{"Napisane przez":"admin","Szacowany czas czytania":"2 minuty"},"schema":{"@context":"https:\/\/schema.org","@graph":[{"@type":"Article","@id":"https:\/\/sp13.mielec.pl\/?p=878#article","isPartOf":{"@id":"https:\/\/sp13.mielec.pl\/?p=878"},"author":{"name":"admin","@id":"https:\/\/sp13.mielec.pl\/#\/schema\/person\/2989c58771a7ac215a1cfc4a80217749"},"headline":"Szachowe pierwsze kroki przedszkolak\u00f3w w SP13 w Mielcu","datePublished":"2026-03-04T10:48:30+00:00","dateModified":"2026-03-10T10:50:57+00:00","mainEntityOfPage":{"@id":"https:\/\/sp13.mielec.pl\/?p=878"},"wordCount":197,"publisher":{"@id":"https:\/\/sp13.mielec.pl\/#organization"},"image":{"@id":"https:\/\/sp13.mielec.pl\/?p=878#primaryimage"},"thumbnailUrl":"https:\/\/lh3.googleusercontent.com\/pw\/AP1GczPyjBa671SAJKiToXLHRZcH0E4cA4cfAU8Pc7JOwLzjkzO_NbxAjrtvBb3cHZIe84uEXFCpd8tSDLEkUrMwixLZ5z2ldey28U7VtSlSmjcTA0AuqaGjzSURYj3pAV5gUoJ2FzioQI0qMmwK4K7M2Tadjw=w1685-h1264-s-no-gm?authuser=2","inLanguage":"pl-PL"},{"@type":"WebPage","@id":"https:\/\/sp13.mielec.pl\/?p=878","url":"https:\/\/sp13.mielec.pl\/?p=878","name":"Szachowe pierwsze kroki przedszkolak\u00f3w w SP13 w Mielcu - SZKO\u0141A PODSTAWOWA NR 13 W MIELCU","isPartOf":{"@id":"https:\/\/sp13.mielec.pl\/#website"},"primaryImageOfPage":{"@id":"https:\/\/sp13.mielec.pl\/?p=878#primaryimage"},"image":{"@id":"https:\/\/sp13.mielec.pl\/?p=878#primaryimage"},"thumbnailUrl":"https:\/\/lh3.googleusercontent.com\/pw\/AP1GczPyjBa671SAJKiToXLHRZcH0E4cA4cfAU8Pc7JOwLzjkzO_NbxAjrtvBb3cHZIe84uEXFCpd8tSDLEkUrMwixLZ5z2ldey28U7VtSlSmjcTA0AuqaGjzSURYj3pAV5gUoJ2FzioQI0qMmwK4K7M2Tadjw=w1685-h1264-s-no-gm?authuser=2","datePublished":"2026-03-04T10:48:30+00:00","dateModified":"2026-03-10T10:50:57+00:00","description":"Szko\u0142a Podstawowa nr 13 w Mielcu","breadcrumb":{"@id":"https:\/\/sp13.mielec.pl\/?p=878#breadcrumb"},"inLanguage":"pl-PL","potentialAction":[{"@type":"ReadAction","target":["https:\/\/sp13.mielec.pl\/?p=878"]}]},{"@type":"ImageObject","inLanguage":"pl-PL","@id":"https:\/\/sp13.mielec.pl\/?p=878#primaryimage","url":"https:\/\/lh3.googleusercontent.com\/pw\/AP1GczPyjBa671SAJKiToXLHRZcH0E4cA4cfAU8Pc7JOwLzjkzO_NbxAjrtvBb3cHZIe84uEXFCpd8tSDLEkUrMwixLZ5z2ldey28U7VtSlSmjcTA0AuqaGjzSURYj3pAV5gUoJ2FzioQI0qMmwK4K7M2Tadjw=w1685-h1264-s-no-gm?authuser=2","contentUrl":"https:\/\/lh3.googleusercontent.com\/pw\/AP1GczPyjBa671SAJKiToXLHRZcH0E4cA4cfAU8Pc7JOwLzjkzO_NbxAjrtvBb3cHZIe84uEXFCpd8tSDLEkUrMwixLZ5z2ldey28U7VtSlSmjcTA0AuqaGjzSURYj3pAV5gUoJ2FzioQI0qMmwK4K7M2Tadjw=w1685-h1264-s-no-gm?authuser=2"},{"@type":"BreadcrumbList","@id":"https:\/\/sp13.mielec.pl\/?p=878#breadcrumb","itemListElement":[{"@type":"ListItem","position":1,"name":"Home","item":"https:\/\/sp13.mielec.pl\/"},{"@type":"ListItem","position":2,"name":"Szachowe pierwsze kroki przedszkolak\u00f3w w SP13 w Mielcu"}]},{"@type":"WebSite","@id":"https:\/\/sp13.mielec.pl\/#website","url":"https:\/\/sp13.mielec.pl\/","name":"SZKO\u0141A PODSTAWOWA NR 13 W MIELCU","description":"im. Jana Bytnara Rudego","publisher":{"@id":"https:\/\/sp13.mielec.pl\/#organization"},"potentialAction":[{"@type":"SearchAction","target":{"@type":"EntryPoint","urlTemplate":"https:\/\/sp13.mielec.pl\/?s={search_term_string}"},"query-input":{"@type":"PropertyValueSpecification","valueRequired":true,"valueName":"search_term_string"}}],"inLanguage":"pl-PL"},{"@type":"Organization","@id":"https:\/\/sp13.mielec.pl\/#organization","name":"SZKO\u0141A PODSTAWOWA NR 13 W MIELCU","url":"https:\/\/sp13.mielec.pl\/","logo":{"@type":"ImageObject","inLanguage":"pl-PL","@id":"https:\/\/sp13.mielec.pl\/#\/schema\/logo\/image\/","url":"https:\/\/sp13.mielec.pl\/wp-content\/uploads\/2025\/09\/cropped-cropped-herb-szkoly-ezgif.com-resize-1.gif","contentUrl":"https:\/\/sp13.mielec.pl\/wp-content\/uploads\/2025\/09\/cropped-cropped-herb-szkoly-ezgif.com-resize-1.gif","width":150,"height":150,"caption":"SZKO\u0141A PODSTAWOWA NR 13 W MIELCU"},"image":{"@id":"https:\/\/sp13.mielec.pl\/#\/schema\/logo\/image\/"},"sameAs":["https:\/\/www.facebook.com\/profile.php?id=100075648866324#"]},{"@type":"Person","@id":"https:\/\/sp13.mielec.pl\/#\/schema\/person\/2989c58771a7ac215a1cfc4a80217749","name":"admin","image":{"@type":"ImageObject","inLanguage":"pl-PL","@id":"https:\/\/sp13.mielec.pl\/#\/schema\/person\/image\/","url":"https:\/\/secure.gravatar.com\/avatar\/0bcae7b6c78740ebf93d8baa9f8db1cc7c98a1a17f4f0455cf5bd11ce783ef38?s=96&d=mm&r=g","contentUrl":"https:\/\/secure.gravatar.com\/avatar\/0bcae7b6c78740ebf93d8baa9f8db1cc7c98a1a17f4f0455cf5bd11ce783ef38?s=96&d=mm&r=g","caption":"admin"},"sameAs":["http:\/\/gim4.home.pl\/autoinstalator\/wordpressplugins2"],"url":"https:\/\/sp13.mielec.pl\/?author=1"}]}},"rttpg_featured_image_url":null,"rttpg_author":{"display_name":"admin","author_link":"https:\/\/sp13.mielec.pl\/?author=1"},"rttpg_comment":0,"rttpg_category":"<a href=\"https:\/\/sp13.mielec.pl\/?cat=1\" rel=\"category\">Bez kategorii<\/a>","rttpg_excerpt":"Przedszkolaki odwiedzi\u0142y Szko\u0142\u0119 Podstawow\u0105 nr 13 w Mielcu, aby pozna\u0107 podstawy kr\u00f3lewskiej gry \u2013 szach\u00f3w. Zaj\u0119cia by\u0142y pe\u0142ne emocji, pierwszych partii oraz zada\u0144 rozwijaj\u0105cych logiczne my\u015blenie. W Szkole Podstawowej nr 13 w Mielcu odby\u0142a si\u0119 wyj\u0105tkowa lekcja szach\u00f3w dla dzieci ...","_links":{"self":[{"href":"https:\/\/sp13.mielec.pl\/index.php?rest_route=\/wp\/v2\/posts\/878","targetHints":{"allow":["GET"]}}],"collection":[{"href":"https:\/\/sp13.mielec.pl\/index.php?rest_route=\/wp\/v2\/posts"}],"about":[{"href":"https:\/\/sp13.mielec.pl\/index.php?rest_route=\/wp\/v2\/types\/post"}],"author":[{"embeddable":true,"href":"https:\/\/sp13.mielec.pl\/index.php?rest_route=\/wp\/v2\/users\/1"}],"replies":[{"embeddable":true,"href":"https:\/\/sp13.mielec.pl\/index.php?rest_route=%2Fwp%2Fv2%2Fcomments&post=878"}],"version-history":[{"count":2,"href":"https:\/\/sp13.mielec.pl\/index.php?rest_route=\/wp\/v2\/posts\/878\/revisions"}],"predecessor-version":[{"id":882,"href":"https:\/\/sp13.mielec.pl\/index.php?rest_route=\/wp\/v2\/posts\/878\/revisions\/882"}],"wp:attachment":[{"href":"https:\/\/sp13.mielec.pl\/index.php?rest_route=%2Fwp%2Fv2%2Fmedia&parent=878"}],"wp:term":[{"taxonomy":"category","embeddable":true,"href":"https:\/\/sp13.mielec.pl\/index.php?rest_route=%2Fwp%2Fv2%2Fcategories&post=878"},{"taxonomy":"post_tag","embeddable":true,"href":"https:\/\/sp13.mielec.pl\/index.php?rest_route=%2Fwp%2Fv2%2Ftags&post=878"}],"curies":[{"name":"wp","href":"https:\/\/api.w.org\/{rel}","templated":true}]}}