{"id":833,"date":"2026-01-27T08:20:39","date_gmt":"2026-01-27T07:20:39","guid":{"rendered":"https:\/\/sp13.mielec.pl\/?p=833"},"modified":"2026-01-27T08:20:40","modified_gmt":"2026-01-27T07:20:40","slug":"spotkanie-profilaktyczne-z-policjantka","status":"publish","type":"post","link":"https:\/\/sp13.mielec.pl\/?p=833","title":{"rendered":"SPOTKANIE PROFILAKTYCZNE Z POLICJANTK\u0104"},"content":{"rendered":"\n<figure class=\"wp-block-image size-large\"><img decoding=\"async\" src=\"https:\/\/lh3.googleusercontent.com\/pw\/AP1GczMB0R5qyVlEopdNIc2hjH-XGirSn64l0B0ZV1joG25tQUWQrI8xfbzO7frIkZ3GZYtTizZSJUOk529C-6KlisEon56ruH_bHW33H0uGknUFcR2DvUk6v6wSxcKqb1ombR2QRmmGX9P4esDaeazyyge6HA=w1264-h948-s-no-gm?authuser=2\" alt=\"\"\/><\/figure>\n\n\n\n<p>W dniu 21 stycznia 2026 r. przeprowadzono zaj\u0119cia profilaktyczno -informacyjne pt. ,,Stop agresji i przemocy r\u00f3wie\u015bniczej&#8221;, kt\u00f3re zosta\u0142y zrealizowane przez Pani\u0105 Funkcjonariusz Komendy Powiatowej Policji w Mielcu z Wydzia\u0142u Profilaktyki Spo\u0142ecznej, Nieletnich i Patologii.<\/p>\n\n\n\n<p>Zaj\u0119cia skierowane by\u0142y do uczni\u00f3w i mia\u0142y na celu u\u015bwiadomienie dzieciom i m\u0142odzie\u017cy konsekwencji prawnych oraz odpowiedzialno\u015bci za wszelkie zachowania niezgodne z obowi\u0105zuj\u0105cym prawem, w szczeg\u00f3lno\u015bci te, kt\u00f3re zagra\u017caj\u0105 innym osobom lub s\u0105 skierowane przeciwko nim.<\/p>\n\n\n\n<p>Pani Funkcjonariusz om\u00f3wi\u0142a zagadnienia zwi\u0105zane z agresj\u0105, przemoc\u0105 r\u00f3wie\u015bnicz\u0105, cyberprzemoc\u0105 oraz mo\u017cliwymi skutkami takich dzia\u0142a\u0144 -zar\u00f3wno prawnymi , jak i spo\u0142ecznymi.<\/p>\n\n\n\n<p>Podczas spotkania uczniowie mieli mo\u017cliwo\u015b\u0107 zadawania pyta\u0144 oraz aktywnego udzia\u0142u w dyskusji.<\/p>\n\n\n\n<p>Zaj\u0119cia przyczyni\u0142y si\u0119 do zwi\u0119kszenia \u015bwiadomo\u015bci uczni\u00f3w w zakresie bezpiecznych zachowa\u0144 oraz odpowiedzialno\u015bci za w\u0142asne czyny.<\/p>\n\n\n\n<p><a href=\"https:\/\/photos.app.goo.gl\/fYb7ZtXZEwZiosqm6\">https:\/\/photos.app.goo.gl\/fYb7ZtXZEwZiosqm6<\/a><\/p>\n","protected":false},"excerpt":{"rendered":"<p>W dniu 21 stycznia 2026 r. przeprowadzono zaj\u0119cia profilaktyczno -informacyjne pt. ,,Stop agresji i przemocy r\u00f3wie\u015bniczej&#8221;, kt\u00f3re zosta\u0142y zrealizowane przez Pani\u0105 Funkcjonariusz Komendy Powiatowej Policji w Mielcu z Wydzia\u0142u Profilaktyki Spo\u0142ecznej, Nieletnich i Patologii. Zaj\u0119cia skierowane by\u0142y do uczni\u00f3w i <a href=\"https:\/\/sp13.mielec.pl\/?p=833\" class=\"read-more\">&#8230;<\/a><\/p>\n","protected":false},"author":1,"featured_media":0,"comment_status":"closed","ping_status":"closed","sticky":false,"template":"","format":"standard","meta":{"_themeisle_gutenberg_block_has_review":false,"footnotes":""},"categories":[1],"tags":[],"class_list":["post-833","post","type-post","status-publish","format-standard","hentry","category-bez-kategorii"],"yoast_head":"<!-- This site is optimized with the Yoast SEO plugin v25.9 - https:\/\/yoast.com\/wordpress\/plugins\/seo\/ -->\n<title>SPOTKANIE PROFILAKTYCZNE Z POLICJANTK\u0104 - SZKO\u0141A PODSTAWOWA NR 13 W MIELCU<\/title>\n<meta name=\"description\" content=\"Szko\u0142a Podstawowa nr 13 w Mielcu\" \/>\n<meta name=\"robots\" content=\"index, follow, max-snippet:-1, max-image-preview:large, max-video-preview:-1\" \/>\n<link rel=\"canonical\" href=\"https:\/\/sp13.mielec.pl\/?p=833\" \/>\n<meta property=\"og:locale\" content=\"pl_PL\" \/>\n<meta property=\"og:type\" content=\"article\" \/>\n<meta property=\"og:title\" content=\"SPOTKANIE PROFILAKTYCZNE Z POLICJANTK\u0104 - SZKO\u0141A PODSTAWOWA NR 13 W MIELCU\" \/>\n<meta property=\"og:description\" content=\"Szko\u0142a Podstawowa nr 13 w Mielcu\" \/>\n<meta property=\"og:url\" content=\"https:\/\/sp13.mielec.pl\/?p=833\" \/>\n<meta property=\"og:site_name\" content=\"SZKO\u0141A PODSTAWOWA NR 13 W MIELCU\" \/>\n<meta property=\"article:publisher\" content=\"https:\/\/www.facebook.com\/profile.php?id=100075648866324#\" \/>\n<meta property=\"article:published_time\" content=\"2026-01-27T07:20:39+00:00\" \/>\n<meta property=\"article:modified_time\" content=\"2026-01-27T07:20:40+00:00\" \/>\n<meta property=\"og:image\" content=\"https:\/\/lh3.googleusercontent.com\/pw\/AP1GczMB0R5qyVlEopdNIc2hjH-XGirSn64l0B0ZV1joG25tQUWQrI8xfbzO7frIkZ3GZYtTizZSJUOk529C-6KlisEon56ruH_bHW33H0uGknUFcR2DvUk6v6wSxcKqb1ombR2QRmmGX9P4esDaeazyyge6HA=w1264-h948-s-no-gm?authuser=2\" \/>\n<meta name=\"author\" content=\"admin\" \/>\n<meta name=\"twitter:card\" content=\"summary_large_image\" \/>\n<meta name=\"twitter:label1\" content=\"Napisane przez\" \/>\n\t<meta name=\"twitter:data1\" content=\"admin\" \/>\n\t<meta name=\"twitter:label2\" content=\"Szacowany czas czytania\" \/>\n\t<meta name=\"twitter:data2\" content=\"1 minuta\" \/>\n<script type=\"application\/ld+json\" class=\"yoast-schema-graph\">{\"@context\":\"https:\/\/schema.org\",\"@graph\":[{\"@type\":\"Article\",\"@id\":\"https:\/\/sp13.mielec.pl\/?p=833#article\",\"isPartOf\":{\"@id\":\"https:\/\/sp13.mielec.pl\/?p=833\"},\"author\":{\"name\":\"admin\",\"@id\":\"https:\/\/sp13.mielec.pl\/#\/schema\/person\/2989c58771a7ac215a1cfc4a80217749\"},\"headline\":\"SPOTKANIE PROFILAKTYCZNE Z POLICJANTK\u0104\",\"datePublished\":\"2026-01-27T07:20:39+00:00\",\"dateModified\":\"2026-01-27T07:20:40+00:00\",\"mainEntityOfPage\":{\"@id\":\"https:\/\/sp13.mielec.pl\/?p=833\"},\"wordCount\":166,\"publisher\":{\"@id\":\"https:\/\/sp13.mielec.pl\/#organization\"},\"image\":{\"@id\":\"https:\/\/sp13.mielec.pl\/?p=833#primaryimage\"},\"thumbnailUrl\":\"https:\/\/lh3.googleusercontent.com\/pw\/AP1GczMB0R5qyVlEopdNIc2hjH-XGirSn64l0B0ZV1joG25tQUWQrI8xfbzO7frIkZ3GZYtTizZSJUOk529C-6KlisEon56ruH_bHW33H0uGknUFcR2DvUk6v6wSxcKqb1ombR2QRmmGX9P4esDaeazyyge6HA=w1264-h948-s-no-gm?authuser=2\",\"inLanguage\":\"pl-PL\"},{\"@type\":\"WebPage\",\"@id\":\"https:\/\/sp13.mielec.pl\/?p=833\",\"url\":\"https:\/\/sp13.mielec.pl\/?p=833\",\"name\":\"SPOTKANIE PROFILAKTYCZNE Z POLICJANTK\u0104 - SZKO\u0141A PODSTAWOWA NR 13 W MIELCU\",\"isPartOf\":{\"@id\":\"https:\/\/sp13.mielec.pl\/#website\"},\"primaryImageOfPage\":{\"@id\":\"https:\/\/sp13.mielec.pl\/?p=833#primaryimage\"},\"image\":{\"@id\":\"https:\/\/sp13.mielec.pl\/?p=833#primaryimage\"},\"thumbnailUrl\":\"https:\/\/lh3.googleusercontent.com\/pw\/AP1GczMB0R5qyVlEopdNIc2hjH-XGirSn64l0B0ZV1joG25tQUWQrI8xfbzO7frIkZ3GZYtTizZSJUOk529C-6KlisEon56ruH_bHW33H0uGknUFcR2DvUk6v6wSxcKqb1ombR2QRmmGX9P4esDaeazyyge6HA=w1264-h948-s-no-gm?authuser=2\",\"datePublished\":\"2026-01-27T07:20:39+00:00\",\"dateModified\":\"2026-01-27T07:20:40+00:00\",\"description\":\"Szko\u0142a Podstawowa nr 13 w Mielcu\",\"breadcrumb\":{\"@id\":\"https:\/\/sp13.mielec.pl\/?p=833#breadcrumb\"},\"inLanguage\":\"pl-PL\",\"potentialAction\":[{\"@type\":\"ReadAction\",\"target\":[\"https:\/\/sp13.mielec.pl\/?p=833\"]}]},{\"@type\":\"ImageObject\",\"inLanguage\":\"pl-PL\",\"@id\":\"https:\/\/sp13.mielec.pl\/?p=833#primaryimage\",\"url\":\"https:\/\/lh3.googleusercontent.com\/pw\/AP1GczMB0R5qyVlEopdNIc2hjH-XGirSn64l0B0ZV1joG25tQUWQrI8xfbzO7frIkZ3GZYtTizZSJUOk529C-6KlisEon56ruH_bHW33H0uGknUFcR2DvUk6v6wSxcKqb1ombR2QRmmGX9P4esDaeazyyge6HA=w1264-h948-s-no-gm?authuser=2\",\"contentUrl\":\"https:\/\/lh3.googleusercontent.com\/pw\/AP1GczMB0R5qyVlEopdNIc2hjH-XGirSn64l0B0ZV1joG25tQUWQrI8xfbzO7frIkZ3GZYtTizZSJUOk529C-6KlisEon56ruH_bHW33H0uGknUFcR2DvUk6v6wSxcKqb1ombR2QRmmGX9P4esDaeazyyge6HA=w1264-h948-s-no-gm?authuser=2\"},{\"@type\":\"BreadcrumbList\",\"@id\":\"https:\/\/sp13.mielec.pl\/?p=833#breadcrumb\",\"itemListElement\":[{\"@type\":\"ListItem\",\"position\":1,\"name\":\"Home\",\"item\":\"https:\/\/sp13.mielec.pl\/\"},{\"@type\":\"ListItem\",\"position\":2,\"name\":\"SPOTKANIE PROFILAKTYCZNE Z POLICJANTK\u0104\"}]},{\"@type\":\"WebSite\",\"@id\":\"https:\/\/sp13.mielec.pl\/#website\",\"url\":\"https:\/\/sp13.mielec.pl\/\",\"name\":\"SZKO\u0141A PODSTAWOWA NR 13 W MIELCU\",\"description\":\"im. Jana Bytnara Rudego\",\"publisher\":{\"@id\":\"https:\/\/sp13.mielec.pl\/#organization\"},\"potentialAction\":[{\"@type\":\"SearchAction\",\"target\":{\"@type\":\"EntryPoint\",\"urlTemplate\":\"https:\/\/sp13.mielec.pl\/?s={search_term_string}\"},\"query-input\":{\"@type\":\"PropertyValueSpecification\",\"valueRequired\":true,\"valueName\":\"search_term_string\"}}],\"inLanguage\":\"pl-PL\"},{\"@type\":\"Organization\",\"@id\":\"https:\/\/sp13.mielec.pl\/#organization\",\"name\":\"SZKO\u0141A PODSTAWOWA NR 13 W MIELCU\",\"url\":\"https:\/\/sp13.mielec.pl\/\",\"logo\":{\"@type\":\"ImageObject\",\"inLanguage\":\"pl-PL\",\"@id\":\"https:\/\/sp13.mielec.pl\/#\/schema\/logo\/image\/\",\"url\":\"https:\/\/sp13.mielec.pl\/wp-content\/uploads\/2025\/09\/cropped-cropped-herb-szkoly-ezgif.com-resize-1.gif\",\"contentUrl\":\"https:\/\/sp13.mielec.pl\/wp-content\/uploads\/2025\/09\/cropped-cropped-herb-szkoly-ezgif.com-resize-1.gif\",\"width\":150,\"height\":150,\"caption\":\"SZKO\u0141A PODSTAWOWA NR 13 W MIELCU\"},\"image\":{\"@id\":\"https:\/\/sp13.mielec.pl\/#\/schema\/logo\/image\/\"},\"sameAs\":[\"https:\/\/www.facebook.com\/profile.php?id=100075648866324#\"]},{\"@type\":\"Person\",\"@id\":\"https:\/\/sp13.mielec.pl\/#\/schema\/person\/2989c58771a7ac215a1cfc4a80217749\",\"name\":\"admin\",\"image\":{\"@type\":\"ImageObject\",\"inLanguage\":\"pl-PL\",\"@id\":\"https:\/\/sp13.mielec.pl\/#\/schema\/person\/image\/\",\"url\":\"https:\/\/secure.gravatar.com\/avatar\/0bcae7b6c78740ebf93d8baa9f8db1cc7c98a1a17f4f0455cf5bd11ce783ef38?s=96&d=mm&r=g\",\"contentUrl\":\"https:\/\/secure.gravatar.com\/avatar\/0bcae7b6c78740ebf93d8baa9f8db1cc7c98a1a17f4f0455cf5bd11ce783ef38?s=96&d=mm&r=g\",\"caption\":\"admin\"},\"sameAs\":[\"http:\/\/gim4.home.pl\/autoinstalator\/wordpressplugins2\"],\"url\":\"https:\/\/sp13.mielec.pl\/?author=1\"}]}<\/script>\n<!-- \/ Yoast SEO plugin. -->","yoast_head_json":{"title":"SPOTKANIE PROFILAKTYCZNE Z POLICJANTK\u0104 - SZKO\u0141A PODSTAWOWA NR 13 W MIELCU","description":"Szko\u0142a Podstawowa nr 13 w Mielcu","robots":{"index":"index","follow":"follow","max-snippet":"max-snippet:-1","max-image-preview":"max-image-preview:large","max-video-preview":"max-video-preview:-1"},"canonical":"https:\/\/sp13.mielec.pl\/?p=833","og_locale":"pl_PL","og_type":"article","og_title":"SPOTKANIE PROFILAKTYCZNE Z POLICJANTK\u0104 - SZKO\u0141A PODSTAWOWA NR 13 W MIELCU","og_description":"Szko\u0142a Podstawowa nr 13 w Mielcu","og_url":"https:\/\/sp13.mielec.pl\/?p=833","og_site_name":"SZKO\u0141A PODSTAWOWA NR 13 W MIELCU","article_publisher":"https:\/\/www.facebook.com\/profile.php?id=100075648866324#","article_published_time":"2026-01-27T07:20:39+00:00","article_modified_time":"2026-01-27T07:20:40+00:00","og_image":[{"url":"https:\/\/lh3.googleusercontent.com\/pw\/AP1GczMB0R5qyVlEopdNIc2hjH-XGirSn64l0B0ZV1joG25tQUWQrI8xfbzO7frIkZ3GZYtTizZSJUOk529C-6KlisEon56ruH_bHW33H0uGknUFcR2DvUk6v6wSxcKqb1ombR2QRmmGX9P4esDaeazyyge6HA=w1264-h948-s-no-gm?authuser=2","type":"","width":"","height":""}],"author":"admin","twitter_card":"summary_large_image","twitter_misc":{"Napisane przez":"admin","Szacowany czas czytania":"1 minuta"},"schema":{"@context":"https:\/\/schema.org","@graph":[{"@type":"Article","@id":"https:\/\/sp13.mielec.pl\/?p=833#article","isPartOf":{"@id":"https:\/\/sp13.mielec.pl\/?p=833"},"author":{"name":"admin","@id":"https:\/\/sp13.mielec.pl\/#\/schema\/person\/2989c58771a7ac215a1cfc4a80217749"},"headline":"SPOTKANIE PROFILAKTYCZNE Z POLICJANTK\u0104","datePublished":"2026-01-27T07:20:39+00:00","dateModified":"2026-01-27T07:20:40+00:00","mainEntityOfPage":{"@id":"https:\/\/sp13.mielec.pl\/?p=833"},"wordCount":166,"publisher":{"@id":"https:\/\/sp13.mielec.pl\/#organization"},"image":{"@id":"https:\/\/sp13.mielec.pl\/?p=833#primaryimage"},"thumbnailUrl":"https:\/\/lh3.googleusercontent.com\/pw\/AP1GczMB0R5qyVlEopdNIc2hjH-XGirSn64l0B0ZV1joG25tQUWQrI8xfbzO7frIkZ3GZYtTizZSJUOk529C-6KlisEon56ruH_bHW33H0uGknUFcR2DvUk6v6wSxcKqb1ombR2QRmmGX9P4esDaeazyyge6HA=w1264-h948-s-no-gm?authuser=2","inLanguage":"pl-PL"},{"@type":"WebPage","@id":"https:\/\/sp13.mielec.pl\/?p=833","url":"https:\/\/sp13.mielec.pl\/?p=833","name":"SPOTKANIE PROFILAKTYCZNE Z POLICJANTK\u0104 - SZKO\u0141A PODSTAWOWA NR 13 W MIELCU","isPartOf":{"@id":"https:\/\/sp13.mielec.pl\/#website"},"primaryImageOfPage":{"@id":"https:\/\/sp13.mielec.pl\/?p=833#primaryimage"},"image":{"@id":"https:\/\/sp13.mielec.pl\/?p=833#primaryimage"},"thumbnailUrl":"https:\/\/lh3.googleusercontent.com\/pw\/AP1GczMB0R5qyVlEopdNIc2hjH-XGirSn64l0B0ZV1joG25tQUWQrI8xfbzO7frIkZ3GZYtTizZSJUOk529C-6KlisEon56ruH_bHW33H0uGknUFcR2DvUk6v6wSxcKqb1ombR2QRmmGX9P4esDaeazyyge6HA=w1264-h948-s-no-gm?authuser=2","datePublished":"2026-01-27T07:20:39+00:00","dateModified":"2026-01-27T07:20:40+00:00","description":"Szko\u0142a Podstawowa nr 13 w Mielcu","breadcrumb":{"@id":"https:\/\/sp13.mielec.pl\/?p=833#breadcrumb"},"inLanguage":"pl-PL","potentialAction":[{"@type":"ReadAction","target":["https:\/\/sp13.mielec.pl\/?p=833"]}]},{"@type":"ImageObject","inLanguage":"pl-PL","@id":"https:\/\/sp13.mielec.pl\/?p=833#primaryimage","url":"https:\/\/lh3.googleusercontent.com\/pw\/AP1GczMB0R5qyVlEopdNIc2hjH-XGirSn64l0B0ZV1joG25tQUWQrI8xfbzO7frIkZ3GZYtTizZSJUOk529C-6KlisEon56ruH_bHW33H0uGknUFcR2DvUk6v6wSxcKqb1ombR2QRmmGX9P4esDaeazyyge6HA=w1264-h948-s-no-gm?authuser=2","contentUrl":"https:\/\/lh3.googleusercontent.com\/pw\/AP1GczMB0R5qyVlEopdNIc2hjH-XGirSn64l0B0ZV1joG25tQUWQrI8xfbzO7frIkZ3GZYtTizZSJUOk529C-6KlisEon56ruH_bHW33H0uGknUFcR2DvUk6v6wSxcKqb1ombR2QRmmGX9P4esDaeazyyge6HA=w1264-h948-s-no-gm?authuser=2"},{"@type":"BreadcrumbList","@id":"https:\/\/sp13.mielec.pl\/?p=833#breadcrumb","itemListElement":[{"@type":"ListItem","position":1,"name":"Home","item":"https:\/\/sp13.mielec.pl\/"},{"@type":"ListItem","position":2,"name":"SPOTKANIE PROFILAKTYCZNE Z POLICJANTK\u0104"}]},{"@type":"WebSite","@id":"https:\/\/sp13.mielec.pl\/#website","url":"https:\/\/sp13.mielec.pl\/","name":"SZKO\u0141A PODSTAWOWA NR 13 W MIELCU","description":"im. Jana Bytnara Rudego","publisher":{"@id":"https:\/\/sp13.mielec.pl\/#organization"},"potentialAction":[{"@type":"SearchAction","target":{"@type":"EntryPoint","urlTemplate":"https:\/\/sp13.mielec.pl\/?s={search_term_string}"},"query-input":{"@type":"PropertyValueSpecification","valueRequired":true,"valueName":"search_term_string"}}],"inLanguage":"pl-PL"},{"@type":"Organization","@id":"https:\/\/sp13.mielec.pl\/#organization","name":"SZKO\u0141A PODSTAWOWA NR 13 W MIELCU","url":"https:\/\/sp13.mielec.pl\/","logo":{"@type":"ImageObject","inLanguage":"pl-PL","@id":"https:\/\/sp13.mielec.pl\/#\/schema\/logo\/image\/","url":"https:\/\/sp13.mielec.pl\/wp-content\/uploads\/2025\/09\/cropped-cropped-herb-szkoly-ezgif.com-resize-1.gif","contentUrl":"https:\/\/sp13.mielec.pl\/wp-content\/uploads\/2025\/09\/cropped-cropped-herb-szkoly-ezgif.com-resize-1.gif","width":150,"height":150,"caption":"SZKO\u0141A PODSTAWOWA NR 13 W MIELCU"},"image":{"@id":"https:\/\/sp13.mielec.pl\/#\/schema\/logo\/image\/"},"sameAs":["https:\/\/www.facebook.com\/profile.php?id=100075648866324#"]},{"@type":"Person","@id":"https:\/\/sp13.mielec.pl\/#\/schema\/person\/2989c58771a7ac215a1cfc4a80217749","name":"admin","image":{"@type":"ImageObject","inLanguage":"pl-PL","@id":"https:\/\/sp13.mielec.pl\/#\/schema\/person\/image\/","url":"https:\/\/secure.gravatar.com\/avatar\/0bcae7b6c78740ebf93d8baa9f8db1cc7c98a1a17f4f0455cf5bd11ce783ef38?s=96&d=mm&r=g","contentUrl":"https:\/\/secure.gravatar.com\/avatar\/0bcae7b6c78740ebf93d8baa9f8db1cc7c98a1a17f4f0455cf5bd11ce783ef38?s=96&d=mm&r=g","caption":"admin"},"sameAs":["http:\/\/gim4.home.pl\/autoinstalator\/wordpressplugins2"],"url":"https:\/\/sp13.mielec.pl\/?author=1"}]}},"rttpg_featured_image_url":null,"rttpg_author":{"display_name":"admin","author_link":"https:\/\/sp13.mielec.pl\/?author=1"},"rttpg_comment":0,"rttpg_category":"<a href=\"https:\/\/sp13.mielec.pl\/?cat=1\" rel=\"category\">Bez kategorii<\/a>","rttpg_excerpt":"W dniu 21 stycznia 2026 r. przeprowadzono zaj\u0119cia profilaktyczno -informacyjne pt. ,,Stop agresji i przemocy r\u00f3wie\u015bniczej&#8221;, kt\u00f3re zosta\u0142y zrealizowane przez Pani\u0105 Funkcjonariusz Komendy Powiatowej Policji w Mielcu z Wydzia\u0142u Profilaktyki Spo\u0142ecznej, Nieletnich i Patologii. Zaj\u0119cia skierowane by\u0142y do uczni\u00f3w i ...","_links":{"self":[{"href":"https:\/\/sp13.mielec.pl\/index.php?rest_route=\/wp\/v2\/posts\/833","targetHints":{"allow":["GET"]}}],"collection":[{"href":"https:\/\/sp13.mielec.pl\/index.php?rest_route=\/wp\/v2\/posts"}],"about":[{"href":"https:\/\/sp13.mielec.pl\/index.php?rest_route=\/wp\/v2\/types\/post"}],"author":[{"embeddable":true,"href":"https:\/\/sp13.mielec.pl\/index.php?rest_route=\/wp\/v2\/users\/1"}],"replies":[{"embeddable":true,"href":"https:\/\/sp13.mielec.pl\/index.php?rest_route=%2Fwp%2Fv2%2Fcomments&post=833"}],"version-history":[{"count":1,"href":"https:\/\/sp13.mielec.pl\/index.php?rest_route=\/wp\/v2\/posts\/833\/revisions"}],"predecessor-version":[{"id":834,"href":"https:\/\/sp13.mielec.pl\/index.php?rest_route=\/wp\/v2\/posts\/833\/revisions\/834"}],"wp:attachment":[{"href":"https:\/\/sp13.mielec.pl\/index.php?rest_route=%2Fwp%2Fv2%2Fmedia&parent=833"}],"wp:term":[{"taxonomy":"category","embeddable":true,"href":"https:\/\/sp13.mielec.pl\/index.php?rest_route=%2Fwp%2Fv2%2Fcategories&post=833"},{"taxonomy":"post_tag","embeddable":true,"href":"https:\/\/sp13.mielec.pl\/index.php?rest_route=%2Fwp%2Fv2%2Ftags&post=833"}],"curies":[{"name":"wp","href":"https:\/\/api.w.org\/{rel}","templated":true}]}}