{"id":813,"date":"2026-01-12T11:11:29","date_gmt":"2026-01-12T10:11:29","guid":{"rendered":"https:\/\/sp13.mielec.pl\/?p=813"},"modified":"2026-01-12T11:11:30","modified_gmt":"2026-01-12T10:11:30","slug":"odblaskowa-trzynastka","status":"publish","type":"post","link":"https:\/\/sp13.mielec.pl\/?p=813","title":{"rendered":"ODBLASKOWA TRZYNASTKA"},"content":{"rendered":"\n<figure class=\"wp-block-image size-large\"><img decoding=\"async\" src=\"https:\/\/lh3.googleusercontent.com\/pw\/AP1GczNpgcsrSOIFkQ7yHNuqPgf5koRKGEZvS3OCApx_uBUNVKsz5IaudgxA2mUexKWu8aT6H48aHSsBqhQa2hH3EGG_ShTpL1e00KRyBxx72IAP7ekE0MQzccn51BnIQS5mHL2M4vjxEzEdXvvAgj9DZAExHg=w1679-h1264-s-no-gm?authuser=2\" alt=\"\"\/><\/figure>\n\n\n\n<p>Nasza szko\u0142a wzi\u0119\u0142a udzia\u0142 w konkursie &#8222;Odblaskowa Szko\u0142a&#8221;. Osi\u0105gni\u0119cia naszych uczni\u00f3w s\u0105 olbrzymie, poniewa\u017c wyniki wykazuj\u0105, i\u017c jeste\u015bmy PIERWSI w Mielcu i DWUNA\u015aCI w wojew\u00f3dztwie!!<\/p>\n\n\n\n<p>Jest to niezwykle wyr\u00f3\u017cnienie.<\/p>\n\n\n\n<p>W ramach konkursu Nasi wspaniali uczniowie wykazali si\u0119 du\u017c\u0105 kreatywno\u015bci\u0105 tworz\u0105c filmiki, \u015bpiewaj\u0105c piosenki, tworz\u0105c kampanie i gazetki promuj\u0105ce bezpiecze\u0144stwo na drodze, a tak\u017ce organizuj\u0105c konkursy i pokazy o tej\u017ce tematyce.<\/p>\n\n\n\n<p>Serdecznie dzi\u0119kujemy i \u017cyczymy dalszych odblaskowych sukces\u00f3w.<\/p>\n\n\n\n<p><a href=\"https:\/\/photos.app.goo.gl\/NPHgTa5LiZVUmGSJA\">https:\/\/photos.app.goo.gl\/NPHgTa5LiZVUmGSJA<\/a><\/p>\n\n\n\n<p><\/p>\n","protected":false},"excerpt":{"rendered":"<p>Nasza szko\u0142a wzi\u0119\u0142a udzia\u0142 w konkursie &#8222;Odblaskowa Szko\u0142a&#8221;. Osi\u0105gni\u0119cia naszych uczni\u00f3w s\u0105 olbrzymie, poniewa\u017c wyniki wykazuj\u0105, i\u017c jeste\u015bmy PIERWSI w Mielcu i DWUNA\u015aCI w wojew\u00f3dztwie!! Jest to niezwykle wyr\u00f3\u017cnienie. W ramach konkursu Nasi wspaniali uczniowie wykazali si\u0119 du\u017c\u0105 kreatywno\u015bci\u0105 tworz\u0105c <a href=\"https:\/\/sp13.mielec.pl\/?p=813\" class=\"read-more\">&#8230;<\/a><\/p>\n","protected":false},"author":1,"featured_media":0,"comment_status":"closed","ping_status":"closed","sticky":false,"template":"","format":"standard","meta":{"_themeisle_gutenberg_block_has_review":false,"footnotes":""},"categories":[1],"tags":[],"class_list":["post-813","post","type-post","status-publish","format-standard","hentry","category-bez-kategorii"],"yoast_head":"<!-- This site is optimized with the Yoast SEO plugin v25.9 - https:\/\/yoast.com\/wordpress\/plugins\/seo\/ -->\n<title>ODBLASKOWA TRZYNASTKA - SZKO\u0141A PODSTAWOWA NR 13 W MIELCU<\/title>\n<meta name=\"description\" content=\"Szko\u0142a Podstawowa nr 13 w Mielcu\" \/>\n<meta name=\"robots\" content=\"index, follow, max-snippet:-1, max-image-preview:large, max-video-preview:-1\" \/>\n<link rel=\"canonical\" href=\"https:\/\/sp13.mielec.pl\/?p=813\" \/>\n<meta property=\"og:locale\" content=\"pl_PL\" \/>\n<meta property=\"og:type\" content=\"article\" \/>\n<meta property=\"og:title\" content=\"ODBLASKOWA TRZYNASTKA - SZKO\u0141A PODSTAWOWA NR 13 W MIELCU\" \/>\n<meta property=\"og:description\" content=\"Szko\u0142a Podstawowa nr 13 w Mielcu\" \/>\n<meta property=\"og:url\" content=\"https:\/\/sp13.mielec.pl\/?p=813\" \/>\n<meta property=\"og:site_name\" content=\"SZKO\u0141A PODSTAWOWA NR 13 W MIELCU\" \/>\n<meta property=\"article:publisher\" content=\"https:\/\/www.facebook.com\/profile.php?id=100075648866324#\" \/>\n<meta property=\"article:published_time\" content=\"2026-01-12T10:11:29+00:00\" \/>\n<meta property=\"article:modified_time\" content=\"2026-01-12T10:11:30+00:00\" \/>\n<meta property=\"og:image\" content=\"https:\/\/lh3.googleusercontent.com\/pw\/AP1GczNpgcsrSOIFkQ7yHNuqPgf5koRKGEZvS3OCApx_uBUNVKsz5IaudgxA2mUexKWu8aT6H48aHSsBqhQa2hH3EGG_ShTpL1e00KRyBxx72IAP7ekE0MQzccn51BnIQS5mHL2M4vjxEzEdXvvAgj9DZAExHg=w1679-h1264-s-no-gm?authuser=2\" \/>\n<meta name=\"author\" content=\"admin\" \/>\n<meta name=\"twitter:card\" content=\"summary_large_image\" \/>\n<meta name=\"twitter:label1\" content=\"Napisane przez\" \/>\n\t<meta name=\"twitter:data1\" content=\"admin\" \/>\n\t<meta name=\"twitter:label2\" content=\"Szacowany czas czytania\" \/>\n\t<meta name=\"twitter:data2\" content=\"1 minuta\" \/>\n<script type=\"application\/ld+json\" class=\"yoast-schema-graph\">{\"@context\":\"https:\/\/schema.org\",\"@graph\":[{\"@type\":\"Article\",\"@id\":\"https:\/\/sp13.mielec.pl\/?p=813#article\",\"isPartOf\":{\"@id\":\"https:\/\/sp13.mielec.pl\/?p=813\"},\"author\":{\"name\":\"admin\",\"@id\":\"https:\/\/sp13.mielec.pl\/#\/schema\/person\/2989c58771a7ac215a1cfc4a80217749\"},\"headline\":\"ODBLASKOWA TRZYNASTKA\",\"datePublished\":\"2026-01-12T10:11:29+00:00\",\"dateModified\":\"2026-01-12T10:11:30+00:00\",\"mainEntityOfPage\":{\"@id\":\"https:\/\/sp13.mielec.pl\/?p=813\"},\"wordCount\":97,\"publisher\":{\"@id\":\"https:\/\/sp13.mielec.pl\/#organization\"},\"image\":{\"@id\":\"https:\/\/sp13.mielec.pl\/?p=813#primaryimage\"},\"thumbnailUrl\":\"https:\/\/lh3.googleusercontent.com\/pw\/AP1GczNpgcsrSOIFkQ7yHNuqPgf5koRKGEZvS3OCApx_uBUNVKsz5IaudgxA2mUexKWu8aT6H48aHSsBqhQa2hH3EGG_ShTpL1e00KRyBxx72IAP7ekE0MQzccn51BnIQS5mHL2M4vjxEzEdXvvAgj9DZAExHg=w1679-h1264-s-no-gm?authuser=2\",\"inLanguage\":\"pl-PL\"},{\"@type\":\"WebPage\",\"@id\":\"https:\/\/sp13.mielec.pl\/?p=813\",\"url\":\"https:\/\/sp13.mielec.pl\/?p=813\",\"name\":\"ODBLASKOWA TRZYNASTKA - SZKO\u0141A PODSTAWOWA NR 13 W MIELCU\",\"isPartOf\":{\"@id\":\"https:\/\/sp13.mielec.pl\/#website\"},\"primaryImageOfPage\":{\"@id\":\"https:\/\/sp13.mielec.pl\/?p=813#primaryimage\"},\"image\":{\"@id\":\"https:\/\/sp13.mielec.pl\/?p=813#primaryimage\"},\"thumbnailUrl\":\"https:\/\/lh3.googleusercontent.com\/pw\/AP1GczNpgcsrSOIFkQ7yHNuqPgf5koRKGEZvS3OCApx_uBUNVKsz5IaudgxA2mUexKWu8aT6H48aHSsBqhQa2hH3EGG_ShTpL1e00KRyBxx72IAP7ekE0MQzccn51BnIQS5mHL2M4vjxEzEdXvvAgj9DZAExHg=w1679-h1264-s-no-gm?authuser=2\",\"datePublished\":\"2026-01-12T10:11:29+00:00\",\"dateModified\":\"2026-01-12T10:11:30+00:00\",\"description\":\"Szko\u0142a Podstawowa nr 13 w Mielcu\",\"breadcrumb\":{\"@id\":\"https:\/\/sp13.mielec.pl\/?p=813#breadcrumb\"},\"inLanguage\":\"pl-PL\",\"potentialAction\":[{\"@type\":\"ReadAction\",\"target\":[\"https:\/\/sp13.mielec.pl\/?p=813\"]}]},{\"@type\":\"ImageObject\",\"inLanguage\":\"pl-PL\",\"@id\":\"https:\/\/sp13.mielec.pl\/?p=813#primaryimage\",\"url\":\"https:\/\/lh3.googleusercontent.com\/pw\/AP1GczNpgcsrSOIFkQ7yHNuqPgf5koRKGEZvS3OCApx_uBUNVKsz5IaudgxA2mUexKWu8aT6H48aHSsBqhQa2hH3EGG_ShTpL1e00KRyBxx72IAP7ekE0MQzccn51BnIQS5mHL2M4vjxEzEdXvvAgj9DZAExHg=w1679-h1264-s-no-gm?authuser=2\",\"contentUrl\":\"https:\/\/lh3.googleusercontent.com\/pw\/AP1GczNpgcsrSOIFkQ7yHNuqPgf5koRKGEZvS3OCApx_uBUNVKsz5IaudgxA2mUexKWu8aT6H48aHSsBqhQa2hH3EGG_ShTpL1e00KRyBxx72IAP7ekE0MQzccn51BnIQS5mHL2M4vjxEzEdXvvAgj9DZAExHg=w1679-h1264-s-no-gm?authuser=2\"},{\"@type\":\"BreadcrumbList\",\"@id\":\"https:\/\/sp13.mielec.pl\/?p=813#breadcrumb\",\"itemListElement\":[{\"@type\":\"ListItem\",\"position\":1,\"name\":\"Home\",\"item\":\"https:\/\/sp13.mielec.pl\/\"},{\"@type\":\"ListItem\",\"position\":2,\"name\":\"ODBLASKOWA TRZYNASTKA\"}]},{\"@type\":\"WebSite\",\"@id\":\"https:\/\/sp13.mielec.pl\/#website\",\"url\":\"https:\/\/sp13.mielec.pl\/\",\"name\":\"SZKO\u0141A PODSTAWOWA NR 13 W MIELCU\",\"description\":\"im. Jana Bytnara Rudego\",\"publisher\":{\"@id\":\"https:\/\/sp13.mielec.pl\/#organization\"},\"potentialAction\":[{\"@type\":\"SearchAction\",\"target\":{\"@type\":\"EntryPoint\",\"urlTemplate\":\"https:\/\/sp13.mielec.pl\/?s={search_term_string}\"},\"query-input\":{\"@type\":\"PropertyValueSpecification\",\"valueRequired\":true,\"valueName\":\"search_term_string\"}}],\"inLanguage\":\"pl-PL\"},{\"@type\":\"Organization\",\"@id\":\"https:\/\/sp13.mielec.pl\/#organization\",\"name\":\"SZKO\u0141A PODSTAWOWA NR 13 W MIELCU\",\"url\":\"https:\/\/sp13.mielec.pl\/\",\"logo\":{\"@type\":\"ImageObject\",\"inLanguage\":\"pl-PL\",\"@id\":\"https:\/\/sp13.mielec.pl\/#\/schema\/logo\/image\/\",\"url\":\"https:\/\/sp13.mielec.pl\/wp-content\/uploads\/2025\/09\/cropped-cropped-herb-szkoly-ezgif.com-resize-1.gif\",\"contentUrl\":\"https:\/\/sp13.mielec.pl\/wp-content\/uploads\/2025\/09\/cropped-cropped-herb-szkoly-ezgif.com-resize-1.gif\",\"width\":150,\"height\":150,\"caption\":\"SZKO\u0141A PODSTAWOWA NR 13 W MIELCU\"},\"image\":{\"@id\":\"https:\/\/sp13.mielec.pl\/#\/schema\/logo\/image\/\"},\"sameAs\":[\"https:\/\/www.facebook.com\/profile.php?id=100075648866324#\"]},{\"@type\":\"Person\",\"@id\":\"https:\/\/sp13.mielec.pl\/#\/schema\/person\/2989c58771a7ac215a1cfc4a80217749\",\"name\":\"admin\",\"image\":{\"@type\":\"ImageObject\",\"inLanguage\":\"pl-PL\",\"@id\":\"https:\/\/sp13.mielec.pl\/#\/schema\/person\/image\/\",\"url\":\"https:\/\/secure.gravatar.com\/avatar\/0bcae7b6c78740ebf93d8baa9f8db1cc7c98a1a17f4f0455cf5bd11ce783ef38?s=96&d=mm&r=g\",\"contentUrl\":\"https:\/\/secure.gravatar.com\/avatar\/0bcae7b6c78740ebf93d8baa9f8db1cc7c98a1a17f4f0455cf5bd11ce783ef38?s=96&d=mm&r=g\",\"caption\":\"admin\"},\"sameAs\":[\"http:\/\/gim4.home.pl\/autoinstalator\/wordpressplugins2\"],\"url\":\"https:\/\/sp13.mielec.pl\/?author=1\"}]}<\/script>\n<!-- \/ Yoast SEO plugin. -->","yoast_head_json":{"title":"ODBLASKOWA TRZYNASTKA - SZKO\u0141A PODSTAWOWA NR 13 W MIELCU","description":"Szko\u0142a Podstawowa nr 13 w Mielcu","robots":{"index":"index","follow":"follow","max-snippet":"max-snippet:-1","max-image-preview":"max-image-preview:large","max-video-preview":"max-video-preview:-1"},"canonical":"https:\/\/sp13.mielec.pl\/?p=813","og_locale":"pl_PL","og_type":"article","og_title":"ODBLASKOWA TRZYNASTKA - SZKO\u0141A PODSTAWOWA NR 13 W MIELCU","og_description":"Szko\u0142a Podstawowa nr 13 w Mielcu","og_url":"https:\/\/sp13.mielec.pl\/?p=813","og_site_name":"SZKO\u0141A PODSTAWOWA NR 13 W MIELCU","article_publisher":"https:\/\/www.facebook.com\/profile.php?id=100075648866324#","article_published_time":"2026-01-12T10:11:29+00:00","article_modified_time":"2026-01-12T10:11:30+00:00","og_image":[{"url":"https:\/\/lh3.googleusercontent.com\/pw\/AP1GczNpgcsrSOIFkQ7yHNuqPgf5koRKGEZvS3OCApx_uBUNVKsz5IaudgxA2mUexKWu8aT6H48aHSsBqhQa2hH3EGG_ShTpL1e00KRyBxx72IAP7ekE0MQzccn51BnIQS5mHL2M4vjxEzEdXvvAgj9DZAExHg=w1679-h1264-s-no-gm?authuser=2","type":"","width":"","height":""}],"author":"admin","twitter_card":"summary_large_image","twitter_misc":{"Napisane przez":"admin","Szacowany czas czytania":"1 minuta"},"schema":{"@context":"https:\/\/schema.org","@graph":[{"@type":"Article","@id":"https:\/\/sp13.mielec.pl\/?p=813#article","isPartOf":{"@id":"https:\/\/sp13.mielec.pl\/?p=813"},"author":{"name":"admin","@id":"https:\/\/sp13.mielec.pl\/#\/schema\/person\/2989c58771a7ac215a1cfc4a80217749"},"headline":"ODBLASKOWA TRZYNASTKA","datePublished":"2026-01-12T10:11:29+00:00","dateModified":"2026-01-12T10:11:30+00:00","mainEntityOfPage":{"@id":"https:\/\/sp13.mielec.pl\/?p=813"},"wordCount":97,"publisher":{"@id":"https:\/\/sp13.mielec.pl\/#organization"},"image":{"@id":"https:\/\/sp13.mielec.pl\/?p=813#primaryimage"},"thumbnailUrl":"https:\/\/lh3.googleusercontent.com\/pw\/AP1GczNpgcsrSOIFkQ7yHNuqPgf5koRKGEZvS3OCApx_uBUNVKsz5IaudgxA2mUexKWu8aT6H48aHSsBqhQa2hH3EGG_ShTpL1e00KRyBxx72IAP7ekE0MQzccn51BnIQS5mHL2M4vjxEzEdXvvAgj9DZAExHg=w1679-h1264-s-no-gm?authuser=2","inLanguage":"pl-PL"},{"@type":"WebPage","@id":"https:\/\/sp13.mielec.pl\/?p=813","url":"https:\/\/sp13.mielec.pl\/?p=813","name":"ODBLASKOWA TRZYNASTKA - SZKO\u0141A PODSTAWOWA NR 13 W MIELCU","isPartOf":{"@id":"https:\/\/sp13.mielec.pl\/#website"},"primaryImageOfPage":{"@id":"https:\/\/sp13.mielec.pl\/?p=813#primaryimage"},"image":{"@id":"https:\/\/sp13.mielec.pl\/?p=813#primaryimage"},"thumbnailUrl":"https:\/\/lh3.googleusercontent.com\/pw\/AP1GczNpgcsrSOIFkQ7yHNuqPgf5koRKGEZvS3OCApx_uBUNVKsz5IaudgxA2mUexKWu8aT6H48aHSsBqhQa2hH3EGG_ShTpL1e00KRyBxx72IAP7ekE0MQzccn51BnIQS5mHL2M4vjxEzEdXvvAgj9DZAExHg=w1679-h1264-s-no-gm?authuser=2","datePublished":"2026-01-12T10:11:29+00:00","dateModified":"2026-01-12T10:11:30+00:00","description":"Szko\u0142a Podstawowa nr 13 w Mielcu","breadcrumb":{"@id":"https:\/\/sp13.mielec.pl\/?p=813#breadcrumb"},"inLanguage":"pl-PL","potentialAction":[{"@type":"ReadAction","target":["https:\/\/sp13.mielec.pl\/?p=813"]}]},{"@type":"ImageObject","inLanguage":"pl-PL","@id":"https:\/\/sp13.mielec.pl\/?p=813#primaryimage","url":"https:\/\/lh3.googleusercontent.com\/pw\/AP1GczNpgcsrSOIFkQ7yHNuqPgf5koRKGEZvS3OCApx_uBUNVKsz5IaudgxA2mUexKWu8aT6H48aHSsBqhQa2hH3EGG_ShTpL1e00KRyBxx72IAP7ekE0MQzccn51BnIQS5mHL2M4vjxEzEdXvvAgj9DZAExHg=w1679-h1264-s-no-gm?authuser=2","contentUrl":"https:\/\/lh3.googleusercontent.com\/pw\/AP1GczNpgcsrSOIFkQ7yHNuqPgf5koRKGEZvS3OCApx_uBUNVKsz5IaudgxA2mUexKWu8aT6H48aHSsBqhQa2hH3EGG_ShTpL1e00KRyBxx72IAP7ekE0MQzccn51BnIQS5mHL2M4vjxEzEdXvvAgj9DZAExHg=w1679-h1264-s-no-gm?authuser=2"},{"@type":"BreadcrumbList","@id":"https:\/\/sp13.mielec.pl\/?p=813#breadcrumb","itemListElement":[{"@type":"ListItem","position":1,"name":"Home","item":"https:\/\/sp13.mielec.pl\/"},{"@type":"ListItem","position":2,"name":"ODBLASKOWA TRZYNASTKA"}]},{"@type":"WebSite","@id":"https:\/\/sp13.mielec.pl\/#website","url":"https:\/\/sp13.mielec.pl\/","name":"SZKO\u0141A PODSTAWOWA NR 13 W MIELCU","description":"im. Jana Bytnara Rudego","publisher":{"@id":"https:\/\/sp13.mielec.pl\/#organization"},"potentialAction":[{"@type":"SearchAction","target":{"@type":"EntryPoint","urlTemplate":"https:\/\/sp13.mielec.pl\/?s={search_term_string}"},"query-input":{"@type":"PropertyValueSpecification","valueRequired":true,"valueName":"search_term_string"}}],"inLanguage":"pl-PL"},{"@type":"Organization","@id":"https:\/\/sp13.mielec.pl\/#organization","name":"SZKO\u0141A PODSTAWOWA NR 13 W MIELCU","url":"https:\/\/sp13.mielec.pl\/","logo":{"@type":"ImageObject","inLanguage":"pl-PL","@id":"https:\/\/sp13.mielec.pl\/#\/schema\/logo\/image\/","url":"https:\/\/sp13.mielec.pl\/wp-content\/uploads\/2025\/09\/cropped-cropped-herb-szkoly-ezgif.com-resize-1.gif","contentUrl":"https:\/\/sp13.mielec.pl\/wp-content\/uploads\/2025\/09\/cropped-cropped-herb-szkoly-ezgif.com-resize-1.gif","width":150,"height":150,"caption":"SZKO\u0141A PODSTAWOWA NR 13 W MIELCU"},"image":{"@id":"https:\/\/sp13.mielec.pl\/#\/schema\/logo\/image\/"},"sameAs":["https:\/\/www.facebook.com\/profile.php?id=100075648866324#"]},{"@type":"Person","@id":"https:\/\/sp13.mielec.pl\/#\/schema\/person\/2989c58771a7ac215a1cfc4a80217749","name":"admin","image":{"@type":"ImageObject","inLanguage":"pl-PL","@id":"https:\/\/sp13.mielec.pl\/#\/schema\/person\/image\/","url":"https:\/\/secure.gravatar.com\/avatar\/0bcae7b6c78740ebf93d8baa9f8db1cc7c98a1a17f4f0455cf5bd11ce783ef38?s=96&d=mm&r=g","contentUrl":"https:\/\/secure.gravatar.com\/avatar\/0bcae7b6c78740ebf93d8baa9f8db1cc7c98a1a17f4f0455cf5bd11ce783ef38?s=96&d=mm&r=g","caption":"admin"},"sameAs":["http:\/\/gim4.home.pl\/autoinstalator\/wordpressplugins2"],"url":"https:\/\/sp13.mielec.pl\/?author=1"}]}},"rttpg_featured_image_url":null,"rttpg_author":{"display_name":"admin","author_link":"https:\/\/sp13.mielec.pl\/?author=1"},"rttpg_comment":0,"rttpg_category":"<a href=\"https:\/\/sp13.mielec.pl\/?cat=1\" rel=\"category\">Bez kategorii<\/a>","rttpg_excerpt":"Nasza szko\u0142a wzi\u0119\u0142a udzia\u0142 w konkursie &#8222;Odblaskowa Szko\u0142a&#8221;. Osi\u0105gni\u0119cia naszych uczni\u00f3w s\u0105 olbrzymie, poniewa\u017c wyniki wykazuj\u0105, i\u017c jeste\u015bmy PIERWSI w Mielcu i DWUNA\u015aCI w wojew\u00f3dztwie!! Jest to niezwykle wyr\u00f3\u017cnienie. W ramach konkursu Nasi wspaniali uczniowie wykazali si\u0119 du\u017c\u0105 kreatywno\u015bci\u0105 tworz\u0105c ...","_links":{"self":[{"href":"https:\/\/sp13.mielec.pl\/index.php?rest_route=\/wp\/v2\/posts\/813","targetHints":{"allow":["GET"]}}],"collection":[{"href":"https:\/\/sp13.mielec.pl\/index.php?rest_route=\/wp\/v2\/posts"}],"about":[{"href":"https:\/\/sp13.mielec.pl\/index.php?rest_route=\/wp\/v2\/types\/post"}],"author":[{"embeddable":true,"href":"https:\/\/sp13.mielec.pl\/index.php?rest_route=\/wp\/v2\/users\/1"}],"replies":[{"embeddable":true,"href":"https:\/\/sp13.mielec.pl\/index.php?rest_route=%2Fwp%2Fv2%2Fcomments&post=813"}],"version-history":[{"count":1,"href":"https:\/\/sp13.mielec.pl\/index.php?rest_route=\/wp\/v2\/posts\/813\/revisions"}],"predecessor-version":[{"id":814,"href":"https:\/\/sp13.mielec.pl\/index.php?rest_route=\/wp\/v2\/posts\/813\/revisions\/814"}],"wp:attachment":[{"href":"https:\/\/sp13.mielec.pl\/index.php?rest_route=%2Fwp%2Fv2%2Fmedia&parent=813"}],"wp:term":[{"taxonomy":"category","embeddable":true,"href":"https:\/\/sp13.mielec.pl\/index.php?rest_route=%2Fwp%2Fv2%2Fcategories&post=813"},{"taxonomy":"post_tag","embeddable":true,"href":"https:\/\/sp13.mielec.pl\/index.php?rest_route=%2Fwp%2Fv2%2Ftags&post=813"}],"curies":[{"name":"wp","href":"https:\/\/api.w.org\/{rel}","templated":true}]}}