{"id":784,"date":"2025-12-31T16:44:00","date_gmt":"2025-12-31T15:44:00","guid":{"rendered":"https:\/\/sp13.mielec.pl\/?p=784"},"modified":"2025-12-31T16:44:02","modified_gmt":"2025-12-31T15:44:02","slug":"magia-swiat-w-sercu-mielca","status":"publish","type":"post","link":"https:\/\/sp13.mielec.pl\/?p=784","title":{"rendered":"MAGIA \u015aWI\u0104T W SERCU MIELCA"},"content":{"rendered":"\n<figure class=\"wp-block-image size-large\"><img decoding=\"async\" src=\"https:\/\/lh3.googleusercontent.com\/pw\/AP1GczNPDM5RGEYp55q9yJDW9NPXtLV8R3PZCeiDcy3yin-jEMgtA4iGEqzdFaa43iSGbJbR-MnKMjYTtlIV9V_Jxy03aQ-tOkxc--oumn0IQg8F-wf3Jjx_Li6ozYrc43qVxZmn5KLPtIwT9f7DAr8TW5IoJA=w1159-h869-s-no-gm?authuser=1\" alt=\"\"\/><\/figure>\n\n\n\n<p>W dniu 19 grudnia w Samorz\u0105dowym Centrum Kultury w Mielcu wydarzy\u0142o si\u0119 co\u015b naprawd\u0119 wyj\u0105tkowego. Prezydent Miasta Mielca wsp\u00f3lnie z Pani\u0105 Dyrektor Dorot\u0105 Buczek i uczniami Szko\u0142y Podstawowej nr 13 im. Jana Bytnara \u201eRudego\u201d zaprosili nas do \u015bwiata, w kt\u00f3rym narodzi\u0142a si\u0119 mi\u0142o\u015b\u0107\u2014 dos\u0142ownie i w przeno\u015bni.<\/p>\n\n\n\n<p>Przygotowany przez uczni\u00f3w pod troskliw\u0105 opiek\u0105 nauczycieli SP 13 spektakl s\u0142owno-muzyczny \u201eOto dzi\u015b narodzi\u0142a si\u0119 mi\u0142o\u015b\u0107\u2026\u201d by\u0142 jednym z najpi\u0119kniejszych jase\u0142ek, jakie mo\u017cna by\u0142o sobie wymarzy\u0107.<\/p>\n\n\n\n<p>Pe\u0142en symboliki, wzrusze\u0144 i refleksji, porusza\u0142 serca od pierwszej sceny a\u017c po ostatnie d\u017awi\u0119ki kol\u0119d.<\/p>\n\n\n\n<p>Na scenie zachwyca\u0142a autentyczno\u015b\u0107 m\u0142odych wykonawc\u00f3w. Ka\u017cdy gest, ka\u017cde s\u0142owo i ka\u017cdy \u015bpiew nios\u0142y ze sob\u0105 g\u0142\u0119bokie przes\u0142anie pokoju, dobra i nadziei. Wspania\u0142e kol\u0119dy stworzy\u0142y niezwyk\u0142\u0105, ciep\u0142\u0105 i rodzinn\u0105 atmosfer\u0119.<\/p>\n\n\n\n<p>By\u0142o mn\u00f3stwo cudnych i wzruszaj\u0105cych moment\u00f3w, chwil zadumy i prawdziwej rado\u015bci ze wsp\u00f3lnego prze\u017cywania \u015awi\u0105t Bo\u017cego Narodzenia. To spotkanie pokaza\u0142o, jak wielk\u0105 si\u0142\u0119 ma wsp\u00f3lnota, tradycja i serce w\u0142o\u017cone w ka\u017cde dzia\u0142anie.<\/p>\n\n\n\n<p>DZI\u0118KUJEMY uczniom, nauczycielom, organizatorom i wszystkim obecnym za te niezapomniane emocje.<\/p>\n\n\n\n<p>Takie chwile zostaj\u0105 z nami na d\u0142ugo\u2026<\/p>\n\n\n\n<p><a href=\"https:\/\/photos.app.goo.gl\/v1WzNBbryP2Rr7Ej9\">https:\/\/photos.app.goo.gl\/v1WzNBbryP2Rr7Ej9<\/a><\/p>\n","protected":false},"excerpt":{"rendered":"<p>W dniu 19 grudnia w Samorz\u0105dowym Centrum Kultury w Mielcu wydarzy\u0142o si\u0119 co\u015b naprawd\u0119 wyj\u0105tkowego. Prezydent Miasta Mielca wsp\u00f3lnie z Pani\u0105 Dyrektor Dorot\u0105 Buczek i uczniami Szko\u0142y Podstawowej nr 13 im. Jana Bytnara \u201eRudego\u201d zaprosili nas do \u015bwiata, w kt\u00f3rym <a href=\"https:\/\/sp13.mielec.pl\/?p=784\" class=\"read-more\">&#8230;<\/a><\/p>\n","protected":false},"author":1,"featured_media":0,"comment_status":"closed","ping_status":"closed","sticky":false,"template":"","format":"standard","meta":{"_themeisle_gutenberg_block_has_review":false,"footnotes":""},"categories":[1],"tags":[],"class_list":["post-784","post","type-post","status-publish","format-standard","hentry","category-bez-kategorii"],"yoast_head":"<!-- This site is optimized with the Yoast SEO plugin v25.9 - https:\/\/yoast.com\/wordpress\/plugins\/seo\/ -->\n<title>MAGIA \u015aWI\u0104T W SERCU MIELCA - SZKO\u0141A PODSTAWOWA NR 13 W MIELCU<\/title>\n<meta name=\"description\" content=\"Szko\u0142a Podstawowa nr 13 w Mielcu\" \/>\n<meta name=\"robots\" content=\"index, follow, max-snippet:-1, max-image-preview:large, max-video-preview:-1\" \/>\n<link rel=\"canonical\" href=\"https:\/\/sp13.mielec.pl\/?p=784\" \/>\n<meta property=\"og:locale\" content=\"pl_PL\" \/>\n<meta property=\"og:type\" content=\"article\" \/>\n<meta property=\"og:title\" content=\"MAGIA \u015aWI\u0104T W SERCU MIELCA - SZKO\u0141A PODSTAWOWA NR 13 W MIELCU\" \/>\n<meta property=\"og:description\" content=\"Szko\u0142a Podstawowa nr 13 w Mielcu\" \/>\n<meta property=\"og:url\" content=\"https:\/\/sp13.mielec.pl\/?p=784\" \/>\n<meta property=\"og:site_name\" content=\"SZKO\u0141A PODSTAWOWA NR 13 W MIELCU\" \/>\n<meta property=\"article:publisher\" content=\"https:\/\/www.facebook.com\/profile.php?id=100075648866324#\" \/>\n<meta property=\"article:published_time\" content=\"2025-12-31T15:44:00+00:00\" \/>\n<meta property=\"article:modified_time\" content=\"2025-12-31T15:44:02+00:00\" \/>\n<meta property=\"og:image\" content=\"https:\/\/lh3.googleusercontent.com\/pw\/AP1GczNPDM5RGEYp55q9yJDW9NPXtLV8R3PZCeiDcy3yin-jEMgtA4iGEqzdFaa43iSGbJbR-MnKMjYTtlIV9V_Jxy03aQ-tOkxc--oumn0IQg8F-wf3Jjx_Li6ozYrc43qVxZmn5KLPtIwT9f7DAr8TW5IoJA=w1159-h869-s-no-gm?authuser=1\" \/>\n<meta name=\"author\" content=\"admin\" \/>\n<meta name=\"twitter:card\" content=\"summary_large_image\" \/>\n<meta name=\"twitter:label1\" content=\"Napisane przez\" \/>\n\t<meta name=\"twitter:data1\" content=\"admin\" \/>\n\t<meta name=\"twitter:label2\" content=\"Szacowany czas czytania\" \/>\n\t<meta name=\"twitter:data2\" content=\"2 minuty\" \/>\n<script type=\"application\/ld+json\" class=\"yoast-schema-graph\">{\"@context\":\"https:\/\/schema.org\",\"@graph\":[{\"@type\":\"Article\",\"@id\":\"https:\/\/sp13.mielec.pl\/?p=784#article\",\"isPartOf\":{\"@id\":\"https:\/\/sp13.mielec.pl\/?p=784\"},\"author\":{\"name\":\"admin\",\"@id\":\"https:\/\/sp13.mielec.pl\/#\/schema\/person\/2989c58771a7ac215a1cfc4a80217749\"},\"headline\":\"MAGIA \u015aWI\u0104T W SERCU MIELCA\",\"datePublished\":\"2025-12-31T15:44:00+00:00\",\"dateModified\":\"2025-12-31T15:44:02+00:00\",\"mainEntityOfPage\":{\"@id\":\"https:\/\/sp13.mielec.pl\/?p=784\"},\"wordCount\":232,\"publisher\":{\"@id\":\"https:\/\/sp13.mielec.pl\/#organization\"},\"image\":{\"@id\":\"https:\/\/sp13.mielec.pl\/?p=784#primaryimage\"},\"thumbnailUrl\":\"https:\/\/lh3.googleusercontent.com\/pw\/AP1GczNPDM5RGEYp55q9yJDW9NPXtLV8R3PZCeiDcy3yin-jEMgtA4iGEqzdFaa43iSGbJbR-MnKMjYTtlIV9V_Jxy03aQ-tOkxc--oumn0IQg8F-wf3Jjx_Li6ozYrc43qVxZmn5KLPtIwT9f7DAr8TW5IoJA=w1159-h869-s-no-gm?authuser=1\",\"inLanguage\":\"pl-PL\"},{\"@type\":\"WebPage\",\"@id\":\"https:\/\/sp13.mielec.pl\/?p=784\",\"url\":\"https:\/\/sp13.mielec.pl\/?p=784\",\"name\":\"MAGIA \u015aWI\u0104T W SERCU MIELCA - SZKO\u0141A PODSTAWOWA NR 13 W MIELCU\",\"isPartOf\":{\"@id\":\"https:\/\/sp13.mielec.pl\/#website\"},\"primaryImageOfPage\":{\"@id\":\"https:\/\/sp13.mielec.pl\/?p=784#primaryimage\"},\"image\":{\"@id\":\"https:\/\/sp13.mielec.pl\/?p=784#primaryimage\"},\"thumbnailUrl\":\"https:\/\/lh3.googleusercontent.com\/pw\/AP1GczNPDM5RGEYp55q9yJDW9NPXtLV8R3PZCeiDcy3yin-jEMgtA4iGEqzdFaa43iSGbJbR-MnKMjYTtlIV9V_Jxy03aQ-tOkxc--oumn0IQg8F-wf3Jjx_Li6ozYrc43qVxZmn5KLPtIwT9f7DAr8TW5IoJA=w1159-h869-s-no-gm?authuser=1\",\"datePublished\":\"2025-12-31T15:44:00+00:00\",\"dateModified\":\"2025-12-31T15:44:02+00:00\",\"description\":\"Szko\u0142a Podstawowa nr 13 w Mielcu\",\"breadcrumb\":{\"@id\":\"https:\/\/sp13.mielec.pl\/?p=784#breadcrumb\"},\"inLanguage\":\"pl-PL\",\"potentialAction\":[{\"@type\":\"ReadAction\",\"target\":[\"https:\/\/sp13.mielec.pl\/?p=784\"]}]},{\"@type\":\"ImageObject\",\"inLanguage\":\"pl-PL\",\"@id\":\"https:\/\/sp13.mielec.pl\/?p=784#primaryimage\",\"url\":\"https:\/\/lh3.googleusercontent.com\/pw\/AP1GczNPDM5RGEYp55q9yJDW9NPXtLV8R3PZCeiDcy3yin-jEMgtA4iGEqzdFaa43iSGbJbR-MnKMjYTtlIV9V_Jxy03aQ-tOkxc--oumn0IQg8F-wf3Jjx_Li6ozYrc43qVxZmn5KLPtIwT9f7DAr8TW5IoJA=w1159-h869-s-no-gm?authuser=1\",\"contentUrl\":\"https:\/\/lh3.googleusercontent.com\/pw\/AP1GczNPDM5RGEYp55q9yJDW9NPXtLV8R3PZCeiDcy3yin-jEMgtA4iGEqzdFaa43iSGbJbR-MnKMjYTtlIV9V_Jxy03aQ-tOkxc--oumn0IQg8F-wf3Jjx_Li6ozYrc43qVxZmn5KLPtIwT9f7DAr8TW5IoJA=w1159-h869-s-no-gm?authuser=1\"},{\"@type\":\"BreadcrumbList\",\"@id\":\"https:\/\/sp13.mielec.pl\/?p=784#breadcrumb\",\"itemListElement\":[{\"@type\":\"ListItem\",\"position\":1,\"name\":\"Home\",\"item\":\"https:\/\/sp13.mielec.pl\/\"},{\"@type\":\"ListItem\",\"position\":2,\"name\":\"MAGIA \u015aWI\u0104T W SERCU MIELCA\"}]},{\"@type\":\"WebSite\",\"@id\":\"https:\/\/sp13.mielec.pl\/#website\",\"url\":\"https:\/\/sp13.mielec.pl\/\",\"name\":\"SZKO\u0141A PODSTAWOWA NR 13 W MIELCU\",\"description\":\"im. Jana Bytnara Rudego\",\"publisher\":{\"@id\":\"https:\/\/sp13.mielec.pl\/#organization\"},\"potentialAction\":[{\"@type\":\"SearchAction\",\"target\":{\"@type\":\"EntryPoint\",\"urlTemplate\":\"https:\/\/sp13.mielec.pl\/?s={search_term_string}\"},\"query-input\":{\"@type\":\"PropertyValueSpecification\",\"valueRequired\":true,\"valueName\":\"search_term_string\"}}],\"inLanguage\":\"pl-PL\"},{\"@type\":\"Organization\",\"@id\":\"https:\/\/sp13.mielec.pl\/#organization\",\"name\":\"SZKO\u0141A PODSTAWOWA NR 13 W MIELCU\",\"url\":\"https:\/\/sp13.mielec.pl\/\",\"logo\":{\"@type\":\"ImageObject\",\"inLanguage\":\"pl-PL\",\"@id\":\"https:\/\/sp13.mielec.pl\/#\/schema\/logo\/image\/\",\"url\":\"https:\/\/sp13.mielec.pl\/wp-content\/uploads\/2025\/09\/cropped-cropped-herb-szkoly-ezgif.com-resize-1.gif\",\"contentUrl\":\"https:\/\/sp13.mielec.pl\/wp-content\/uploads\/2025\/09\/cropped-cropped-herb-szkoly-ezgif.com-resize-1.gif\",\"width\":150,\"height\":150,\"caption\":\"SZKO\u0141A PODSTAWOWA NR 13 W MIELCU\"},\"image\":{\"@id\":\"https:\/\/sp13.mielec.pl\/#\/schema\/logo\/image\/\"},\"sameAs\":[\"https:\/\/www.facebook.com\/profile.php?id=100075648866324#\"]},{\"@type\":\"Person\",\"@id\":\"https:\/\/sp13.mielec.pl\/#\/schema\/person\/2989c58771a7ac215a1cfc4a80217749\",\"name\":\"admin\",\"image\":{\"@type\":\"ImageObject\",\"inLanguage\":\"pl-PL\",\"@id\":\"https:\/\/sp13.mielec.pl\/#\/schema\/person\/image\/\",\"url\":\"https:\/\/secure.gravatar.com\/avatar\/0bcae7b6c78740ebf93d8baa9f8db1cc7c98a1a17f4f0455cf5bd11ce783ef38?s=96&d=mm&r=g\",\"contentUrl\":\"https:\/\/secure.gravatar.com\/avatar\/0bcae7b6c78740ebf93d8baa9f8db1cc7c98a1a17f4f0455cf5bd11ce783ef38?s=96&d=mm&r=g\",\"caption\":\"admin\"},\"sameAs\":[\"http:\/\/gim4.home.pl\/autoinstalator\/wordpressplugins2\"],\"url\":\"https:\/\/sp13.mielec.pl\/?author=1\"}]}<\/script>\n<!-- \/ Yoast SEO plugin. -->","yoast_head_json":{"title":"MAGIA \u015aWI\u0104T W SERCU MIELCA - SZKO\u0141A PODSTAWOWA NR 13 W MIELCU","description":"Szko\u0142a Podstawowa nr 13 w Mielcu","robots":{"index":"index","follow":"follow","max-snippet":"max-snippet:-1","max-image-preview":"max-image-preview:large","max-video-preview":"max-video-preview:-1"},"canonical":"https:\/\/sp13.mielec.pl\/?p=784","og_locale":"pl_PL","og_type":"article","og_title":"MAGIA \u015aWI\u0104T W SERCU MIELCA - SZKO\u0141A PODSTAWOWA NR 13 W MIELCU","og_description":"Szko\u0142a Podstawowa nr 13 w Mielcu","og_url":"https:\/\/sp13.mielec.pl\/?p=784","og_site_name":"SZKO\u0141A PODSTAWOWA NR 13 W MIELCU","article_publisher":"https:\/\/www.facebook.com\/profile.php?id=100075648866324#","article_published_time":"2025-12-31T15:44:00+00:00","article_modified_time":"2025-12-31T15:44:02+00:00","og_image":[{"url":"https:\/\/lh3.googleusercontent.com\/pw\/AP1GczNPDM5RGEYp55q9yJDW9NPXtLV8R3PZCeiDcy3yin-jEMgtA4iGEqzdFaa43iSGbJbR-MnKMjYTtlIV9V_Jxy03aQ-tOkxc--oumn0IQg8F-wf3Jjx_Li6ozYrc43qVxZmn5KLPtIwT9f7DAr8TW5IoJA=w1159-h869-s-no-gm?authuser=1","type":"","width":"","height":""}],"author":"admin","twitter_card":"summary_large_image","twitter_misc":{"Napisane przez":"admin","Szacowany czas czytania":"2 minuty"},"schema":{"@context":"https:\/\/schema.org","@graph":[{"@type":"Article","@id":"https:\/\/sp13.mielec.pl\/?p=784#article","isPartOf":{"@id":"https:\/\/sp13.mielec.pl\/?p=784"},"author":{"name":"admin","@id":"https:\/\/sp13.mielec.pl\/#\/schema\/person\/2989c58771a7ac215a1cfc4a80217749"},"headline":"MAGIA \u015aWI\u0104T W SERCU MIELCA","datePublished":"2025-12-31T15:44:00+00:00","dateModified":"2025-12-31T15:44:02+00:00","mainEntityOfPage":{"@id":"https:\/\/sp13.mielec.pl\/?p=784"},"wordCount":232,"publisher":{"@id":"https:\/\/sp13.mielec.pl\/#organization"},"image":{"@id":"https:\/\/sp13.mielec.pl\/?p=784#primaryimage"},"thumbnailUrl":"https:\/\/lh3.googleusercontent.com\/pw\/AP1GczNPDM5RGEYp55q9yJDW9NPXtLV8R3PZCeiDcy3yin-jEMgtA4iGEqzdFaa43iSGbJbR-MnKMjYTtlIV9V_Jxy03aQ-tOkxc--oumn0IQg8F-wf3Jjx_Li6ozYrc43qVxZmn5KLPtIwT9f7DAr8TW5IoJA=w1159-h869-s-no-gm?authuser=1","inLanguage":"pl-PL"},{"@type":"WebPage","@id":"https:\/\/sp13.mielec.pl\/?p=784","url":"https:\/\/sp13.mielec.pl\/?p=784","name":"MAGIA \u015aWI\u0104T W SERCU MIELCA - SZKO\u0141A PODSTAWOWA NR 13 W MIELCU","isPartOf":{"@id":"https:\/\/sp13.mielec.pl\/#website"},"primaryImageOfPage":{"@id":"https:\/\/sp13.mielec.pl\/?p=784#primaryimage"},"image":{"@id":"https:\/\/sp13.mielec.pl\/?p=784#primaryimage"},"thumbnailUrl":"https:\/\/lh3.googleusercontent.com\/pw\/AP1GczNPDM5RGEYp55q9yJDW9NPXtLV8R3PZCeiDcy3yin-jEMgtA4iGEqzdFaa43iSGbJbR-MnKMjYTtlIV9V_Jxy03aQ-tOkxc--oumn0IQg8F-wf3Jjx_Li6ozYrc43qVxZmn5KLPtIwT9f7DAr8TW5IoJA=w1159-h869-s-no-gm?authuser=1","datePublished":"2025-12-31T15:44:00+00:00","dateModified":"2025-12-31T15:44:02+00:00","description":"Szko\u0142a Podstawowa nr 13 w Mielcu","breadcrumb":{"@id":"https:\/\/sp13.mielec.pl\/?p=784#breadcrumb"},"inLanguage":"pl-PL","potentialAction":[{"@type":"ReadAction","target":["https:\/\/sp13.mielec.pl\/?p=784"]}]},{"@type":"ImageObject","inLanguage":"pl-PL","@id":"https:\/\/sp13.mielec.pl\/?p=784#primaryimage","url":"https:\/\/lh3.googleusercontent.com\/pw\/AP1GczNPDM5RGEYp55q9yJDW9NPXtLV8R3PZCeiDcy3yin-jEMgtA4iGEqzdFaa43iSGbJbR-MnKMjYTtlIV9V_Jxy03aQ-tOkxc--oumn0IQg8F-wf3Jjx_Li6ozYrc43qVxZmn5KLPtIwT9f7DAr8TW5IoJA=w1159-h869-s-no-gm?authuser=1","contentUrl":"https:\/\/lh3.googleusercontent.com\/pw\/AP1GczNPDM5RGEYp55q9yJDW9NPXtLV8R3PZCeiDcy3yin-jEMgtA4iGEqzdFaa43iSGbJbR-MnKMjYTtlIV9V_Jxy03aQ-tOkxc--oumn0IQg8F-wf3Jjx_Li6ozYrc43qVxZmn5KLPtIwT9f7DAr8TW5IoJA=w1159-h869-s-no-gm?authuser=1"},{"@type":"BreadcrumbList","@id":"https:\/\/sp13.mielec.pl\/?p=784#breadcrumb","itemListElement":[{"@type":"ListItem","position":1,"name":"Home","item":"https:\/\/sp13.mielec.pl\/"},{"@type":"ListItem","position":2,"name":"MAGIA \u015aWI\u0104T W SERCU MIELCA"}]},{"@type":"WebSite","@id":"https:\/\/sp13.mielec.pl\/#website","url":"https:\/\/sp13.mielec.pl\/","name":"SZKO\u0141A PODSTAWOWA NR 13 W MIELCU","description":"im. Jana Bytnara Rudego","publisher":{"@id":"https:\/\/sp13.mielec.pl\/#organization"},"potentialAction":[{"@type":"SearchAction","target":{"@type":"EntryPoint","urlTemplate":"https:\/\/sp13.mielec.pl\/?s={search_term_string}"},"query-input":{"@type":"PropertyValueSpecification","valueRequired":true,"valueName":"search_term_string"}}],"inLanguage":"pl-PL"},{"@type":"Organization","@id":"https:\/\/sp13.mielec.pl\/#organization","name":"SZKO\u0141A PODSTAWOWA NR 13 W MIELCU","url":"https:\/\/sp13.mielec.pl\/","logo":{"@type":"ImageObject","inLanguage":"pl-PL","@id":"https:\/\/sp13.mielec.pl\/#\/schema\/logo\/image\/","url":"https:\/\/sp13.mielec.pl\/wp-content\/uploads\/2025\/09\/cropped-cropped-herb-szkoly-ezgif.com-resize-1.gif","contentUrl":"https:\/\/sp13.mielec.pl\/wp-content\/uploads\/2025\/09\/cropped-cropped-herb-szkoly-ezgif.com-resize-1.gif","width":150,"height":150,"caption":"SZKO\u0141A PODSTAWOWA NR 13 W MIELCU"},"image":{"@id":"https:\/\/sp13.mielec.pl\/#\/schema\/logo\/image\/"},"sameAs":["https:\/\/www.facebook.com\/profile.php?id=100075648866324#"]},{"@type":"Person","@id":"https:\/\/sp13.mielec.pl\/#\/schema\/person\/2989c58771a7ac215a1cfc4a80217749","name":"admin","image":{"@type":"ImageObject","inLanguage":"pl-PL","@id":"https:\/\/sp13.mielec.pl\/#\/schema\/person\/image\/","url":"https:\/\/secure.gravatar.com\/avatar\/0bcae7b6c78740ebf93d8baa9f8db1cc7c98a1a17f4f0455cf5bd11ce783ef38?s=96&d=mm&r=g","contentUrl":"https:\/\/secure.gravatar.com\/avatar\/0bcae7b6c78740ebf93d8baa9f8db1cc7c98a1a17f4f0455cf5bd11ce783ef38?s=96&d=mm&r=g","caption":"admin"},"sameAs":["http:\/\/gim4.home.pl\/autoinstalator\/wordpressplugins2"],"url":"https:\/\/sp13.mielec.pl\/?author=1"}]}},"rttpg_featured_image_url":null,"rttpg_author":{"display_name":"admin","author_link":"https:\/\/sp13.mielec.pl\/?author=1"},"rttpg_comment":0,"rttpg_category":"<a href=\"https:\/\/sp13.mielec.pl\/?cat=1\" rel=\"category\">Bez kategorii<\/a>","rttpg_excerpt":"W dniu 19 grudnia w Samorz\u0105dowym Centrum Kultury w Mielcu wydarzy\u0142o si\u0119 co\u015b naprawd\u0119 wyj\u0105tkowego. Prezydent Miasta Mielca wsp\u00f3lnie z Pani\u0105 Dyrektor Dorot\u0105 Buczek i uczniami Szko\u0142y Podstawowej nr 13 im. Jana Bytnara \u201eRudego\u201d zaprosili nas do \u015bwiata, w kt\u00f3rym ...","_links":{"self":[{"href":"https:\/\/sp13.mielec.pl\/index.php?rest_route=\/wp\/v2\/posts\/784","targetHints":{"allow":["GET"]}}],"collection":[{"href":"https:\/\/sp13.mielec.pl\/index.php?rest_route=\/wp\/v2\/posts"}],"about":[{"href":"https:\/\/sp13.mielec.pl\/index.php?rest_route=\/wp\/v2\/types\/post"}],"author":[{"embeddable":true,"href":"https:\/\/sp13.mielec.pl\/index.php?rest_route=\/wp\/v2\/users\/1"}],"replies":[{"embeddable":true,"href":"https:\/\/sp13.mielec.pl\/index.php?rest_route=%2Fwp%2Fv2%2Fcomments&post=784"}],"version-history":[{"count":1,"href":"https:\/\/sp13.mielec.pl\/index.php?rest_route=\/wp\/v2\/posts\/784\/revisions"}],"predecessor-version":[{"id":785,"href":"https:\/\/sp13.mielec.pl\/index.php?rest_route=\/wp\/v2\/posts\/784\/revisions\/785"}],"wp:attachment":[{"href":"https:\/\/sp13.mielec.pl\/index.php?rest_route=%2Fwp%2Fv2%2Fmedia&parent=784"}],"wp:term":[{"taxonomy":"category","embeddable":true,"href":"https:\/\/sp13.mielec.pl\/index.php?rest_route=%2Fwp%2Fv2%2Fcategories&post=784"},{"taxonomy":"post_tag","embeddable":true,"href":"https:\/\/sp13.mielec.pl\/index.php?rest_route=%2Fwp%2Fv2%2Ftags&post=784"}],"curies":[{"name":"wp","href":"https:\/\/api.w.org\/{rel}","templated":true}]}}