{"id":746,"date":"2025-12-08T08:15:06","date_gmt":"2025-12-08T07:15:06","guid":{"rendered":"https:\/\/sp13.mielec.pl\/?p=746"},"modified":"2025-12-08T08:15:08","modified_gmt":"2025-12-08T07:15:08","slug":"zawody-lekkoatletyczne","status":"publish","type":"post","link":"https:\/\/sp13.mielec.pl\/?p=746","title":{"rendered":"ZAWODY LEKKOATLETYCZNE"},"content":{"rendered":"\n<figure class=\"wp-block-image size-large\"><img decoding=\"async\" src=\"https:\/\/lh3.googleusercontent.com\/pw\/AP1GczNCNH3WO2UPTVv_6ofuG4TiEOPP70avvgpy-UE2uQys8onWHpSH624GWEPiVN3vHi33Vj7bFZri-V-aheAlja6lYdl3z44fiJF71OyuyjjQgOOfyC6HRAo-XMCPD9PwsUfYjD6uJMPovAhRbxibbmJIDQ=w1684-h948-s-no-gm?authuser=2\" alt=\"\"\/><\/figure>\n\n\n\n<p>4 grudnia 2025 r. w hali LKS Stal Mielec odby\u0142y si\u0119 <strong>Halowe Miko\u0142ajkowe Zawody Lekkoatletyczne<\/strong>, w kt\u00f3rych nasi uczniowie zaprezentowali \u015bwietn\u0105 form\u0119 i <strong>zdobyli <\/strong>\u0142\u0105cznie <strong>9 medali<\/strong>.<\/p>\n\n\n\n<p>Wyniki naszych zawodnik\u00f3w:<\/p>\n\n\n\n<p>Bieg na 300 m:<\/p>\n\n\n\n<p><strong>Iga Remiszewska<\/strong> \u2013 2 miejsce<\/p>\n\n\n\n<p><strong>Milena Cis\u0142o<\/strong> \u2013 4 miejsce<\/p>\n\n\n\n<p><strong>Maksymilian Koba<\/strong> \u2013 2 miejsce<\/p>\n\n\n\n<p>Skok w dal:<\/p>\n\n\n\n<p><strong>Maja Ratusi\u0144ska<\/strong> \u2013 3 miejsce<\/p>\n\n\n\n<p><strong>Wojciech Chwiej<\/strong> \u2013 3 miejsce<\/p>\n\n\n\n<p><strong>Maja Nowosiad\u0142o<\/strong> \u2013 6 miejsce<\/p>\n\n\n\n<p>Bieg na 600 m:<\/p>\n\n\n\n<p><strong>Ma\u0142gorzata Zi\u0119ba<\/strong> \u2013 2 miejsce<\/p>\n\n\n\n<p><strong>Lena Hryniszyn<\/strong> \u2013 5 miejsce<\/p>\n\n\n\n<p>Bieg na 60 m:<\/p>\n\n\n\n<p><strong>Emilia Cichosz<\/strong> \u2013 4 miejsce<\/p>\n\n\n\n<p>Opiekunami naszej reprezentacji byli pani Lucyna Kalkowska oraz pan Jaros\u0142aw Surowiec.<\/p>\n\n\n\n<p>Serdecznie gratulujemy wszystkim zawodnikom i \u017cyczymy kolejnych sportowych sukces\u00f3w!<\/p>\n\n\n\n<p><a href=\"https:\/\/photos.app.goo.gl\/wKXqro67YQDoocJ58\">https:\/\/photos.app.goo.gl\/wKXqro67YQDoocJ58<\/a><\/p>\n","protected":false},"excerpt":{"rendered":"<p>4 grudnia 2025 r. w hali LKS Stal Mielec odby\u0142y si\u0119 Halowe Miko\u0142ajkowe Zawody Lekkoatletyczne, w kt\u00f3rych nasi uczniowie zaprezentowali \u015bwietn\u0105 form\u0119 i zdobyli \u0142\u0105cznie 9 medali. Wyniki naszych zawodnik\u00f3w: Bieg na 300 m: Iga Remiszewska \u2013 2 miejsce Milena <a href=\"https:\/\/sp13.mielec.pl\/?p=746\" class=\"read-more\">&#8230;<\/a><\/p>\n","protected":false},"author":1,"featured_media":0,"comment_status":"closed","ping_status":"closed","sticky":false,"template":"","format":"standard","meta":{"_themeisle_gutenberg_block_has_review":false,"footnotes":""},"categories":[1],"tags":[],"class_list":["post-746","post","type-post","status-publish","format-standard","hentry","category-bez-kategorii"],"yoast_head":"<!-- This site is optimized with the Yoast SEO plugin v25.9 - https:\/\/yoast.com\/wordpress\/plugins\/seo\/ -->\n<title>ZAWODY LEKKOATLETYCZNE - SZKO\u0141A PODSTAWOWA NR 13 W MIELCU<\/title>\n<meta name=\"description\" content=\"Szko\u0142a Podstawowa nr 13 w Mielcu\" \/>\n<meta name=\"robots\" content=\"index, follow, max-snippet:-1, max-image-preview:large, max-video-preview:-1\" \/>\n<link rel=\"canonical\" href=\"https:\/\/sp13.mielec.pl\/?p=746\" \/>\n<meta property=\"og:locale\" content=\"pl_PL\" \/>\n<meta property=\"og:type\" content=\"article\" \/>\n<meta property=\"og:title\" content=\"ZAWODY LEKKOATLETYCZNE - SZKO\u0141A PODSTAWOWA NR 13 W MIELCU\" \/>\n<meta property=\"og:description\" content=\"Szko\u0142a Podstawowa nr 13 w Mielcu\" \/>\n<meta property=\"og:url\" content=\"https:\/\/sp13.mielec.pl\/?p=746\" \/>\n<meta property=\"og:site_name\" content=\"SZKO\u0141A PODSTAWOWA NR 13 W MIELCU\" \/>\n<meta property=\"article:publisher\" content=\"https:\/\/www.facebook.com\/profile.php?id=100075648866324#\" \/>\n<meta property=\"article:published_time\" content=\"2025-12-08T07:15:06+00:00\" \/>\n<meta property=\"article:modified_time\" content=\"2025-12-08T07:15:08+00:00\" \/>\n<meta property=\"og:image\" content=\"https:\/\/lh3.googleusercontent.com\/pw\/AP1GczNCNH3WO2UPTVv_6ofuG4TiEOPP70avvgpy-UE2uQys8onWHpSH624GWEPiVN3vHi33Vj7bFZri-V-aheAlja6lYdl3z44fiJF71OyuyjjQgOOfyC6HRAo-XMCPD9PwsUfYjD6uJMPovAhRbxibbmJIDQ=w1684-h948-s-no-gm?authuser=2\" \/>\n<meta name=\"author\" content=\"admin\" \/>\n<meta name=\"twitter:card\" content=\"summary_large_image\" \/>\n<meta name=\"twitter:label1\" content=\"Napisane przez\" \/>\n\t<meta name=\"twitter:data1\" content=\"admin\" \/>\n\t<meta name=\"twitter:label2\" content=\"Szacowany czas czytania\" \/>\n\t<meta name=\"twitter:data2\" content=\"1 minuta\" \/>\n<script type=\"application\/ld+json\" class=\"yoast-schema-graph\">{\"@context\":\"https:\/\/schema.org\",\"@graph\":[{\"@type\":\"Article\",\"@id\":\"https:\/\/sp13.mielec.pl\/?p=746#article\",\"isPartOf\":{\"@id\":\"https:\/\/sp13.mielec.pl\/?p=746\"},\"author\":{\"name\":\"admin\",\"@id\":\"https:\/\/sp13.mielec.pl\/#\/schema\/person\/2989c58771a7ac215a1cfc4a80217749\"},\"headline\":\"ZAWODY LEKKOATLETYCZNE\",\"datePublished\":\"2025-12-08T07:15:06+00:00\",\"dateModified\":\"2025-12-08T07:15:08+00:00\",\"mainEntityOfPage\":{\"@id\":\"https:\/\/sp13.mielec.pl\/?p=746\"},\"wordCount\":106,\"publisher\":{\"@id\":\"https:\/\/sp13.mielec.pl\/#organization\"},\"image\":{\"@id\":\"https:\/\/sp13.mielec.pl\/?p=746#primaryimage\"},\"thumbnailUrl\":\"https:\/\/lh3.googleusercontent.com\/pw\/AP1GczNCNH3WO2UPTVv_6ofuG4TiEOPP70avvgpy-UE2uQys8onWHpSH624GWEPiVN3vHi33Vj7bFZri-V-aheAlja6lYdl3z44fiJF71OyuyjjQgOOfyC6HRAo-XMCPD9PwsUfYjD6uJMPovAhRbxibbmJIDQ=w1684-h948-s-no-gm?authuser=2\",\"inLanguage\":\"pl-PL\"},{\"@type\":\"WebPage\",\"@id\":\"https:\/\/sp13.mielec.pl\/?p=746\",\"url\":\"https:\/\/sp13.mielec.pl\/?p=746\",\"name\":\"ZAWODY LEKKOATLETYCZNE - SZKO\u0141A PODSTAWOWA NR 13 W MIELCU\",\"isPartOf\":{\"@id\":\"https:\/\/sp13.mielec.pl\/#website\"},\"primaryImageOfPage\":{\"@id\":\"https:\/\/sp13.mielec.pl\/?p=746#primaryimage\"},\"image\":{\"@id\":\"https:\/\/sp13.mielec.pl\/?p=746#primaryimage\"},\"thumbnailUrl\":\"https:\/\/lh3.googleusercontent.com\/pw\/AP1GczNCNH3WO2UPTVv_6ofuG4TiEOPP70avvgpy-UE2uQys8onWHpSH624GWEPiVN3vHi33Vj7bFZri-V-aheAlja6lYdl3z44fiJF71OyuyjjQgOOfyC6HRAo-XMCPD9PwsUfYjD6uJMPovAhRbxibbmJIDQ=w1684-h948-s-no-gm?authuser=2\",\"datePublished\":\"2025-12-08T07:15:06+00:00\",\"dateModified\":\"2025-12-08T07:15:08+00:00\",\"description\":\"Szko\u0142a Podstawowa nr 13 w Mielcu\",\"breadcrumb\":{\"@id\":\"https:\/\/sp13.mielec.pl\/?p=746#breadcrumb\"},\"inLanguage\":\"pl-PL\",\"potentialAction\":[{\"@type\":\"ReadAction\",\"target\":[\"https:\/\/sp13.mielec.pl\/?p=746\"]}]},{\"@type\":\"ImageObject\",\"inLanguage\":\"pl-PL\",\"@id\":\"https:\/\/sp13.mielec.pl\/?p=746#primaryimage\",\"url\":\"https:\/\/lh3.googleusercontent.com\/pw\/AP1GczNCNH3WO2UPTVv_6ofuG4TiEOPP70avvgpy-UE2uQys8onWHpSH624GWEPiVN3vHi33Vj7bFZri-V-aheAlja6lYdl3z44fiJF71OyuyjjQgOOfyC6HRAo-XMCPD9PwsUfYjD6uJMPovAhRbxibbmJIDQ=w1684-h948-s-no-gm?authuser=2\",\"contentUrl\":\"https:\/\/lh3.googleusercontent.com\/pw\/AP1GczNCNH3WO2UPTVv_6ofuG4TiEOPP70avvgpy-UE2uQys8onWHpSH624GWEPiVN3vHi33Vj7bFZri-V-aheAlja6lYdl3z44fiJF71OyuyjjQgOOfyC6HRAo-XMCPD9PwsUfYjD6uJMPovAhRbxibbmJIDQ=w1684-h948-s-no-gm?authuser=2\"},{\"@type\":\"BreadcrumbList\",\"@id\":\"https:\/\/sp13.mielec.pl\/?p=746#breadcrumb\",\"itemListElement\":[{\"@type\":\"ListItem\",\"position\":1,\"name\":\"Home\",\"item\":\"https:\/\/sp13.mielec.pl\/\"},{\"@type\":\"ListItem\",\"position\":2,\"name\":\"ZAWODY LEKKOATLETYCZNE\"}]},{\"@type\":\"WebSite\",\"@id\":\"https:\/\/sp13.mielec.pl\/#website\",\"url\":\"https:\/\/sp13.mielec.pl\/\",\"name\":\"SZKO\u0141A PODSTAWOWA NR 13 W MIELCU\",\"description\":\"im. Jana Bytnara Rudego\",\"publisher\":{\"@id\":\"https:\/\/sp13.mielec.pl\/#organization\"},\"potentialAction\":[{\"@type\":\"SearchAction\",\"target\":{\"@type\":\"EntryPoint\",\"urlTemplate\":\"https:\/\/sp13.mielec.pl\/?s={search_term_string}\"},\"query-input\":{\"@type\":\"PropertyValueSpecification\",\"valueRequired\":true,\"valueName\":\"search_term_string\"}}],\"inLanguage\":\"pl-PL\"},{\"@type\":\"Organization\",\"@id\":\"https:\/\/sp13.mielec.pl\/#organization\",\"name\":\"SZKO\u0141A PODSTAWOWA NR 13 W MIELCU\",\"url\":\"https:\/\/sp13.mielec.pl\/\",\"logo\":{\"@type\":\"ImageObject\",\"inLanguage\":\"pl-PL\",\"@id\":\"https:\/\/sp13.mielec.pl\/#\/schema\/logo\/image\/\",\"url\":\"https:\/\/sp13.mielec.pl\/wp-content\/uploads\/2025\/09\/cropped-cropped-herb-szkoly-ezgif.com-resize-1.gif\",\"contentUrl\":\"https:\/\/sp13.mielec.pl\/wp-content\/uploads\/2025\/09\/cropped-cropped-herb-szkoly-ezgif.com-resize-1.gif\",\"width\":150,\"height\":150,\"caption\":\"SZKO\u0141A PODSTAWOWA NR 13 W MIELCU\"},\"image\":{\"@id\":\"https:\/\/sp13.mielec.pl\/#\/schema\/logo\/image\/\"},\"sameAs\":[\"https:\/\/www.facebook.com\/profile.php?id=100075648866324#\"]},{\"@type\":\"Person\",\"@id\":\"https:\/\/sp13.mielec.pl\/#\/schema\/person\/2989c58771a7ac215a1cfc4a80217749\",\"name\":\"admin\",\"image\":{\"@type\":\"ImageObject\",\"inLanguage\":\"pl-PL\",\"@id\":\"https:\/\/sp13.mielec.pl\/#\/schema\/person\/image\/\",\"url\":\"https:\/\/secure.gravatar.com\/avatar\/0bcae7b6c78740ebf93d8baa9f8db1cc7c98a1a17f4f0455cf5bd11ce783ef38?s=96&d=mm&r=g\",\"contentUrl\":\"https:\/\/secure.gravatar.com\/avatar\/0bcae7b6c78740ebf93d8baa9f8db1cc7c98a1a17f4f0455cf5bd11ce783ef38?s=96&d=mm&r=g\",\"caption\":\"admin\"},\"sameAs\":[\"http:\/\/gim4.home.pl\/autoinstalator\/wordpressplugins2\"],\"url\":\"https:\/\/sp13.mielec.pl\/?author=1\"}]}<\/script>\n<!-- \/ Yoast SEO plugin. -->","yoast_head_json":{"title":"ZAWODY LEKKOATLETYCZNE - SZKO\u0141A PODSTAWOWA NR 13 W MIELCU","description":"Szko\u0142a Podstawowa nr 13 w Mielcu","robots":{"index":"index","follow":"follow","max-snippet":"max-snippet:-1","max-image-preview":"max-image-preview:large","max-video-preview":"max-video-preview:-1"},"canonical":"https:\/\/sp13.mielec.pl\/?p=746","og_locale":"pl_PL","og_type":"article","og_title":"ZAWODY LEKKOATLETYCZNE - SZKO\u0141A PODSTAWOWA NR 13 W MIELCU","og_description":"Szko\u0142a Podstawowa nr 13 w Mielcu","og_url":"https:\/\/sp13.mielec.pl\/?p=746","og_site_name":"SZKO\u0141A PODSTAWOWA NR 13 W MIELCU","article_publisher":"https:\/\/www.facebook.com\/profile.php?id=100075648866324#","article_published_time":"2025-12-08T07:15:06+00:00","article_modified_time":"2025-12-08T07:15:08+00:00","og_image":[{"url":"https:\/\/lh3.googleusercontent.com\/pw\/AP1GczNCNH3WO2UPTVv_6ofuG4TiEOPP70avvgpy-UE2uQys8onWHpSH624GWEPiVN3vHi33Vj7bFZri-V-aheAlja6lYdl3z44fiJF71OyuyjjQgOOfyC6HRAo-XMCPD9PwsUfYjD6uJMPovAhRbxibbmJIDQ=w1684-h948-s-no-gm?authuser=2","type":"","width":"","height":""}],"author":"admin","twitter_card":"summary_large_image","twitter_misc":{"Napisane przez":"admin","Szacowany czas czytania":"1 minuta"},"schema":{"@context":"https:\/\/schema.org","@graph":[{"@type":"Article","@id":"https:\/\/sp13.mielec.pl\/?p=746#article","isPartOf":{"@id":"https:\/\/sp13.mielec.pl\/?p=746"},"author":{"name":"admin","@id":"https:\/\/sp13.mielec.pl\/#\/schema\/person\/2989c58771a7ac215a1cfc4a80217749"},"headline":"ZAWODY LEKKOATLETYCZNE","datePublished":"2025-12-08T07:15:06+00:00","dateModified":"2025-12-08T07:15:08+00:00","mainEntityOfPage":{"@id":"https:\/\/sp13.mielec.pl\/?p=746"},"wordCount":106,"publisher":{"@id":"https:\/\/sp13.mielec.pl\/#organization"},"image":{"@id":"https:\/\/sp13.mielec.pl\/?p=746#primaryimage"},"thumbnailUrl":"https:\/\/lh3.googleusercontent.com\/pw\/AP1GczNCNH3WO2UPTVv_6ofuG4TiEOPP70avvgpy-UE2uQys8onWHpSH624GWEPiVN3vHi33Vj7bFZri-V-aheAlja6lYdl3z44fiJF71OyuyjjQgOOfyC6HRAo-XMCPD9PwsUfYjD6uJMPovAhRbxibbmJIDQ=w1684-h948-s-no-gm?authuser=2","inLanguage":"pl-PL"},{"@type":"WebPage","@id":"https:\/\/sp13.mielec.pl\/?p=746","url":"https:\/\/sp13.mielec.pl\/?p=746","name":"ZAWODY LEKKOATLETYCZNE - SZKO\u0141A PODSTAWOWA NR 13 W MIELCU","isPartOf":{"@id":"https:\/\/sp13.mielec.pl\/#website"},"primaryImageOfPage":{"@id":"https:\/\/sp13.mielec.pl\/?p=746#primaryimage"},"image":{"@id":"https:\/\/sp13.mielec.pl\/?p=746#primaryimage"},"thumbnailUrl":"https:\/\/lh3.googleusercontent.com\/pw\/AP1GczNCNH3WO2UPTVv_6ofuG4TiEOPP70avvgpy-UE2uQys8onWHpSH624GWEPiVN3vHi33Vj7bFZri-V-aheAlja6lYdl3z44fiJF71OyuyjjQgOOfyC6HRAo-XMCPD9PwsUfYjD6uJMPovAhRbxibbmJIDQ=w1684-h948-s-no-gm?authuser=2","datePublished":"2025-12-08T07:15:06+00:00","dateModified":"2025-12-08T07:15:08+00:00","description":"Szko\u0142a Podstawowa nr 13 w Mielcu","breadcrumb":{"@id":"https:\/\/sp13.mielec.pl\/?p=746#breadcrumb"},"inLanguage":"pl-PL","potentialAction":[{"@type":"ReadAction","target":["https:\/\/sp13.mielec.pl\/?p=746"]}]},{"@type":"ImageObject","inLanguage":"pl-PL","@id":"https:\/\/sp13.mielec.pl\/?p=746#primaryimage","url":"https:\/\/lh3.googleusercontent.com\/pw\/AP1GczNCNH3WO2UPTVv_6ofuG4TiEOPP70avvgpy-UE2uQys8onWHpSH624GWEPiVN3vHi33Vj7bFZri-V-aheAlja6lYdl3z44fiJF71OyuyjjQgOOfyC6HRAo-XMCPD9PwsUfYjD6uJMPovAhRbxibbmJIDQ=w1684-h948-s-no-gm?authuser=2","contentUrl":"https:\/\/lh3.googleusercontent.com\/pw\/AP1GczNCNH3WO2UPTVv_6ofuG4TiEOPP70avvgpy-UE2uQys8onWHpSH624GWEPiVN3vHi33Vj7bFZri-V-aheAlja6lYdl3z44fiJF71OyuyjjQgOOfyC6HRAo-XMCPD9PwsUfYjD6uJMPovAhRbxibbmJIDQ=w1684-h948-s-no-gm?authuser=2"},{"@type":"BreadcrumbList","@id":"https:\/\/sp13.mielec.pl\/?p=746#breadcrumb","itemListElement":[{"@type":"ListItem","position":1,"name":"Home","item":"https:\/\/sp13.mielec.pl\/"},{"@type":"ListItem","position":2,"name":"ZAWODY LEKKOATLETYCZNE"}]},{"@type":"WebSite","@id":"https:\/\/sp13.mielec.pl\/#website","url":"https:\/\/sp13.mielec.pl\/","name":"SZKO\u0141A PODSTAWOWA NR 13 W MIELCU","description":"im. Jana Bytnara Rudego","publisher":{"@id":"https:\/\/sp13.mielec.pl\/#organization"},"potentialAction":[{"@type":"SearchAction","target":{"@type":"EntryPoint","urlTemplate":"https:\/\/sp13.mielec.pl\/?s={search_term_string}"},"query-input":{"@type":"PropertyValueSpecification","valueRequired":true,"valueName":"search_term_string"}}],"inLanguage":"pl-PL"},{"@type":"Organization","@id":"https:\/\/sp13.mielec.pl\/#organization","name":"SZKO\u0141A PODSTAWOWA NR 13 W MIELCU","url":"https:\/\/sp13.mielec.pl\/","logo":{"@type":"ImageObject","inLanguage":"pl-PL","@id":"https:\/\/sp13.mielec.pl\/#\/schema\/logo\/image\/","url":"https:\/\/sp13.mielec.pl\/wp-content\/uploads\/2025\/09\/cropped-cropped-herb-szkoly-ezgif.com-resize-1.gif","contentUrl":"https:\/\/sp13.mielec.pl\/wp-content\/uploads\/2025\/09\/cropped-cropped-herb-szkoly-ezgif.com-resize-1.gif","width":150,"height":150,"caption":"SZKO\u0141A PODSTAWOWA NR 13 W MIELCU"},"image":{"@id":"https:\/\/sp13.mielec.pl\/#\/schema\/logo\/image\/"},"sameAs":["https:\/\/www.facebook.com\/profile.php?id=100075648866324#"]},{"@type":"Person","@id":"https:\/\/sp13.mielec.pl\/#\/schema\/person\/2989c58771a7ac215a1cfc4a80217749","name":"admin","image":{"@type":"ImageObject","inLanguage":"pl-PL","@id":"https:\/\/sp13.mielec.pl\/#\/schema\/person\/image\/","url":"https:\/\/secure.gravatar.com\/avatar\/0bcae7b6c78740ebf93d8baa9f8db1cc7c98a1a17f4f0455cf5bd11ce783ef38?s=96&d=mm&r=g","contentUrl":"https:\/\/secure.gravatar.com\/avatar\/0bcae7b6c78740ebf93d8baa9f8db1cc7c98a1a17f4f0455cf5bd11ce783ef38?s=96&d=mm&r=g","caption":"admin"},"sameAs":["http:\/\/gim4.home.pl\/autoinstalator\/wordpressplugins2"],"url":"https:\/\/sp13.mielec.pl\/?author=1"}]}},"rttpg_featured_image_url":null,"rttpg_author":{"display_name":"admin","author_link":"https:\/\/sp13.mielec.pl\/?author=1"},"rttpg_comment":0,"rttpg_category":"<a href=\"https:\/\/sp13.mielec.pl\/?cat=1\" rel=\"category\">Bez kategorii<\/a>","rttpg_excerpt":"4 grudnia 2025 r. w hali LKS Stal Mielec odby\u0142y si\u0119 Halowe Miko\u0142ajkowe Zawody Lekkoatletyczne, w kt\u00f3rych nasi uczniowie zaprezentowali \u015bwietn\u0105 form\u0119 i zdobyli \u0142\u0105cznie 9 medali. Wyniki naszych zawodnik\u00f3w: Bieg na 300 m: Iga Remiszewska \u2013 2 miejsce Milena ...","_links":{"self":[{"href":"https:\/\/sp13.mielec.pl\/index.php?rest_route=\/wp\/v2\/posts\/746","targetHints":{"allow":["GET"]}}],"collection":[{"href":"https:\/\/sp13.mielec.pl\/index.php?rest_route=\/wp\/v2\/posts"}],"about":[{"href":"https:\/\/sp13.mielec.pl\/index.php?rest_route=\/wp\/v2\/types\/post"}],"author":[{"embeddable":true,"href":"https:\/\/sp13.mielec.pl\/index.php?rest_route=\/wp\/v2\/users\/1"}],"replies":[{"embeddable":true,"href":"https:\/\/sp13.mielec.pl\/index.php?rest_route=%2Fwp%2Fv2%2Fcomments&post=746"}],"version-history":[{"count":1,"href":"https:\/\/sp13.mielec.pl\/index.php?rest_route=\/wp\/v2\/posts\/746\/revisions"}],"predecessor-version":[{"id":747,"href":"https:\/\/sp13.mielec.pl\/index.php?rest_route=\/wp\/v2\/posts\/746\/revisions\/747"}],"wp:attachment":[{"href":"https:\/\/sp13.mielec.pl\/index.php?rest_route=%2Fwp%2Fv2%2Fmedia&parent=746"}],"wp:term":[{"taxonomy":"category","embeddable":true,"href":"https:\/\/sp13.mielec.pl\/index.php?rest_route=%2Fwp%2Fv2%2Fcategories&post=746"},{"taxonomy":"post_tag","embeddable":true,"href":"https:\/\/sp13.mielec.pl\/index.php?rest_route=%2Fwp%2Fv2%2Ftags&post=746"}],"curies":[{"name":"wp","href":"https:\/\/api.w.org\/{rel}","templated":true}]}}