{"id":700,"date":"2025-11-19T08:10:27","date_gmt":"2025-11-19T07:10:27","guid":{"rendered":"https:\/\/sp13.mielec.pl\/?p=700"},"modified":"2025-11-19T08:15:20","modified_gmt":"2025-11-19T07:15:20","slug":"sukces-mai-na-xix-powiatowym-festiwalu-piosenki-obcojezycznej","status":"publish","type":"post","link":"https:\/\/sp13.mielec.pl\/?p=700","title":{"rendered":"SUKCES MAI NA XIX POWIATOWYM FESTIWALU PIOSENKI OBCOJ\u0118ZYCZNEJ!"},"content":{"rendered":"\n<figure class=\"wp-block-image size-large\"><img decoding=\"async\" src=\"https:\/\/media.istockphoto.com\/id\/1015749258\/pl\/zdj%C4%99cie\/m%C5%82oda-kobieta-%C5%9Bpiewa-karaoke.jpg?s=612x612&amp;w=0&amp;k=20&amp;c=Iq0pzSFs7zEB4TSHzgP2ml_dP1xOWzbWTtaQxoZvylg=\" alt=\"\"\/><\/figure>\n\n\n\n<p>Z ogromn\u0105 dum\u0105 informujemy, \u017ce nasza utalentowana uczennica, <strong>Maja Maziarska<\/strong>, zdoby\u0142a <strong>II miejsce<\/strong> w XIX Powiatowym Festiwalu Piosenki Obcoj\u0119zycznej, kt\u00f3ry odby\u0142 si\u0119 w \u015al\u0119zakach. To wyj\u0105tkowe osi\u0105gni\u0119cie \u015bwiadczy o jej nieprzeci\u0119tnym talencie wokalnym oraz zaanga\u017cowaniu w rozwijanie umiej\u0119tno\u015bci j\u0119zykowych.<\/p>\n\n\n\n<p>Gratulujemy Mai i \u017cyczymy dalszych sukces\u00f3w na artystycznej drodze!<\/p>\n\n\n\n<p>Opiekunem Mai jest pani Ewa Ziemba-Z\u0105bek.<\/p>\n","protected":false},"excerpt":{"rendered":"<p>Z ogromn\u0105 dum\u0105 informujemy, \u017ce nasza utalentowana uczennica, Maja Maziarska, zdoby\u0142a II miejsce w XIX Powiatowym Festiwalu Piosenki Obcoj\u0119zycznej, kt\u00f3ry odby\u0142 si\u0119 w \u015al\u0119zakach. To wyj\u0105tkowe osi\u0105gni\u0119cie \u015bwiadczy o jej nieprzeci\u0119tnym talencie wokalnym oraz zaanga\u017cowaniu w rozwijanie umiej\u0119tno\u015bci j\u0119zykowych. Gratulujemy <a href=\"https:\/\/sp13.mielec.pl\/?p=700\" class=\"read-more\">&#8230;<\/a><\/p>\n","protected":false},"author":1,"featured_media":0,"comment_status":"closed","ping_status":"closed","sticky":false,"template":"","format":"standard","meta":{"_themeisle_gutenberg_block_has_review":false,"footnotes":""},"categories":[1],"tags":[],"class_list":["post-700","post","type-post","status-publish","format-standard","hentry","category-bez-kategorii"],"yoast_head":"<!-- This site is optimized with the Yoast SEO plugin v25.9 - https:\/\/yoast.com\/wordpress\/plugins\/seo\/ -->\n<title>SUKCES MAI NA XIX POWIATOWYM FESTIWALU PIOSENKI OBCOJ\u0118ZYCZNEJ! - SZKO\u0141A PODSTAWOWA NR 13 W MIELCU<\/title>\n<meta name=\"description\" content=\"Szko\u0142a Podstawowa nr 13 w Mielcu\" \/>\n<meta name=\"robots\" content=\"index, follow, max-snippet:-1, max-image-preview:large, max-video-preview:-1\" \/>\n<link rel=\"canonical\" href=\"https:\/\/sp13.mielec.pl\/?p=700\" \/>\n<meta property=\"og:locale\" content=\"pl_PL\" \/>\n<meta property=\"og:type\" content=\"article\" \/>\n<meta property=\"og:title\" content=\"SUKCES MAI NA XIX POWIATOWYM FESTIWALU PIOSENKI OBCOJ\u0118ZYCZNEJ! - SZKO\u0141A PODSTAWOWA NR 13 W MIELCU\" \/>\n<meta property=\"og:description\" content=\"Szko\u0142a Podstawowa nr 13 w Mielcu\" \/>\n<meta property=\"og:url\" content=\"https:\/\/sp13.mielec.pl\/?p=700\" \/>\n<meta property=\"og:site_name\" content=\"SZKO\u0141A PODSTAWOWA NR 13 W MIELCU\" \/>\n<meta property=\"article:publisher\" content=\"https:\/\/www.facebook.com\/profile.php?id=100075648866324#\" \/>\n<meta property=\"article:published_time\" content=\"2025-11-19T07:10:27+00:00\" \/>\n<meta property=\"article:modified_time\" content=\"2025-11-19T07:15:20+00:00\" \/>\n<meta property=\"og:image\" content=\"https:\/\/media.istockphoto.com\/id\/1015749258\/pl\/zdj%C4%99cie\/m%C5%82oda-kobieta-%C5%9Bpiewa-karaoke.jpg?s=612x612&amp;w=0&amp;k=20&amp;c=Iq0pzSFs7zEB4TSHzgP2ml_dP1xOWzbWTtaQxoZvylg=\" \/>\n<meta name=\"author\" content=\"admin\" \/>\n<meta name=\"twitter:card\" content=\"summary_large_image\" \/>\n<meta name=\"twitter:label1\" content=\"Napisane przez\" \/>\n\t<meta name=\"twitter:data1\" content=\"admin\" \/>\n\t<meta name=\"twitter:label2\" content=\"Szacowany czas czytania\" \/>\n\t<meta name=\"twitter:data2\" content=\"1 minuta\" \/>\n<script type=\"application\/ld+json\" class=\"yoast-schema-graph\">{\"@context\":\"https:\/\/schema.org\",\"@graph\":[{\"@type\":\"Article\",\"@id\":\"https:\/\/sp13.mielec.pl\/?p=700#article\",\"isPartOf\":{\"@id\":\"https:\/\/sp13.mielec.pl\/?p=700\"},\"author\":{\"name\":\"admin\",\"@id\":\"https:\/\/sp13.mielec.pl\/#\/schema\/person\/2989c58771a7ac215a1cfc4a80217749\"},\"headline\":\"SUKCES MAI NA XIX POWIATOWYM FESTIWALU PIOSENKI OBCOJ\u0118ZYCZNEJ!\",\"datePublished\":\"2025-11-19T07:10:27+00:00\",\"dateModified\":\"2025-11-19T07:15:20+00:00\",\"mainEntityOfPage\":{\"@id\":\"https:\/\/sp13.mielec.pl\/?p=700\"},\"wordCount\":77,\"publisher\":{\"@id\":\"https:\/\/sp13.mielec.pl\/#organization\"},\"image\":{\"@id\":\"https:\/\/sp13.mielec.pl\/?p=700#primaryimage\"},\"thumbnailUrl\":\"https:\/\/media.istockphoto.com\/id\/1015749258\/pl\/zdj%C4%99cie\/m%C5%82oda-kobieta-%C5%9Bpiewa-karaoke.jpg?s=612x612&amp;w=0&amp;k=20&amp;c=Iq0pzSFs7zEB4TSHzgP2ml_dP1xOWzbWTtaQxoZvylg=\",\"inLanguage\":\"pl-PL\"},{\"@type\":\"WebPage\",\"@id\":\"https:\/\/sp13.mielec.pl\/?p=700\",\"url\":\"https:\/\/sp13.mielec.pl\/?p=700\",\"name\":\"SUKCES MAI NA XIX POWIATOWYM FESTIWALU PIOSENKI OBCOJ\u0118ZYCZNEJ! - SZKO\u0141A PODSTAWOWA NR 13 W MIELCU\",\"isPartOf\":{\"@id\":\"https:\/\/sp13.mielec.pl\/#website\"},\"primaryImageOfPage\":{\"@id\":\"https:\/\/sp13.mielec.pl\/?p=700#primaryimage\"},\"image\":{\"@id\":\"https:\/\/sp13.mielec.pl\/?p=700#primaryimage\"},\"thumbnailUrl\":\"https:\/\/media.istockphoto.com\/id\/1015749258\/pl\/zdj%C4%99cie\/m%C5%82oda-kobieta-%C5%9Bpiewa-karaoke.jpg?s=612x612&amp;w=0&amp;k=20&amp;c=Iq0pzSFs7zEB4TSHzgP2ml_dP1xOWzbWTtaQxoZvylg=\",\"datePublished\":\"2025-11-19T07:10:27+00:00\",\"dateModified\":\"2025-11-19T07:15:20+00:00\",\"description\":\"Szko\u0142a Podstawowa nr 13 w Mielcu\",\"breadcrumb\":{\"@id\":\"https:\/\/sp13.mielec.pl\/?p=700#breadcrumb\"},\"inLanguage\":\"pl-PL\",\"potentialAction\":[{\"@type\":\"ReadAction\",\"target\":[\"https:\/\/sp13.mielec.pl\/?p=700\"]}]},{\"@type\":\"ImageObject\",\"inLanguage\":\"pl-PL\",\"@id\":\"https:\/\/sp13.mielec.pl\/?p=700#primaryimage\",\"url\":\"https:\/\/media.istockphoto.com\/id\/1015749258\/pl\/zdj%C4%99cie\/m%C5%82oda-kobieta-%C5%9Bpiewa-karaoke.jpg?s=612x612&amp;w=0&amp;k=20&amp;c=Iq0pzSFs7zEB4TSHzgP2ml_dP1xOWzbWTtaQxoZvylg=\",\"contentUrl\":\"https:\/\/media.istockphoto.com\/id\/1015749258\/pl\/zdj%C4%99cie\/m%C5%82oda-kobieta-%C5%9Bpiewa-karaoke.jpg?s=612x612&amp;w=0&amp;k=20&amp;c=Iq0pzSFs7zEB4TSHzgP2ml_dP1xOWzbWTtaQxoZvylg=\"},{\"@type\":\"BreadcrumbList\",\"@id\":\"https:\/\/sp13.mielec.pl\/?p=700#breadcrumb\",\"itemListElement\":[{\"@type\":\"ListItem\",\"position\":1,\"name\":\"Home\",\"item\":\"https:\/\/sp13.mielec.pl\/\"},{\"@type\":\"ListItem\",\"position\":2,\"name\":\"SUKCES MAI NA XIX POWIATOWYM FESTIWALU PIOSENKI OBCOJ\u0118ZYCZNEJ!\"}]},{\"@type\":\"WebSite\",\"@id\":\"https:\/\/sp13.mielec.pl\/#website\",\"url\":\"https:\/\/sp13.mielec.pl\/\",\"name\":\"SZKO\u0141A PODSTAWOWA NR 13 W MIELCU\",\"description\":\"im. Jana Bytnara Rudego\",\"publisher\":{\"@id\":\"https:\/\/sp13.mielec.pl\/#organization\"},\"potentialAction\":[{\"@type\":\"SearchAction\",\"target\":{\"@type\":\"EntryPoint\",\"urlTemplate\":\"https:\/\/sp13.mielec.pl\/?s={search_term_string}\"},\"query-input\":{\"@type\":\"PropertyValueSpecification\",\"valueRequired\":true,\"valueName\":\"search_term_string\"}}],\"inLanguage\":\"pl-PL\"},{\"@type\":\"Organization\",\"@id\":\"https:\/\/sp13.mielec.pl\/#organization\",\"name\":\"SZKO\u0141A PODSTAWOWA NR 13 W MIELCU\",\"url\":\"https:\/\/sp13.mielec.pl\/\",\"logo\":{\"@type\":\"ImageObject\",\"inLanguage\":\"pl-PL\",\"@id\":\"https:\/\/sp13.mielec.pl\/#\/schema\/logo\/image\/\",\"url\":\"https:\/\/sp13.mielec.pl\/wp-content\/uploads\/2025\/09\/cropped-cropped-herb-szkoly-ezgif.com-resize-1.gif\",\"contentUrl\":\"https:\/\/sp13.mielec.pl\/wp-content\/uploads\/2025\/09\/cropped-cropped-herb-szkoly-ezgif.com-resize-1.gif\",\"width\":150,\"height\":150,\"caption\":\"SZKO\u0141A PODSTAWOWA NR 13 W MIELCU\"},\"image\":{\"@id\":\"https:\/\/sp13.mielec.pl\/#\/schema\/logo\/image\/\"},\"sameAs\":[\"https:\/\/www.facebook.com\/profile.php?id=100075648866324#\"]},{\"@type\":\"Person\",\"@id\":\"https:\/\/sp13.mielec.pl\/#\/schema\/person\/2989c58771a7ac215a1cfc4a80217749\",\"name\":\"admin\",\"image\":{\"@type\":\"ImageObject\",\"inLanguage\":\"pl-PL\",\"@id\":\"https:\/\/sp13.mielec.pl\/#\/schema\/person\/image\/\",\"url\":\"https:\/\/secure.gravatar.com\/avatar\/0bcae7b6c78740ebf93d8baa9f8db1cc7c98a1a17f4f0455cf5bd11ce783ef38?s=96&d=mm&r=g\",\"contentUrl\":\"https:\/\/secure.gravatar.com\/avatar\/0bcae7b6c78740ebf93d8baa9f8db1cc7c98a1a17f4f0455cf5bd11ce783ef38?s=96&d=mm&r=g\",\"caption\":\"admin\"},\"sameAs\":[\"http:\/\/gim4.home.pl\/autoinstalator\/wordpressplugins2\"],\"url\":\"https:\/\/sp13.mielec.pl\/?author=1\"}]}<\/script>\n<!-- \/ Yoast SEO plugin. -->","yoast_head_json":{"title":"SUKCES MAI NA XIX POWIATOWYM FESTIWALU PIOSENKI OBCOJ\u0118ZYCZNEJ! - SZKO\u0141A PODSTAWOWA NR 13 W MIELCU","description":"Szko\u0142a Podstawowa nr 13 w Mielcu","robots":{"index":"index","follow":"follow","max-snippet":"max-snippet:-1","max-image-preview":"max-image-preview:large","max-video-preview":"max-video-preview:-1"},"canonical":"https:\/\/sp13.mielec.pl\/?p=700","og_locale":"pl_PL","og_type":"article","og_title":"SUKCES MAI NA XIX POWIATOWYM FESTIWALU PIOSENKI OBCOJ\u0118ZYCZNEJ! - SZKO\u0141A PODSTAWOWA NR 13 W MIELCU","og_description":"Szko\u0142a Podstawowa nr 13 w Mielcu","og_url":"https:\/\/sp13.mielec.pl\/?p=700","og_site_name":"SZKO\u0141A PODSTAWOWA NR 13 W MIELCU","article_publisher":"https:\/\/www.facebook.com\/profile.php?id=100075648866324#","article_published_time":"2025-11-19T07:10:27+00:00","article_modified_time":"2025-11-19T07:15:20+00:00","og_image":[{"url":"https:\/\/media.istockphoto.com\/id\/1015749258\/pl\/zdj%C4%99cie\/m%C5%82oda-kobieta-%C5%9Bpiewa-karaoke.jpg?s=612x612&amp;w=0&amp;k=20&amp;c=Iq0pzSFs7zEB4TSHzgP2ml_dP1xOWzbWTtaQxoZvylg=","type":"","width":"","height":""}],"author":"admin","twitter_card":"summary_large_image","twitter_misc":{"Napisane przez":"admin","Szacowany czas czytania":"1 minuta"},"schema":{"@context":"https:\/\/schema.org","@graph":[{"@type":"Article","@id":"https:\/\/sp13.mielec.pl\/?p=700#article","isPartOf":{"@id":"https:\/\/sp13.mielec.pl\/?p=700"},"author":{"name":"admin","@id":"https:\/\/sp13.mielec.pl\/#\/schema\/person\/2989c58771a7ac215a1cfc4a80217749"},"headline":"SUKCES MAI NA XIX POWIATOWYM FESTIWALU PIOSENKI OBCOJ\u0118ZYCZNEJ!","datePublished":"2025-11-19T07:10:27+00:00","dateModified":"2025-11-19T07:15:20+00:00","mainEntityOfPage":{"@id":"https:\/\/sp13.mielec.pl\/?p=700"},"wordCount":77,"publisher":{"@id":"https:\/\/sp13.mielec.pl\/#organization"},"image":{"@id":"https:\/\/sp13.mielec.pl\/?p=700#primaryimage"},"thumbnailUrl":"https:\/\/media.istockphoto.com\/id\/1015749258\/pl\/zdj%C4%99cie\/m%C5%82oda-kobieta-%C5%9Bpiewa-karaoke.jpg?s=612x612&amp;w=0&amp;k=20&amp;c=Iq0pzSFs7zEB4TSHzgP2ml_dP1xOWzbWTtaQxoZvylg=","inLanguage":"pl-PL"},{"@type":"WebPage","@id":"https:\/\/sp13.mielec.pl\/?p=700","url":"https:\/\/sp13.mielec.pl\/?p=700","name":"SUKCES MAI NA XIX POWIATOWYM FESTIWALU PIOSENKI OBCOJ\u0118ZYCZNEJ! - SZKO\u0141A PODSTAWOWA NR 13 W MIELCU","isPartOf":{"@id":"https:\/\/sp13.mielec.pl\/#website"},"primaryImageOfPage":{"@id":"https:\/\/sp13.mielec.pl\/?p=700#primaryimage"},"image":{"@id":"https:\/\/sp13.mielec.pl\/?p=700#primaryimage"},"thumbnailUrl":"https:\/\/media.istockphoto.com\/id\/1015749258\/pl\/zdj%C4%99cie\/m%C5%82oda-kobieta-%C5%9Bpiewa-karaoke.jpg?s=612x612&amp;w=0&amp;k=20&amp;c=Iq0pzSFs7zEB4TSHzgP2ml_dP1xOWzbWTtaQxoZvylg=","datePublished":"2025-11-19T07:10:27+00:00","dateModified":"2025-11-19T07:15:20+00:00","description":"Szko\u0142a Podstawowa nr 13 w Mielcu","breadcrumb":{"@id":"https:\/\/sp13.mielec.pl\/?p=700#breadcrumb"},"inLanguage":"pl-PL","potentialAction":[{"@type":"ReadAction","target":["https:\/\/sp13.mielec.pl\/?p=700"]}]},{"@type":"ImageObject","inLanguage":"pl-PL","@id":"https:\/\/sp13.mielec.pl\/?p=700#primaryimage","url":"https:\/\/media.istockphoto.com\/id\/1015749258\/pl\/zdj%C4%99cie\/m%C5%82oda-kobieta-%C5%9Bpiewa-karaoke.jpg?s=612x612&amp;w=0&amp;k=20&amp;c=Iq0pzSFs7zEB4TSHzgP2ml_dP1xOWzbWTtaQxoZvylg=","contentUrl":"https:\/\/media.istockphoto.com\/id\/1015749258\/pl\/zdj%C4%99cie\/m%C5%82oda-kobieta-%C5%9Bpiewa-karaoke.jpg?s=612x612&amp;w=0&amp;k=20&amp;c=Iq0pzSFs7zEB4TSHzgP2ml_dP1xOWzbWTtaQxoZvylg="},{"@type":"BreadcrumbList","@id":"https:\/\/sp13.mielec.pl\/?p=700#breadcrumb","itemListElement":[{"@type":"ListItem","position":1,"name":"Home","item":"https:\/\/sp13.mielec.pl\/"},{"@type":"ListItem","position":2,"name":"SUKCES MAI NA XIX POWIATOWYM FESTIWALU PIOSENKI OBCOJ\u0118ZYCZNEJ!"}]},{"@type":"WebSite","@id":"https:\/\/sp13.mielec.pl\/#website","url":"https:\/\/sp13.mielec.pl\/","name":"SZKO\u0141A PODSTAWOWA NR 13 W MIELCU","description":"im. Jana Bytnara Rudego","publisher":{"@id":"https:\/\/sp13.mielec.pl\/#organization"},"potentialAction":[{"@type":"SearchAction","target":{"@type":"EntryPoint","urlTemplate":"https:\/\/sp13.mielec.pl\/?s={search_term_string}"},"query-input":{"@type":"PropertyValueSpecification","valueRequired":true,"valueName":"search_term_string"}}],"inLanguage":"pl-PL"},{"@type":"Organization","@id":"https:\/\/sp13.mielec.pl\/#organization","name":"SZKO\u0141A PODSTAWOWA NR 13 W MIELCU","url":"https:\/\/sp13.mielec.pl\/","logo":{"@type":"ImageObject","inLanguage":"pl-PL","@id":"https:\/\/sp13.mielec.pl\/#\/schema\/logo\/image\/","url":"https:\/\/sp13.mielec.pl\/wp-content\/uploads\/2025\/09\/cropped-cropped-herb-szkoly-ezgif.com-resize-1.gif","contentUrl":"https:\/\/sp13.mielec.pl\/wp-content\/uploads\/2025\/09\/cropped-cropped-herb-szkoly-ezgif.com-resize-1.gif","width":150,"height":150,"caption":"SZKO\u0141A PODSTAWOWA NR 13 W MIELCU"},"image":{"@id":"https:\/\/sp13.mielec.pl\/#\/schema\/logo\/image\/"},"sameAs":["https:\/\/www.facebook.com\/profile.php?id=100075648866324#"]},{"@type":"Person","@id":"https:\/\/sp13.mielec.pl\/#\/schema\/person\/2989c58771a7ac215a1cfc4a80217749","name":"admin","image":{"@type":"ImageObject","inLanguage":"pl-PL","@id":"https:\/\/sp13.mielec.pl\/#\/schema\/person\/image\/","url":"https:\/\/secure.gravatar.com\/avatar\/0bcae7b6c78740ebf93d8baa9f8db1cc7c98a1a17f4f0455cf5bd11ce783ef38?s=96&d=mm&r=g","contentUrl":"https:\/\/secure.gravatar.com\/avatar\/0bcae7b6c78740ebf93d8baa9f8db1cc7c98a1a17f4f0455cf5bd11ce783ef38?s=96&d=mm&r=g","caption":"admin"},"sameAs":["http:\/\/gim4.home.pl\/autoinstalator\/wordpressplugins2"],"url":"https:\/\/sp13.mielec.pl\/?author=1"}]}},"rttpg_featured_image_url":null,"rttpg_author":{"display_name":"admin","author_link":"https:\/\/sp13.mielec.pl\/?author=1"},"rttpg_comment":0,"rttpg_category":"<a href=\"https:\/\/sp13.mielec.pl\/?cat=1\" rel=\"category\">Bez kategorii<\/a>","rttpg_excerpt":"Z ogromn\u0105 dum\u0105 informujemy, \u017ce nasza utalentowana uczennica, Maja Maziarska, zdoby\u0142a II miejsce w XIX Powiatowym Festiwalu Piosenki Obcoj\u0119zycznej, kt\u00f3ry odby\u0142 si\u0119 w \u015al\u0119zakach. To wyj\u0105tkowe osi\u0105gni\u0119cie \u015bwiadczy o jej nieprzeci\u0119tnym talencie wokalnym oraz zaanga\u017cowaniu w rozwijanie umiej\u0119tno\u015bci j\u0119zykowych. Gratulujemy ...","_links":{"self":[{"href":"https:\/\/sp13.mielec.pl\/index.php?rest_route=\/wp\/v2\/posts\/700","targetHints":{"allow":["GET"]}}],"collection":[{"href":"https:\/\/sp13.mielec.pl\/index.php?rest_route=\/wp\/v2\/posts"}],"about":[{"href":"https:\/\/sp13.mielec.pl\/index.php?rest_route=\/wp\/v2\/types\/post"}],"author":[{"embeddable":true,"href":"https:\/\/sp13.mielec.pl\/index.php?rest_route=\/wp\/v2\/users\/1"}],"replies":[{"embeddable":true,"href":"https:\/\/sp13.mielec.pl\/index.php?rest_route=%2Fwp%2Fv2%2Fcomments&post=700"}],"version-history":[{"count":2,"href":"https:\/\/sp13.mielec.pl\/index.php?rest_route=\/wp\/v2\/posts\/700\/revisions"}],"predecessor-version":[{"id":703,"href":"https:\/\/sp13.mielec.pl\/index.php?rest_route=\/wp\/v2\/posts\/700\/revisions\/703"}],"wp:attachment":[{"href":"https:\/\/sp13.mielec.pl\/index.php?rest_route=%2Fwp%2Fv2%2Fmedia&parent=700"}],"wp:term":[{"taxonomy":"category","embeddable":true,"href":"https:\/\/sp13.mielec.pl\/index.php?rest_route=%2Fwp%2Fv2%2Fcategories&post=700"},{"taxonomy":"post_tag","embeddable":true,"href":"https:\/\/sp13.mielec.pl\/index.php?rest_route=%2Fwp%2Fv2%2Ftags&post=700"}],"curies":[{"name":"wp","href":"https:\/\/api.w.org\/{rel}","templated":true}]}}