{"id":577,"date":"2025-10-16T08:58:22","date_gmt":"2025-10-16T06:58:22","guid":{"rendered":"https:\/\/sp13.mielec.pl\/?p=577"},"modified":"2025-10-16T08:58:23","modified_gmt":"2025-10-16T06:58:23","slug":"sp13-zwyciezca-mieleckiego-budzetu-obywatelskiego","status":"publish","type":"post","link":"https:\/\/sp13.mielec.pl\/?p=577","title":{"rendered":"SP13 ZWYCI\u0118ZC\u0104 MIELECKIEGO BUD\u017bETU OBYWATELSKIEGO!"},"content":{"rendered":"\n<figure class=\"wp-block-image size-large\"><img decoding=\"async\" src=\"https:\/\/static2.mielec.tv\/data\/articles\/sm-16x9-rozstrzygnieto-osma-edycje-mbo-jest-znany-zwyciezca-projektu-1760538172.jpg\" alt=\"\"\/><\/figure>\n\n\n\n<p>Z ogromn\u0105 rado\u015bci\u0105 i dum\u0105 informujemy, \u017ce Szko\u0142a Podstawowa nr 13 im. Jana Bytnara \u201eRudego\u201d w Mielcu zosta\u0142a zwyci\u0119zc\u0105 \u00f3smej edycji Mieleckiego Bud\u017cetu Obywatelskiego!<\/p>\n\n\n\n<p>W g\u0142osowaniu, kt\u00f3re odby\u0142o si\u0119 w dniach 20\u201330 wrze\u015bnia 2025 r., mieszka\u0144cy naszego miasta oddali ponad 13 tysi\u0119cy kart do g\u0142osowania, a projekt og\u00f3lnomiejski \u201eModernizacja boiska i bie\u017cni przy Szkole Podstawowej nr 13\u201d zdoby\u0142 a\u017c 3952 g\u0142osy, uzyskuj\u0105c pierwsze miejsce w ca\u0142ym Mielcu!<\/p>\n\n\n\n<p>Dzi\u0119ki ogromnemu zaanga\u017cowaniu uczni\u00f3w, rodzic\u00f3w, nauczycieli oraz przyjaci\u00f3\u0142 naszej szko\u0142y \u2014 ju\u017c w 2026 roku nasz kompleks sportowy zyska nowe \u017cycie! Powstanie nowoczesne boisko i bie\u017cnia, kt\u00f3re stan\u0105 si\u0119 miejscem rozwijania pasji sportowych, rywalizacji fair play i wsp\u00f3lnej zabawy dla ca\u0142ej spo\u0142eczno\u015bci szkolnej oraz mieszka\u0144c\u00f3w osiedla.<\/p>\n\n\n\n<p>Serdecznie dzi\u0119kujemy wszystkim, kt\u00f3rzy oddali sw\u00f3j g\u0142os na nasz projekt. To dzi\u0119ki Wam marzenia naszych uczni\u00f3w o nowoczesnej infrastrukturze sportowej stan\u0105 si\u0119 rzeczywisto\u015bci\u0105!<\/p>\n\n\n","protected":false},"excerpt":{"rendered":"<p>Z ogromn\u0105 rado\u015bci\u0105 i dum\u0105 informujemy, \u017ce Szko\u0142a Podstawowa nr 13 im. Jana Bytnara \u201eRudego\u201d w Mielcu zosta\u0142a zwyci\u0119zc\u0105 \u00f3smej edycji Mieleckiego Bud\u017cetu Obywatelskiego! W g\u0142osowaniu, kt\u00f3re odby\u0142o si\u0119 w dniach 20\u201330 wrze\u015bnia 2025 r., mieszka\u0144cy naszego miasta oddali ponad <a href=\"https:\/\/sp13.mielec.pl\/?p=577\" class=\"read-more\">&#8230;<\/a><\/p>\n","protected":false},"author":1,"featured_media":0,"comment_status":"closed","ping_status":"closed","sticky":false,"template":"","format":"standard","meta":{"_themeisle_gutenberg_block_has_review":false,"footnotes":""},"categories":[1],"tags":[],"class_list":["post-577","post","type-post","status-publish","format-standard","hentry","category-bez-kategorii"],"yoast_head":"<!-- This site is optimized with the Yoast SEO plugin v25.9 - https:\/\/yoast.com\/wordpress\/plugins\/seo\/ -->\n<title>SP13 ZWYCI\u0118ZC\u0104 MIELECKIEGO BUD\u017bETU OBYWATELSKIEGO! - SZKO\u0141A PODSTAWOWA NR 13 W MIELCU<\/title>\n<meta name=\"description\" content=\"Szko\u0142a Podstawowa nr 13 w Mielcu\" \/>\n<meta name=\"robots\" content=\"index, follow, max-snippet:-1, max-image-preview:large, max-video-preview:-1\" \/>\n<link rel=\"canonical\" href=\"https:\/\/sp13.mielec.pl\/?p=577\" \/>\n<meta property=\"og:locale\" content=\"pl_PL\" \/>\n<meta property=\"og:type\" content=\"article\" \/>\n<meta property=\"og:title\" content=\"SP13 ZWYCI\u0118ZC\u0104 MIELECKIEGO BUD\u017bETU OBYWATELSKIEGO! - SZKO\u0141A PODSTAWOWA NR 13 W MIELCU\" \/>\n<meta property=\"og:description\" content=\"Szko\u0142a Podstawowa nr 13 w Mielcu\" \/>\n<meta property=\"og:url\" content=\"https:\/\/sp13.mielec.pl\/?p=577\" \/>\n<meta property=\"og:site_name\" content=\"SZKO\u0141A PODSTAWOWA NR 13 W MIELCU\" \/>\n<meta property=\"article:publisher\" content=\"https:\/\/www.facebook.com\/profile.php?id=100075648866324#\" \/>\n<meta property=\"article:published_time\" content=\"2025-10-16T06:58:22+00:00\" \/>\n<meta property=\"article:modified_time\" content=\"2025-10-16T06:58:23+00:00\" \/>\n<meta property=\"og:image\" content=\"https:\/\/static2.mielec.tv\/data\/articles\/sm-16x9-rozstrzygnieto-osma-edycje-mbo-jest-znany-zwyciezca-projektu-1760538172.jpg\" \/>\n<meta name=\"author\" content=\"admin\" \/>\n<meta name=\"twitter:card\" content=\"summary_large_image\" \/>\n<meta name=\"twitter:label1\" content=\"Napisane przez\" \/>\n\t<meta name=\"twitter:data1\" content=\"admin\" \/>\n\t<meta name=\"twitter:label2\" content=\"Szacowany czas czytania\" \/>\n\t<meta name=\"twitter:data2\" content=\"2 minuty\" \/>\n<script type=\"application\/ld+json\" class=\"yoast-schema-graph\">{\"@context\":\"https:\/\/schema.org\",\"@graph\":[{\"@type\":\"Article\",\"@id\":\"https:\/\/sp13.mielec.pl\/?p=577#article\",\"isPartOf\":{\"@id\":\"https:\/\/sp13.mielec.pl\/?p=577\"},\"author\":{\"name\":\"admin\",\"@id\":\"https:\/\/sp13.mielec.pl\/#\/schema\/person\/2989c58771a7ac215a1cfc4a80217749\"},\"headline\":\"SP13 ZWYCI\u0118ZC\u0104 MIELECKIEGO BUD\u017bETU OBYWATELSKIEGO!\",\"datePublished\":\"2025-10-16T06:58:22+00:00\",\"dateModified\":\"2025-10-16T06:58:23+00:00\",\"mainEntityOfPage\":{\"@id\":\"https:\/\/sp13.mielec.pl\/?p=577\"},\"wordCount\":172,\"publisher\":{\"@id\":\"https:\/\/sp13.mielec.pl\/#organization\"},\"image\":{\"@id\":\"https:\/\/sp13.mielec.pl\/?p=577#primaryimage\"},\"thumbnailUrl\":\"https:\/\/static2.mielec.tv\/data\/articles\/sm-16x9-rozstrzygnieto-osma-edycje-mbo-jest-znany-zwyciezca-projektu-1760538172.jpg\",\"inLanguage\":\"pl-PL\"},{\"@type\":\"WebPage\",\"@id\":\"https:\/\/sp13.mielec.pl\/?p=577\",\"url\":\"https:\/\/sp13.mielec.pl\/?p=577\",\"name\":\"SP13 ZWYCI\u0118ZC\u0104 MIELECKIEGO BUD\u017bETU OBYWATELSKIEGO! - SZKO\u0141A PODSTAWOWA NR 13 W MIELCU\",\"isPartOf\":{\"@id\":\"https:\/\/sp13.mielec.pl\/#website\"},\"primaryImageOfPage\":{\"@id\":\"https:\/\/sp13.mielec.pl\/?p=577#primaryimage\"},\"image\":{\"@id\":\"https:\/\/sp13.mielec.pl\/?p=577#primaryimage\"},\"thumbnailUrl\":\"https:\/\/static2.mielec.tv\/data\/articles\/sm-16x9-rozstrzygnieto-osma-edycje-mbo-jest-znany-zwyciezca-projektu-1760538172.jpg\",\"datePublished\":\"2025-10-16T06:58:22+00:00\",\"dateModified\":\"2025-10-16T06:58:23+00:00\",\"description\":\"Szko\u0142a Podstawowa nr 13 w Mielcu\",\"breadcrumb\":{\"@id\":\"https:\/\/sp13.mielec.pl\/?p=577#breadcrumb\"},\"inLanguage\":\"pl-PL\",\"potentialAction\":[{\"@type\":\"ReadAction\",\"target\":[\"https:\/\/sp13.mielec.pl\/?p=577\"]}]},{\"@type\":\"ImageObject\",\"inLanguage\":\"pl-PL\",\"@id\":\"https:\/\/sp13.mielec.pl\/?p=577#primaryimage\",\"url\":\"https:\/\/static2.mielec.tv\/data\/articles\/sm-16x9-rozstrzygnieto-osma-edycje-mbo-jest-znany-zwyciezca-projektu-1760538172.jpg\",\"contentUrl\":\"https:\/\/static2.mielec.tv\/data\/articles\/sm-16x9-rozstrzygnieto-osma-edycje-mbo-jest-znany-zwyciezca-projektu-1760538172.jpg\"},{\"@type\":\"BreadcrumbList\",\"@id\":\"https:\/\/sp13.mielec.pl\/?p=577#breadcrumb\",\"itemListElement\":[{\"@type\":\"ListItem\",\"position\":1,\"name\":\"Home\",\"item\":\"https:\/\/sp13.mielec.pl\/\"},{\"@type\":\"ListItem\",\"position\":2,\"name\":\"SP13 ZWYCI\u0118ZC\u0104 MIELECKIEGO BUD\u017bETU OBYWATELSKIEGO!\"}]},{\"@type\":\"WebSite\",\"@id\":\"https:\/\/sp13.mielec.pl\/#website\",\"url\":\"https:\/\/sp13.mielec.pl\/\",\"name\":\"SZKO\u0141A PODSTAWOWA NR 13 W MIELCU\",\"description\":\"im. Jana Bytnara Rudego\",\"publisher\":{\"@id\":\"https:\/\/sp13.mielec.pl\/#organization\"},\"potentialAction\":[{\"@type\":\"SearchAction\",\"target\":{\"@type\":\"EntryPoint\",\"urlTemplate\":\"https:\/\/sp13.mielec.pl\/?s={search_term_string}\"},\"query-input\":{\"@type\":\"PropertyValueSpecification\",\"valueRequired\":true,\"valueName\":\"search_term_string\"}}],\"inLanguage\":\"pl-PL\"},{\"@type\":\"Organization\",\"@id\":\"https:\/\/sp13.mielec.pl\/#organization\",\"name\":\"SZKO\u0141A PODSTAWOWA NR 13 W MIELCU\",\"url\":\"https:\/\/sp13.mielec.pl\/\",\"logo\":{\"@type\":\"ImageObject\",\"inLanguage\":\"pl-PL\",\"@id\":\"https:\/\/sp13.mielec.pl\/#\/schema\/logo\/image\/\",\"url\":\"https:\/\/sp13.mielec.pl\/wp-content\/uploads\/2025\/09\/cropped-cropped-herb-szkoly-ezgif.com-resize-1.gif\",\"contentUrl\":\"https:\/\/sp13.mielec.pl\/wp-content\/uploads\/2025\/09\/cropped-cropped-herb-szkoly-ezgif.com-resize-1.gif\",\"width\":150,\"height\":150,\"caption\":\"SZKO\u0141A PODSTAWOWA NR 13 W MIELCU\"},\"image\":{\"@id\":\"https:\/\/sp13.mielec.pl\/#\/schema\/logo\/image\/\"},\"sameAs\":[\"https:\/\/www.facebook.com\/profile.php?id=100075648866324#\"]},{\"@type\":\"Person\",\"@id\":\"https:\/\/sp13.mielec.pl\/#\/schema\/person\/2989c58771a7ac215a1cfc4a80217749\",\"name\":\"admin\",\"image\":{\"@type\":\"ImageObject\",\"inLanguage\":\"pl-PL\",\"@id\":\"https:\/\/sp13.mielec.pl\/#\/schema\/person\/image\/\",\"url\":\"https:\/\/secure.gravatar.com\/avatar\/0bcae7b6c78740ebf93d8baa9f8db1cc7c98a1a17f4f0455cf5bd11ce783ef38?s=96&d=mm&r=g\",\"contentUrl\":\"https:\/\/secure.gravatar.com\/avatar\/0bcae7b6c78740ebf93d8baa9f8db1cc7c98a1a17f4f0455cf5bd11ce783ef38?s=96&d=mm&r=g\",\"caption\":\"admin\"},\"sameAs\":[\"http:\/\/gim4.home.pl\/autoinstalator\/wordpressplugins2\"],\"url\":\"https:\/\/sp13.mielec.pl\/?author=1\"}]}<\/script>\n<!-- \/ Yoast SEO plugin. -->","yoast_head_json":{"title":"SP13 ZWYCI\u0118ZC\u0104 MIELECKIEGO BUD\u017bETU OBYWATELSKIEGO! - SZKO\u0141A PODSTAWOWA NR 13 W MIELCU","description":"Szko\u0142a Podstawowa nr 13 w Mielcu","robots":{"index":"index","follow":"follow","max-snippet":"max-snippet:-1","max-image-preview":"max-image-preview:large","max-video-preview":"max-video-preview:-1"},"canonical":"https:\/\/sp13.mielec.pl\/?p=577","og_locale":"pl_PL","og_type":"article","og_title":"SP13 ZWYCI\u0118ZC\u0104 MIELECKIEGO BUD\u017bETU OBYWATELSKIEGO! - SZKO\u0141A PODSTAWOWA NR 13 W MIELCU","og_description":"Szko\u0142a Podstawowa nr 13 w Mielcu","og_url":"https:\/\/sp13.mielec.pl\/?p=577","og_site_name":"SZKO\u0141A PODSTAWOWA NR 13 W MIELCU","article_publisher":"https:\/\/www.facebook.com\/profile.php?id=100075648866324#","article_published_time":"2025-10-16T06:58:22+00:00","article_modified_time":"2025-10-16T06:58:23+00:00","og_image":[{"url":"https:\/\/static2.mielec.tv\/data\/articles\/sm-16x9-rozstrzygnieto-osma-edycje-mbo-jest-znany-zwyciezca-projektu-1760538172.jpg","type":"","width":"","height":""}],"author":"admin","twitter_card":"summary_large_image","twitter_misc":{"Napisane przez":"admin","Szacowany czas czytania":"2 minuty"},"schema":{"@context":"https:\/\/schema.org","@graph":[{"@type":"Article","@id":"https:\/\/sp13.mielec.pl\/?p=577#article","isPartOf":{"@id":"https:\/\/sp13.mielec.pl\/?p=577"},"author":{"name":"admin","@id":"https:\/\/sp13.mielec.pl\/#\/schema\/person\/2989c58771a7ac215a1cfc4a80217749"},"headline":"SP13 ZWYCI\u0118ZC\u0104 MIELECKIEGO BUD\u017bETU OBYWATELSKIEGO!","datePublished":"2025-10-16T06:58:22+00:00","dateModified":"2025-10-16T06:58:23+00:00","mainEntityOfPage":{"@id":"https:\/\/sp13.mielec.pl\/?p=577"},"wordCount":172,"publisher":{"@id":"https:\/\/sp13.mielec.pl\/#organization"},"image":{"@id":"https:\/\/sp13.mielec.pl\/?p=577#primaryimage"},"thumbnailUrl":"https:\/\/static2.mielec.tv\/data\/articles\/sm-16x9-rozstrzygnieto-osma-edycje-mbo-jest-znany-zwyciezca-projektu-1760538172.jpg","inLanguage":"pl-PL"},{"@type":"WebPage","@id":"https:\/\/sp13.mielec.pl\/?p=577","url":"https:\/\/sp13.mielec.pl\/?p=577","name":"SP13 ZWYCI\u0118ZC\u0104 MIELECKIEGO BUD\u017bETU OBYWATELSKIEGO! - SZKO\u0141A PODSTAWOWA NR 13 W MIELCU","isPartOf":{"@id":"https:\/\/sp13.mielec.pl\/#website"},"primaryImageOfPage":{"@id":"https:\/\/sp13.mielec.pl\/?p=577#primaryimage"},"image":{"@id":"https:\/\/sp13.mielec.pl\/?p=577#primaryimage"},"thumbnailUrl":"https:\/\/static2.mielec.tv\/data\/articles\/sm-16x9-rozstrzygnieto-osma-edycje-mbo-jest-znany-zwyciezca-projektu-1760538172.jpg","datePublished":"2025-10-16T06:58:22+00:00","dateModified":"2025-10-16T06:58:23+00:00","description":"Szko\u0142a Podstawowa nr 13 w Mielcu","breadcrumb":{"@id":"https:\/\/sp13.mielec.pl\/?p=577#breadcrumb"},"inLanguage":"pl-PL","potentialAction":[{"@type":"ReadAction","target":["https:\/\/sp13.mielec.pl\/?p=577"]}]},{"@type":"ImageObject","inLanguage":"pl-PL","@id":"https:\/\/sp13.mielec.pl\/?p=577#primaryimage","url":"https:\/\/static2.mielec.tv\/data\/articles\/sm-16x9-rozstrzygnieto-osma-edycje-mbo-jest-znany-zwyciezca-projektu-1760538172.jpg","contentUrl":"https:\/\/static2.mielec.tv\/data\/articles\/sm-16x9-rozstrzygnieto-osma-edycje-mbo-jest-znany-zwyciezca-projektu-1760538172.jpg"},{"@type":"BreadcrumbList","@id":"https:\/\/sp13.mielec.pl\/?p=577#breadcrumb","itemListElement":[{"@type":"ListItem","position":1,"name":"Home","item":"https:\/\/sp13.mielec.pl\/"},{"@type":"ListItem","position":2,"name":"SP13 ZWYCI\u0118ZC\u0104 MIELECKIEGO BUD\u017bETU OBYWATELSKIEGO!"}]},{"@type":"WebSite","@id":"https:\/\/sp13.mielec.pl\/#website","url":"https:\/\/sp13.mielec.pl\/","name":"SZKO\u0141A PODSTAWOWA NR 13 W MIELCU","description":"im. Jana Bytnara Rudego","publisher":{"@id":"https:\/\/sp13.mielec.pl\/#organization"},"potentialAction":[{"@type":"SearchAction","target":{"@type":"EntryPoint","urlTemplate":"https:\/\/sp13.mielec.pl\/?s={search_term_string}"},"query-input":{"@type":"PropertyValueSpecification","valueRequired":true,"valueName":"search_term_string"}}],"inLanguage":"pl-PL"},{"@type":"Organization","@id":"https:\/\/sp13.mielec.pl\/#organization","name":"SZKO\u0141A PODSTAWOWA NR 13 W MIELCU","url":"https:\/\/sp13.mielec.pl\/","logo":{"@type":"ImageObject","inLanguage":"pl-PL","@id":"https:\/\/sp13.mielec.pl\/#\/schema\/logo\/image\/","url":"https:\/\/sp13.mielec.pl\/wp-content\/uploads\/2025\/09\/cropped-cropped-herb-szkoly-ezgif.com-resize-1.gif","contentUrl":"https:\/\/sp13.mielec.pl\/wp-content\/uploads\/2025\/09\/cropped-cropped-herb-szkoly-ezgif.com-resize-1.gif","width":150,"height":150,"caption":"SZKO\u0141A PODSTAWOWA NR 13 W MIELCU"},"image":{"@id":"https:\/\/sp13.mielec.pl\/#\/schema\/logo\/image\/"},"sameAs":["https:\/\/www.facebook.com\/profile.php?id=100075648866324#"]},{"@type":"Person","@id":"https:\/\/sp13.mielec.pl\/#\/schema\/person\/2989c58771a7ac215a1cfc4a80217749","name":"admin","image":{"@type":"ImageObject","inLanguage":"pl-PL","@id":"https:\/\/sp13.mielec.pl\/#\/schema\/person\/image\/","url":"https:\/\/secure.gravatar.com\/avatar\/0bcae7b6c78740ebf93d8baa9f8db1cc7c98a1a17f4f0455cf5bd11ce783ef38?s=96&d=mm&r=g","contentUrl":"https:\/\/secure.gravatar.com\/avatar\/0bcae7b6c78740ebf93d8baa9f8db1cc7c98a1a17f4f0455cf5bd11ce783ef38?s=96&d=mm&r=g","caption":"admin"},"sameAs":["http:\/\/gim4.home.pl\/autoinstalator\/wordpressplugins2"],"url":"https:\/\/sp13.mielec.pl\/?author=1"}]}},"rttpg_featured_image_url":null,"rttpg_author":{"display_name":"admin","author_link":"https:\/\/sp13.mielec.pl\/?author=1"},"rttpg_comment":0,"rttpg_category":"<a href=\"https:\/\/sp13.mielec.pl\/?cat=1\" rel=\"category\">Bez kategorii<\/a>","rttpg_excerpt":"Z ogromn\u0105 rado\u015bci\u0105 i dum\u0105 informujemy, \u017ce Szko\u0142a Podstawowa nr 13 im. Jana Bytnara \u201eRudego\u201d w Mielcu zosta\u0142a zwyci\u0119zc\u0105 \u00f3smej edycji Mieleckiego Bud\u017cetu Obywatelskiego! W g\u0142osowaniu, kt\u00f3re odby\u0142o si\u0119 w dniach 20\u201330 wrze\u015bnia 2025 r., mieszka\u0144cy naszego miasta oddali ponad ...","_links":{"self":[{"href":"https:\/\/sp13.mielec.pl\/index.php?rest_route=\/wp\/v2\/posts\/577","targetHints":{"allow":["GET"]}}],"collection":[{"href":"https:\/\/sp13.mielec.pl\/index.php?rest_route=\/wp\/v2\/posts"}],"about":[{"href":"https:\/\/sp13.mielec.pl\/index.php?rest_route=\/wp\/v2\/types\/post"}],"author":[{"embeddable":true,"href":"https:\/\/sp13.mielec.pl\/index.php?rest_route=\/wp\/v2\/users\/1"}],"replies":[{"embeddable":true,"href":"https:\/\/sp13.mielec.pl\/index.php?rest_route=%2Fwp%2Fv2%2Fcomments&post=577"}],"version-history":[{"count":1,"href":"https:\/\/sp13.mielec.pl\/index.php?rest_route=\/wp\/v2\/posts\/577\/revisions"}],"predecessor-version":[{"id":579,"href":"https:\/\/sp13.mielec.pl\/index.php?rest_route=\/wp\/v2\/posts\/577\/revisions\/579"}],"wp:attachment":[{"href":"https:\/\/sp13.mielec.pl\/index.php?rest_route=%2Fwp%2Fv2%2Fmedia&parent=577"}],"wp:term":[{"taxonomy":"category","embeddable":true,"href":"https:\/\/sp13.mielec.pl\/index.php?rest_route=%2Fwp%2Fv2%2Fcategories&post=577"},{"taxonomy":"post_tag","embeddable":true,"href":"https:\/\/sp13.mielec.pl\/index.php?rest_route=%2Fwp%2Fv2%2Ftags&post=577"}],"curies":[{"name":"wp","href":"https:\/\/api.w.org\/{rel}","templated":true}]}}