{"id":575,"date":"2025-10-16T08:44:05","date_gmt":"2025-10-16T06:44:05","guid":{"rendered":"https:\/\/sp13.mielec.pl\/?p=575"},"modified":"2025-10-16T08:44:06","modified_gmt":"2025-10-16T06:44:06","slug":"dzien-dobrego-slowa","status":"publish","type":"post","link":"https:\/\/sp13.mielec.pl\/?p=575","title":{"rendered":"DZIE\u0143 DOBREGO S\u0141OWA"},"content":{"rendered":"\n<figure class=\"wp-block-image size-large\"><img decoding=\"async\" src=\"https:\/\/lh3.googleusercontent.com\/pw\/AP1GczN9o8WawXm2HcPkTVBbPDD1SjPbxEo8qOGyNnee-82lbyLdsX-4Ve-Ebg2pyV6ZhOIZLp6EgWkjcO1lYlfVJpg_PXpxeVo2z02TglJri659WA61i0kT2DcYVe-hp64kn-PIHSpnG0XIOvikcXZcyWNwdQ=w609-h458-s-no?authuser=2\" alt=\"\"\/><\/figure>\n\n\n\n<p><em>\u201eNajodwa\u017cniejsza decyzja, jak\u0105 podejmujesz ka\u017cdego dnia, to by\u0107 w dobrym nastroju.\u201d<\/em><\/p>\n\n\n\n<p><em>Voltaire<\/em><\/p>\n\n\n\n<p>Ka\u017cdego 13 dnia miesi\u0105ca organizowane jest wydarzenie zwi\u0105zane z Dniem Dobrego S\u0142owa. Jest to inicjatywa propaguj\u0105ca kultur\u0119 pozytywnej komunikacji, promowanie \u017cyczliwo\u015bci i pozytywnej energii poprzez u\u017cywanie dobrych s\u0142\u00f3w i szacunku do rozm\u00f3wcy, podkre\u015blaj\u0105c wag\u0119 \u015bwiadomego u\u017cywania j\u0119zyka. Za inicjatyw\u0105 organizacji Dnia Dobrego s\u0142owa stoi psycholog Iwona Majewska-Opie\u0142ka.<\/p>\n\n\n\n<p>W ramach tej akcji Szkolne Ko\u0142o Wolontariatu przygotowa\u0142o bileciki z pozytywnymi has\u0142ami, kt\u00f3re ka\u017cdy ucze\u0144 m\u00f3g\u0142 sobie zabra\u0107 i podarowa\u0107 wybranej osobie.<\/p>\n\n\n\n<p><a href=\"https:\/\/photos.app.goo.gl\/fABepxWYyuDPvd5c8\">https:\/\/photos.app.goo.gl\/fABepxWYyuDPvd5c8<\/a><\/p>\n","protected":false},"excerpt":{"rendered":"<p>\u201eNajodwa\u017cniejsza decyzja, jak\u0105 podejmujesz ka\u017cdego dnia, to by\u0107 w dobrym nastroju.\u201d Voltaire Ka\u017cdego 13 dnia miesi\u0105ca organizowane jest wydarzenie zwi\u0105zane z Dniem Dobrego S\u0142owa. Jest to inicjatywa propaguj\u0105ca kultur\u0119 pozytywnej komunikacji, promowanie \u017cyczliwo\u015bci i pozytywnej energii poprzez u\u017cywanie dobrych s\u0142\u00f3w <a href=\"https:\/\/sp13.mielec.pl\/?p=575\" class=\"read-more\">&#8230;<\/a><\/p>\n","protected":false},"author":1,"featured_media":0,"comment_status":"closed","ping_status":"closed","sticky":false,"template":"","format":"standard","meta":{"_themeisle_gutenberg_block_has_review":false,"footnotes":""},"categories":[1],"tags":[],"class_list":["post-575","post","type-post","status-publish","format-standard","hentry","category-bez-kategorii"],"yoast_head":"<!-- This site is optimized with the Yoast SEO plugin v25.9 - https:\/\/yoast.com\/wordpress\/plugins\/seo\/ -->\n<title>DZIE\u0143 DOBREGO S\u0141OWA - SZKO\u0141A PODSTAWOWA NR 13 W MIELCU<\/title>\n<meta name=\"description\" content=\"Szko\u0142a Podstawowa nr 13 w Mielcu\" \/>\n<meta name=\"robots\" content=\"index, follow, max-snippet:-1, max-image-preview:large, max-video-preview:-1\" \/>\n<link rel=\"canonical\" href=\"https:\/\/sp13.mielec.pl\/?p=575\" \/>\n<meta property=\"og:locale\" content=\"pl_PL\" \/>\n<meta property=\"og:type\" content=\"article\" \/>\n<meta property=\"og:title\" content=\"DZIE\u0143 DOBREGO S\u0141OWA - SZKO\u0141A PODSTAWOWA NR 13 W MIELCU\" \/>\n<meta property=\"og:description\" content=\"Szko\u0142a Podstawowa nr 13 w Mielcu\" \/>\n<meta property=\"og:url\" content=\"https:\/\/sp13.mielec.pl\/?p=575\" \/>\n<meta property=\"og:site_name\" content=\"SZKO\u0141A PODSTAWOWA NR 13 W MIELCU\" \/>\n<meta property=\"article:publisher\" content=\"https:\/\/www.facebook.com\/profile.php?id=100075648866324#\" \/>\n<meta property=\"article:published_time\" content=\"2025-10-16T06:44:05+00:00\" \/>\n<meta property=\"article:modified_time\" content=\"2025-10-16T06:44:06+00:00\" \/>\n<meta property=\"og:image\" content=\"https:\/\/lh3.googleusercontent.com\/pw\/AP1GczN9o8WawXm2HcPkTVBbPDD1SjPbxEo8qOGyNnee-82lbyLdsX-4Ve-Ebg2pyV6ZhOIZLp6EgWkjcO1lYlfVJpg_PXpxeVo2z02TglJri659WA61i0kT2DcYVe-hp64kn-PIHSpnG0XIOvikcXZcyWNwdQ=w609-h458-s-no?authuser=2\" \/>\n<meta name=\"author\" content=\"admin\" \/>\n<meta name=\"twitter:card\" content=\"summary_large_image\" \/>\n<meta name=\"twitter:label1\" content=\"Napisane przez\" \/>\n\t<meta name=\"twitter:data1\" content=\"admin\" \/>\n\t<meta name=\"twitter:label2\" content=\"Szacowany czas czytania\" \/>\n\t<meta name=\"twitter:data2\" content=\"1 minuta\" \/>\n<script type=\"application\/ld+json\" class=\"yoast-schema-graph\">{\"@context\":\"https:\/\/schema.org\",\"@graph\":[{\"@type\":\"Article\",\"@id\":\"https:\/\/sp13.mielec.pl\/?p=575#article\",\"isPartOf\":{\"@id\":\"https:\/\/sp13.mielec.pl\/?p=575\"},\"author\":{\"name\":\"admin\",\"@id\":\"https:\/\/sp13.mielec.pl\/#\/schema\/person\/2989c58771a7ac215a1cfc4a80217749\"},\"headline\":\"DZIE\u0143 DOBREGO S\u0141OWA\",\"datePublished\":\"2025-10-16T06:44:05+00:00\",\"dateModified\":\"2025-10-16T06:44:06+00:00\",\"mainEntityOfPage\":{\"@id\":\"https:\/\/sp13.mielec.pl\/?p=575\"},\"wordCount\":114,\"publisher\":{\"@id\":\"https:\/\/sp13.mielec.pl\/#organization\"},\"image\":{\"@id\":\"https:\/\/sp13.mielec.pl\/?p=575#primaryimage\"},\"thumbnailUrl\":\"https:\/\/lh3.googleusercontent.com\/pw\/AP1GczN9o8WawXm2HcPkTVBbPDD1SjPbxEo8qOGyNnee-82lbyLdsX-4Ve-Ebg2pyV6ZhOIZLp6EgWkjcO1lYlfVJpg_PXpxeVo2z02TglJri659WA61i0kT2DcYVe-hp64kn-PIHSpnG0XIOvikcXZcyWNwdQ=w609-h458-s-no?authuser=2\",\"inLanguage\":\"pl-PL\"},{\"@type\":\"WebPage\",\"@id\":\"https:\/\/sp13.mielec.pl\/?p=575\",\"url\":\"https:\/\/sp13.mielec.pl\/?p=575\",\"name\":\"DZIE\u0143 DOBREGO S\u0141OWA - SZKO\u0141A PODSTAWOWA NR 13 W MIELCU\",\"isPartOf\":{\"@id\":\"https:\/\/sp13.mielec.pl\/#website\"},\"primaryImageOfPage\":{\"@id\":\"https:\/\/sp13.mielec.pl\/?p=575#primaryimage\"},\"image\":{\"@id\":\"https:\/\/sp13.mielec.pl\/?p=575#primaryimage\"},\"thumbnailUrl\":\"https:\/\/lh3.googleusercontent.com\/pw\/AP1GczN9o8WawXm2HcPkTVBbPDD1SjPbxEo8qOGyNnee-82lbyLdsX-4Ve-Ebg2pyV6ZhOIZLp6EgWkjcO1lYlfVJpg_PXpxeVo2z02TglJri659WA61i0kT2DcYVe-hp64kn-PIHSpnG0XIOvikcXZcyWNwdQ=w609-h458-s-no?authuser=2\",\"datePublished\":\"2025-10-16T06:44:05+00:00\",\"dateModified\":\"2025-10-16T06:44:06+00:00\",\"description\":\"Szko\u0142a Podstawowa nr 13 w Mielcu\",\"breadcrumb\":{\"@id\":\"https:\/\/sp13.mielec.pl\/?p=575#breadcrumb\"},\"inLanguage\":\"pl-PL\",\"potentialAction\":[{\"@type\":\"ReadAction\",\"target\":[\"https:\/\/sp13.mielec.pl\/?p=575\"]}]},{\"@type\":\"ImageObject\",\"inLanguage\":\"pl-PL\",\"@id\":\"https:\/\/sp13.mielec.pl\/?p=575#primaryimage\",\"url\":\"https:\/\/lh3.googleusercontent.com\/pw\/AP1GczN9o8WawXm2HcPkTVBbPDD1SjPbxEo8qOGyNnee-82lbyLdsX-4Ve-Ebg2pyV6ZhOIZLp6EgWkjcO1lYlfVJpg_PXpxeVo2z02TglJri659WA61i0kT2DcYVe-hp64kn-PIHSpnG0XIOvikcXZcyWNwdQ=w609-h458-s-no?authuser=2\",\"contentUrl\":\"https:\/\/lh3.googleusercontent.com\/pw\/AP1GczN9o8WawXm2HcPkTVBbPDD1SjPbxEo8qOGyNnee-82lbyLdsX-4Ve-Ebg2pyV6ZhOIZLp6EgWkjcO1lYlfVJpg_PXpxeVo2z02TglJri659WA61i0kT2DcYVe-hp64kn-PIHSpnG0XIOvikcXZcyWNwdQ=w609-h458-s-no?authuser=2\"},{\"@type\":\"BreadcrumbList\",\"@id\":\"https:\/\/sp13.mielec.pl\/?p=575#breadcrumb\",\"itemListElement\":[{\"@type\":\"ListItem\",\"position\":1,\"name\":\"Home\",\"item\":\"https:\/\/sp13.mielec.pl\/\"},{\"@type\":\"ListItem\",\"position\":2,\"name\":\"DZIE\u0143 DOBREGO S\u0141OWA\"}]},{\"@type\":\"WebSite\",\"@id\":\"https:\/\/sp13.mielec.pl\/#website\",\"url\":\"https:\/\/sp13.mielec.pl\/\",\"name\":\"SZKO\u0141A PODSTAWOWA NR 13 W MIELCU\",\"description\":\"im. Jana Bytnara Rudego\",\"publisher\":{\"@id\":\"https:\/\/sp13.mielec.pl\/#organization\"},\"potentialAction\":[{\"@type\":\"SearchAction\",\"target\":{\"@type\":\"EntryPoint\",\"urlTemplate\":\"https:\/\/sp13.mielec.pl\/?s={search_term_string}\"},\"query-input\":{\"@type\":\"PropertyValueSpecification\",\"valueRequired\":true,\"valueName\":\"search_term_string\"}}],\"inLanguage\":\"pl-PL\"},{\"@type\":\"Organization\",\"@id\":\"https:\/\/sp13.mielec.pl\/#organization\",\"name\":\"SZKO\u0141A PODSTAWOWA NR 13 W MIELCU\",\"url\":\"https:\/\/sp13.mielec.pl\/\",\"logo\":{\"@type\":\"ImageObject\",\"inLanguage\":\"pl-PL\",\"@id\":\"https:\/\/sp13.mielec.pl\/#\/schema\/logo\/image\/\",\"url\":\"https:\/\/sp13.mielec.pl\/wp-content\/uploads\/2025\/09\/cropped-cropped-herb-szkoly-ezgif.com-resize-1.gif\",\"contentUrl\":\"https:\/\/sp13.mielec.pl\/wp-content\/uploads\/2025\/09\/cropped-cropped-herb-szkoly-ezgif.com-resize-1.gif\",\"width\":150,\"height\":150,\"caption\":\"SZKO\u0141A PODSTAWOWA NR 13 W MIELCU\"},\"image\":{\"@id\":\"https:\/\/sp13.mielec.pl\/#\/schema\/logo\/image\/\"},\"sameAs\":[\"https:\/\/www.facebook.com\/profile.php?id=100075648866324#\"]},{\"@type\":\"Person\",\"@id\":\"https:\/\/sp13.mielec.pl\/#\/schema\/person\/2989c58771a7ac215a1cfc4a80217749\",\"name\":\"admin\",\"image\":{\"@type\":\"ImageObject\",\"inLanguage\":\"pl-PL\",\"@id\":\"https:\/\/sp13.mielec.pl\/#\/schema\/person\/image\/\",\"url\":\"https:\/\/secure.gravatar.com\/avatar\/0bcae7b6c78740ebf93d8baa9f8db1cc7c98a1a17f4f0455cf5bd11ce783ef38?s=96&d=mm&r=g\",\"contentUrl\":\"https:\/\/secure.gravatar.com\/avatar\/0bcae7b6c78740ebf93d8baa9f8db1cc7c98a1a17f4f0455cf5bd11ce783ef38?s=96&d=mm&r=g\",\"caption\":\"admin\"},\"sameAs\":[\"http:\/\/gim4.home.pl\/autoinstalator\/wordpressplugins2\"],\"url\":\"https:\/\/sp13.mielec.pl\/?author=1\"}]}<\/script>\n<!-- \/ Yoast SEO plugin. -->","yoast_head_json":{"title":"DZIE\u0143 DOBREGO S\u0141OWA - SZKO\u0141A PODSTAWOWA NR 13 W MIELCU","description":"Szko\u0142a Podstawowa nr 13 w Mielcu","robots":{"index":"index","follow":"follow","max-snippet":"max-snippet:-1","max-image-preview":"max-image-preview:large","max-video-preview":"max-video-preview:-1"},"canonical":"https:\/\/sp13.mielec.pl\/?p=575","og_locale":"pl_PL","og_type":"article","og_title":"DZIE\u0143 DOBREGO S\u0141OWA - SZKO\u0141A PODSTAWOWA NR 13 W MIELCU","og_description":"Szko\u0142a Podstawowa nr 13 w Mielcu","og_url":"https:\/\/sp13.mielec.pl\/?p=575","og_site_name":"SZKO\u0141A PODSTAWOWA NR 13 W MIELCU","article_publisher":"https:\/\/www.facebook.com\/profile.php?id=100075648866324#","article_published_time":"2025-10-16T06:44:05+00:00","article_modified_time":"2025-10-16T06:44:06+00:00","og_image":[{"url":"https:\/\/lh3.googleusercontent.com\/pw\/AP1GczN9o8WawXm2HcPkTVBbPDD1SjPbxEo8qOGyNnee-82lbyLdsX-4Ve-Ebg2pyV6ZhOIZLp6EgWkjcO1lYlfVJpg_PXpxeVo2z02TglJri659WA61i0kT2DcYVe-hp64kn-PIHSpnG0XIOvikcXZcyWNwdQ=w609-h458-s-no?authuser=2","type":"","width":"","height":""}],"author":"admin","twitter_card":"summary_large_image","twitter_misc":{"Napisane przez":"admin","Szacowany czas czytania":"1 minuta"},"schema":{"@context":"https:\/\/schema.org","@graph":[{"@type":"Article","@id":"https:\/\/sp13.mielec.pl\/?p=575#article","isPartOf":{"@id":"https:\/\/sp13.mielec.pl\/?p=575"},"author":{"name":"admin","@id":"https:\/\/sp13.mielec.pl\/#\/schema\/person\/2989c58771a7ac215a1cfc4a80217749"},"headline":"DZIE\u0143 DOBREGO S\u0141OWA","datePublished":"2025-10-16T06:44:05+00:00","dateModified":"2025-10-16T06:44:06+00:00","mainEntityOfPage":{"@id":"https:\/\/sp13.mielec.pl\/?p=575"},"wordCount":114,"publisher":{"@id":"https:\/\/sp13.mielec.pl\/#organization"},"image":{"@id":"https:\/\/sp13.mielec.pl\/?p=575#primaryimage"},"thumbnailUrl":"https:\/\/lh3.googleusercontent.com\/pw\/AP1GczN9o8WawXm2HcPkTVBbPDD1SjPbxEo8qOGyNnee-82lbyLdsX-4Ve-Ebg2pyV6ZhOIZLp6EgWkjcO1lYlfVJpg_PXpxeVo2z02TglJri659WA61i0kT2DcYVe-hp64kn-PIHSpnG0XIOvikcXZcyWNwdQ=w609-h458-s-no?authuser=2","inLanguage":"pl-PL"},{"@type":"WebPage","@id":"https:\/\/sp13.mielec.pl\/?p=575","url":"https:\/\/sp13.mielec.pl\/?p=575","name":"DZIE\u0143 DOBREGO S\u0141OWA - SZKO\u0141A PODSTAWOWA NR 13 W MIELCU","isPartOf":{"@id":"https:\/\/sp13.mielec.pl\/#website"},"primaryImageOfPage":{"@id":"https:\/\/sp13.mielec.pl\/?p=575#primaryimage"},"image":{"@id":"https:\/\/sp13.mielec.pl\/?p=575#primaryimage"},"thumbnailUrl":"https:\/\/lh3.googleusercontent.com\/pw\/AP1GczN9o8WawXm2HcPkTVBbPDD1SjPbxEo8qOGyNnee-82lbyLdsX-4Ve-Ebg2pyV6ZhOIZLp6EgWkjcO1lYlfVJpg_PXpxeVo2z02TglJri659WA61i0kT2DcYVe-hp64kn-PIHSpnG0XIOvikcXZcyWNwdQ=w609-h458-s-no?authuser=2","datePublished":"2025-10-16T06:44:05+00:00","dateModified":"2025-10-16T06:44:06+00:00","description":"Szko\u0142a Podstawowa nr 13 w Mielcu","breadcrumb":{"@id":"https:\/\/sp13.mielec.pl\/?p=575#breadcrumb"},"inLanguage":"pl-PL","potentialAction":[{"@type":"ReadAction","target":["https:\/\/sp13.mielec.pl\/?p=575"]}]},{"@type":"ImageObject","inLanguage":"pl-PL","@id":"https:\/\/sp13.mielec.pl\/?p=575#primaryimage","url":"https:\/\/lh3.googleusercontent.com\/pw\/AP1GczN9o8WawXm2HcPkTVBbPDD1SjPbxEo8qOGyNnee-82lbyLdsX-4Ve-Ebg2pyV6ZhOIZLp6EgWkjcO1lYlfVJpg_PXpxeVo2z02TglJri659WA61i0kT2DcYVe-hp64kn-PIHSpnG0XIOvikcXZcyWNwdQ=w609-h458-s-no?authuser=2","contentUrl":"https:\/\/lh3.googleusercontent.com\/pw\/AP1GczN9o8WawXm2HcPkTVBbPDD1SjPbxEo8qOGyNnee-82lbyLdsX-4Ve-Ebg2pyV6ZhOIZLp6EgWkjcO1lYlfVJpg_PXpxeVo2z02TglJri659WA61i0kT2DcYVe-hp64kn-PIHSpnG0XIOvikcXZcyWNwdQ=w609-h458-s-no?authuser=2"},{"@type":"BreadcrumbList","@id":"https:\/\/sp13.mielec.pl\/?p=575#breadcrumb","itemListElement":[{"@type":"ListItem","position":1,"name":"Home","item":"https:\/\/sp13.mielec.pl\/"},{"@type":"ListItem","position":2,"name":"DZIE\u0143 DOBREGO S\u0141OWA"}]},{"@type":"WebSite","@id":"https:\/\/sp13.mielec.pl\/#website","url":"https:\/\/sp13.mielec.pl\/","name":"SZKO\u0141A PODSTAWOWA NR 13 W MIELCU","description":"im. Jana Bytnara Rudego","publisher":{"@id":"https:\/\/sp13.mielec.pl\/#organization"},"potentialAction":[{"@type":"SearchAction","target":{"@type":"EntryPoint","urlTemplate":"https:\/\/sp13.mielec.pl\/?s={search_term_string}"},"query-input":{"@type":"PropertyValueSpecification","valueRequired":true,"valueName":"search_term_string"}}],"inLanguage":"pl-PL"},{"@type":"Organization","@id":"https:\/\/sp13.mielec.pl\/#organization","name":"SZKO\u0141A PODSTAWOWA NR 13 W MIELCU","url":"https:\/\/sp13.mielec.pl\/","logo":{"@type":"ImageObject","inLanguage":"pl-PL","@id":"https:\/\/sp13.mielec.pl\/#\/schema\/logo\/image\/","url":"https:\/\/sp13.mielec.pl\/wp-content\/uploads\/2025\/09\/cropped-cropped-herb-szkoly-ezgif.com-resize-1.gif","contentUrl":"https:\/\/sp13.mielec.pl\/wp-content\/uploads\/2025\/09\/cropped-cropped-herb-szkoly-ezgif.com-resize-1.gif","width":150,"height":150,"caption":"SZKO\u0141A PODSTAWOWA NR 13 W MIELCU"},"image":{"@id":"https:\/\/sp13.mielec.pl\/#\/schema\/logo\/image\/"},"sameAs":["https:\/\/www.facebook.com\/profile.php?id=100075648866324#"]},{"@type":"Person","@id":"https:\/\/sp13.mielec.pl\/#\/schema\/person\/2989c58771a7ac215a1cfc4a80217749","name":"admin","image":{"@type":"ImageObject","inLanguage":"pl-PL","@id":"https:\/\/sp13.mielec.pl\/#\/schema\/person\/image\/","url":"https:\/\/secure.gravatar.com\/avatar\/0bcae7b6c78740ebf93d8baa9f8db1cc7c98a1a17f4f0455cf5bd11ce783ef38?s=96&d=mm&r=g","contentUrl":"https:\/\/secure.gravatar.com\/avatar\/0bcae7b6c78740ebf93d8baa9f8db1cc7c98a1a17f4f0455cf5bd11ce783ef38?s=96&d=mm&r=g","caption":"admin"},"sameAs":["http:\/\/gim4.home.pl\/autoinstalator\/wordpressplugins2"],"url":"https:\/\/sp13.mielec.pl\/?author=1"}]}},"rttpg_featured_image_url":null,"rttpg_author":{"display_name":"admin","author_link":"https:\/\/sp13.mielec.pl\/?author=1"},"rttpg_comment":0,"rttpg_category":"<a href=\"https:\/\/sp13.mielec.pl\/?cat=1\" rel=\"category\">Bez kategorii<\/a>","rttpg_excerpt":"\u201eNajodwa\u017cniejsza decyzja, jak\u0105 podejmujesz ka\u017cdego dnia, to by\u0107 w dobrym nastroju.\u201d Voltaire Ka\u017cdego 13 dnia miesi\u0105ca organizowane jest wydarzenie zwi\u0105zane z Dniem Dobrego S\u0142owa. Jest to inicjatywa propaguj\u0105ca kultur\u0119 pozytywnej komunikacji, promowanie \u017cyczliwo\u015bci i pozytywnej energii poprzez u\u017cywanie dobrych s\u0142\u00f3w ...","_links":{"self":[{"href":"https:\/\/sp13.mielec.pl\/index.php?rest_route=\/wp\/v2\/posts\/575","targetHints":{"allow":["GET"]}}],"collection":[{"href":"https:\/\/sp13.mielec.pl\/index.php?rest_route=\/wp\/v2\/posts"}],"about":[{"href":"https:\/\/sp13.mielec.pl\/index.php?rest_route=\/wp\/v2\/types\/post"}],"author":[{"embeddable":true,"href":"https:\/\/sp13.mielec.pl\/index.php?rest_route=\/wp\/v2\/users\/1"}],"replies":[{"embeddable":true,"href":"https:\/\/sp13.mielec.pl\/index.php?rest_route=%2Fwp%2Fv2%2Fcomments&post=575"}],"version-history":[{"count":1,"href":"https:\/\/sp13.mielec.pl\/index.php?rest_route=\/wp\/v2\/posts\/575\/revisions"}],"predecessor-version":[{"id":576,"href":"https:\/\/sp13.mielec.pl\/index.php?rest_route=\/wp\/v2\/posts\/575\/revisions\/576"}],"wp:attachment":[{"href":"https:\/\/sp13.mielec.pl\/index.php?rest_route=%2Fwp%2Fv2%2Fmedia&parent=575"}],"wp:term":[{"taxonomy":"category","embeddable":true,"href":"https:\/\/sp13.mielec.pl\/index.php?rest_route=%2Fwp%2Fv2%2Fcategories&post=575"},{"taxonomy":"post_tag","embeddable":true,"href":"https:\/\/sp13.mielec.pl\/index.php?rest_route=%2Fwp%2Fv2%2Ftags&post=575"}],"curies":[{"name":"wp","href":"https:\/\/api.w.org\/{rel}","templated":true}]}}