{"id":572,"date":"2025-10-16T08:13:37","date_gmt":"2025-10-16T06:13:37","guid":{"rendered":"https:\/\/sp13.mielec.pl\/?p=572"},"modified":"2025-10-16T08:13:38","modified_gmt":"2025-10-16T06:13:38","slug":"wizyta-w-muzeum-kultury-ludowej-w-kolbuszowej","status":"publish","type":"post","link":"https:\/\/sp13.mielec.pl\/?p=572","title":{"rendered":"WIZYTA W MUZEUM KULTURY LUDOWEJ W KOLBUSZOWEJ"},"content":{"rendered":"\n<figure class=\"wp-block-image size-large\"><img decoding=\"async\" src=\"https:\/\/lh3.googleusercontent.com\/pw\/AP1GczP90Cvbgc8DrymNQv6yB3FwAGEixmDkOLehosU3FG-xzf1DNwHKH52CeRT744PS0xztO7l8qYiI6ou241RIBd_EDuUR_Qaj6BTk74aHpkoX47iy5P1lT-3hrUYPI-p7Pk9cDWMycrvp9_cShLXKKN3NpQ=w383-h510-s-no?authuser=2\" alt=\"\"\/><\/figure>\n\n\n\n<p>W pa\u017adzierniku 2025 r. <strong>uczniowie klasy 2B i 3C<\/strong> wraz z opiekunami odwiedzili Muzeum Kultury Ludowej w Kolbuszowej &#8211; krajoznawcze muzeum etnograficzne pod go\u0142ym niebem, gdzie eksponowane s\u0105 zabytki budownictwa ludowego oraz sprz\u0119ty i narz\u0119dzia okre\u015blonego regionu.<\/p>\n\n\n\n<p>Pani przewodnik z wielk\u0105 pasj\u0105 opowiada\u0142a o \u017cyciu ch\u0142op\u00f3w w dawnej wsi. Dla dzieci, te jeszcze nie tak odleg\u0142e czasy, bez pr\u0105du i komputera by\u0142y ma\u0142o wyobra\u017calne. Opr\u00f3cz zwiedzania obiekt\u00f3w atrakcj\u0105 dla uczni\u00f3w by\u0142y warsztaty w dawnej szkole i udzia\u0142 w lekcji kaligrafii. Siedz\u0105c w \u0142awkach, ch\u0142opcy i dziewczynki mieli okazj\u0119 pisa\u0107 rysikiem na drewnianych tabliczkach. Niewielk\u0105 trudno\u015b\u0107 sprawia\u0142o pisanie w zeszytach stal\u00f3wk\u0105 maczan\u0105 w ka\u0142amarzu z atramentem. Ochotnicy mogli do\u015bwiadczy\u0107 kary, jak\u0105 by\u0142o kl\u0119czenie na rozsypanym grochu. Podczas tego \u0107wiczenia jednak towarzyszy\u0142y dzieciom u\u015bmiechni\u0119te buzie.<\/p>\n\n\n\n<p>Na zako\u0144czenie pobytu uczniowie zakupili pami\u0105tki z tego urokliwego miejsca i udali si\u0119 w drog\u0119 powrotn\u0105 do szko\u0142y.<\/p>\n\n\n\n<p>To niecodzienne spotkanie z przesz\u0142o\u015bci\u0105 na pewno na d\u0142ugo pozostanie w pami\u0119ci uczestnik\u00f3w wycieczki.<\/p>\n\n\n\n<p><a href=\"https:\/\/photos.app.goo.gl\/bY5SUrnCrJJi37cHA\">https:\/\/photos.app.goo.gl\/bY5SUrnCrJJi37cHA<\/a><\/p>\n","protected":false},"excerpt":{"rendered":"<p>W pa\u017adzierniku 2025 r. uczniowie klasy 2B i 3C wraz z opiekunami odwiedzili Muzeum Kultury Ludowej w Kolbuszowej &#8211; krajoznawcze muzeum etnograficzne pod go\u0142ym niebem, gdzie eksponowane s\u0105 zabytki budownictwa ludowego oraz sprz\u0119ty i narz\u0119dzia okre\u015blonego regionu. Pani przewodnik z <a href=\"https:\/\/sp13.mielec.pl\/?p=572\" class=\"read-more\">&#8230;<\/a><\/p>\n","protected":false},"author":1,"featured_media":0,"comment_status":"closed","ping_status":"closed","sticky":false,"template":"","format":"standard","meta":{"_themeisle_gutenberg_block_has_review":false,"footnotes":""},"categories":[1],"tags":[],"class_list":["post-572","post","type-post","status-publish","format-standard","hentry","category-bez-kategorii"],"yoast_head":"<!-- This site is optimized with the Yoast SEO plugin v25.9 - https:\/\/yoast.com\/wordpress\/plugins\/seo\/ -->\n<title>WIZYTA W MUZEUM KULTURY LUDOWEJ W KOLBUSZOWEJ - SZKO\u0141A PODSTAWOWA NR 13 W MIELCU<\/title>\n<meta name=\"description\" content=\"Szko\u0142a Podstawowa nr 13 w Mielcu\" \/>\n<meta name=\"robots\" content=\"index, follow, max-snippet:-1, max-image-preview:large, max-video-preview:-1\" \/>\n<link rel=\"canonical\" href=\"https:\/\/sp13.mielec.pl\/?p=572\" \/>\n<meta property=\"og:locale\" content=\"pl_PL\" \/>\n<meta property=\"og:type\" content=\"article\" \/>\n<meta property=\"og:title\" content=\"WIZYTA W MUZEUM KULTURY LUDOWEJ W KOLBUSZOWEJ - SZKO\u0141A PODSTAWOWA NR 13 W MIELCU\" \/>\n<meta property=\"og:description\" content=\"Szko\u0142a Podstawowa nr 13 w Mielcu\" \/>\n<meta property=\"og:url\" content=\"https:\/\/sp13.mielec.pl\/?p=572\" \/>\n<meta property=\"og:site_name\" content=\"SZKO\u0141A PODSTAWOWA NR 13 W MIELCU\" \/>\n<meta property=\"article:publisher\" content=\"https:\/\/www.facebook.com\/profile.php?id=100075648866324#\" \/>\n<meta property=\"article:published_time\" content=\"2025-10-16T06:13:37+00:00\" \/>\n<meta property=\"article:modified_time\" content=\"2025-10-16T06:13:38+00:00\" \/>\n<meta property=\"og:image\" content=\"https:\/\/lh3.googleusercontent.com\/pw\/AP1GczP90Cvbgc8DrymNQv6yB3FwAGEixmDkOLehosU3FG-xzf1DNwHKH52CeRT744PS0xztO7l8qYiI6ou241RIBd_EDuUR_Qaj6BTk74aHpkoX47iy5P1lT-3hrUYPI-p7Pk9cDWMycrvp9_cShLXKKN3NpQ=w383-h510-s-no?authuser=2\" \/>\n<meta name=\"author\" content=\"admin\" \/>\n<meta name=\"twitter:card\" content=\"summary_large_image\" \/>\n<meta name=\"twitter:label1\" content=\"Napisane przez\" \/>\n\t<meta name=\"twitter:data1\" content=\"admin\" \/>\n\t<meta name=\"twitter:label2\" content=\"Szacowany czas czytania\" \/>\n\t<meta name=\"twitter:data2\" content=\"2 minuty\" \/>\n<script type=\"application\/ld+json\" class=\"yoast-schema-graph\">{\"@context\":\"https:\/\/schema.org\",\"@graph\":[{\"@type\":\"Article\",\"@id\":\"https:\/\/sp13.mielec.pl\/?p=572#article\",\"isPartOf\":{\"@id\":\"https:\/\/sp13.mielec.pl\/?p=572\"},\"author\":{\"name\":\"admin\",\"@id\":\"https:\/\/sp13.mielec.pl\/#\/schema\/person\/2989c58771a7ac215a1cfc4a80217749\"},\"headline\":\"WIZYTA W MUZEUM KULTURY LUDOWEJ W KOLBUSZOWEJ\",\"datePublished\":\"2025-10-16T06:13:37+00:00\",\"dateModified\":\"2025-10-16T06:13:38+00:00\",\"mainEntityOfPage\":{\"@id\":\"https:\/\/sp13.mielec.pl\/?p=572\"},\"wordCount\":205,\"publisher\":{\"@id\":\"https:\/\/sp13.mielec.pl\/#organization\"},\"image\":{\"@id\":\"https:\/\/sp13.mielec.pl\/?p=572#primaryimage\"},\"thumbnailUrl\":\"https:\/\/lh3.googleusercontent.com\/pw\/AP1GczP90Cvbgc8DrymNQv6yB3FwAGEixmDkOLehosU3FG-xzf1DNwHKH52CeRT744PS0xztO7l8qYiI6ou241RIBd_EDuUR_Qaj6BTk74aHpkoX47iy5P1lT-3hrUYPI-p7Pk9cDWMycrvp9_cShLXKKN3NpQ=w383-h510-s-no?authuser=2\",\"inLanguage\":\"pl-PL\"},{\"@type\":\"WebPage\",\"@id\":\"https:\/\/sp13.mielec.pl\/?p=572\",\"url\":\"https:\/\/sp13.mielec.pl\/?p=572\",\"name\":\"WIZYTA W MUZEUM KULTURY LUDOWEJ W KOLBUSZOWEJ - SZKO\u0141A PODSTAWOWA NR 13 W MIELCU\",\"isPartOf\":{\"@id\":\"https:\/\/sp13.mielec.pl\/#website\"},\"primaryImageOfPage\":{\"@id\":\"https:\/\/sp13.mielec.pl\/?p=572#primaryimage\"},\"image\":{\"@id\":\"https:\/\/sp13.mielec.pl\/?p=572#primaryimage\"},\"thumbnailUrl\":\"https:\/\/lh3.googleusercontent.com\/pw\/AP1GczP90Cvbgc8DrymNQv6yB3FwAGEixmDkOLehosU3FG-xzf1DNwHKH52CeRT744PS0xztO7l8qYiI6ou241RIBd_EDuUR_Qaj6BTk74aHpkoX47iy5P1lT-3hrUYPI-p7Pk9cDWMycrvp9_cShLXKKN3NpQ=w383-h510-s-no?authuser=2\",\"datePublished\":\"2025-10-16T06:13:37+00:00\",\"dateModified\":\"2025-10-16T06:13:38+00:00\",\"description\":\"Szko\u0142a Podstawowa nr 13 w Mielcu\",\"breadcrumb\":{\"@id\":\"https:\/\/sp13.mielec.pl\/?p=572#breadcrumb\"},\"inLanguage\":\"pl-PL\",\"potentialAction\":[{\"@type\":\"ReadAction\",\"target\":[\"https:\/\/sp13.mielec.pl\/?p=572\"]}]},{\"@type\":\"ImageObject\",\"inLanguage\":\"pl-PL\",\"@id\":\"https:\/\/sp13.mielec.pl\/?p=572#primaryimage\",\"url\":\"https:\/\/lh3.googleusercontent.com\/pw\/AP1GczP90Cvbgc8DrymNQv6yB3FwAGEixmDkOLehosU3FG-xzf1DNwHKH52CeRT744PS0xztO7l8qYiI6ou241RIBd_EDuUR_Qaj6BTk74aHpkoX47iy5P1lT-3hrUYPI-p7Pk9cDWMycrvp9_cShLXKKN3NpQ=w383-h510-s-no?authuser=2\",\"contentUrl\":\"https:\/\/lh3.googleusercontent.com\/pw\/AP1GczP90Cvbgc8DrymNQv6yB3FwAGEixmDkOLehosU3FG-xzf1DNwHKH52CeRT744PS0xztO7l8qYiI6ou241RIBd_EDuUR_Qaj6BTk74aHpkoX47iy5P1lT-3hrUYPI-p7Pk9cDWMycrvp9_cShLXKKN3NpQ=w383-h510-s-no?authuser=2\"},{\"@type\":\"BreadcrumbList\",\"@id\":\"https:\/\/sp13.mielec.pl\/?p=572#breadcrumb\",\"itemListElement\":[{\"@type\":\"ListItem\",\"position\":1,\"name\":\"Home\",\"item\":\"https:\/\/sp13.mielec.pl\/\"},{\"@type\":\"ListItem\",\"position\":2,\"name\":\"WIZYTA W MUZEUM KULTURY LUDOWEJ W KOLBUSZOWEJ\"}]},{\"@type\":\"WebSite\",\"@id\":\"https:\/\/sp13.mielec.pl\/#website\",\"url\":\"https:\/\/sp13.mielec.pl\/\",\"name\":\"SZKO\u0141A PODSTAWOWA NR 13 W MIELCU\",\"description\":\"im. Jana Bytnara Rudego\",\"publisher\":{\"@id\":\"https:\/\/sp13.mielec.pl\/#organization\"},\"potentialAction\":[{\"@type\":\"SearchAction\",\"target\":{\"@type\":\"EntryPoint\",\"urlTemplate\":\"https:\/\/sp13.mielec.pl\/?s={search_term_string}\"},\"query-input\":{\"@type\":\"PropertyValueSpecification\",\"valueRequired\":true,\"valueName\":\"search_term_string\"}}],\"inLanguage\":\"pl-PL\"},{\"@type\":\"Organization\",\"@id\":\"https:\/\/sp13.mielec.pl\/#organization\",\"name\":\"SZKO\u0141A PODSTAWOWA NR 13 W MIELCU\",\"url\":\"https:\/\/sp13.mielec.pl\/\",\"logo\":{\"@type\":\"ImageObject\",\"inLanguage\":\"pl-PL\",\"@id\":\"https:\/\/sp13.mielec.pl\/#\/schema\/logo\/image\/\",\"url\":\"https:\/\/sp13.mielec.pl\/wp-content\/uploads\/2025\/09\/cropped-cropped-herb-szkoly-ezgif.com-resize-1.gif\",\"contentUrl\":\"https:\/\/sp13.mielec.pl\/wp-content\/uploads\/2025\/09\/cropped-cropped-herb-szkoly-ezgif.com-resize-1.gif\",\"width\":150,\"height\":150,\"caption\":\"SZKO\u0141A PODSTAWOWA NR 13 W MIELCU\"},\"image\":{\"@id\":\"https:\/\/sp13.mielec.pl\/#\/schema\/logo\/image\/\"},\"sameAs\":[\"https:\/\/www.facebook.com\/profile.php?id=100075648866324#\"]},{\"@type\":\"Person\",\"@id\":\"https:\/\/sp13.mielec.pl\/#\/schema\/person\/2989c58771a7ac215a1cfc4a80217749\",\"name\":\"admin\",\"image\":{\"@type\":\"ImageObject\",\"inLanguage\":\"pl-PL\",\"@id\":\"https:\/\/sp13.mielec.pl\/#\/schema\/person\/image\/\",\"url\":\"https:\/\/secure.gravatar.com\/avatar\/0bcae7b6c78740ebf93d8baa9f8db1cc7c98a1a17f4f0455cf5bd11ce783ef38?s=96&d=mm&r=g\",\"contentUrl\":\"https:\/\/secure.gravatar.com\/avatar\/0bcae7b6c78740ebf93d8baa9f8db1cc7c98a1a17f4f0455cf5bd11ce783ef38?s=96&d=mm&r=g\",\"caption\":\"admin\"},\"sameAs\":[\"http:\/\/gim4.home.pl\/autoinstalator\/wordpressplugins2\"],\"url\":\"https:\/\/sp13.mielec.pl\/?author=1\"}]}<\/script>\n<!-- \/ Yoast SEO plugin. -->","yoast_head_json":{"title":"WIZYTA W MUZEUM KULTURY LUDOWEJ W KOLBUSZOWEJ - SZKO\u0141A PODSTAWOWA NR 13 W MIELCU","description":"Szko\u0142a Podstawowa nr 13 w Mielcu","robots":{"index":"index","follow":"follow","max-snippet":"max-snippet:-1","max-image-preview":"max-image-preview:large","max-video-preview":"max-video-preview:-1"},"canonical":"https:\/\/sp13.mielec.pl\/?p=572","og_locale":"pl_PL","og_type":"article","og_title":"WIZYTA W MUZEUM KULTURY LUDOWEJ W KOLBUSZOWEJ - SZKO\u0141A PODSTAWOWA NR 13 W MIELCU","og_description":"Szko\u0142a Podstawowa nr 13 w Mielcu","og_url":"https:\/\/sp13.mielec.pl\/?p=572","og_site_name":"SZKO\u0141A PODSTAWOWA NR 13 W MIELCU","article_publisher":"https:\/\/www.facebook.com\/profile.php?id=100075648866324#","article_published_time":"2025-10-16T06:13:37+00:00","article_modified_time":"2025-10-16T06:13:38+00:00","og_image":[{"url":"https:\/\/lh3.googleusercontent.com\/pw\/AP1GczP90Cvbgc8DrymNQv6yB3FwAGEixmDkOLehosU3FG-xzf1DNwHKH52CeRT744PS0xztO7l8qYiI6ou241RIBd_EDuUR_Qaj6BTk74aHpkoX47iy5P1lT-3hrUYPI-p7Pk9cDWMycrvp9_cShLXKKN3NpQ=w383-h510-s-no?authuser=2","type":"","width":"","height":""}],"author":"admin","twitter_card":"summary_large_image","twitter_misc":{"Napisane przez":"admin","Szacowany czas czytania":"2 minuty"},"schema":{"@context":"https:\/\/schema.org","@graph":[{"@type":"Article","@id":"https:\/\/sp13.mielec.pl\/?p=572#article","isPartOf":{"@id":"https:\/\/sp13.mielec.pl\/?p=572"},"author":{"name":"admin","@id":"https:\/\/sp13.mielec.pl\/#\/schema\/person\/2989c58771a7ac215a1cfc4a80217749"},"headline":"WIZYTA W MUZEUM KULTURY LUDOWEJ W KOLBUSZOWEJ","datePublished":"2025-10-16T06:13:37+00:00","dateModified":"2025-10-16T06:13:38+00:00","mainEntityOfPage":{"@id":"https:\/\/sp13.mielec.pl\/?p=572"},"wordCount":205,"publisher":{"@id":"https:\/\/sp13.mielec.pl\/#organization"},"image":{"@id":"https:\/\/sp13.mielec.pl\/?p=572#primaryimage"},"thumbnailUrl":"https:\/\/lh3.googleusercontent.com\/pw\/AP1GczP90Cvbgc8DrymNQv6yB3FwAGEixmDkOLehosU3FG-xzf1DNwHKH52CeRT744PS0xztO7l8qYiI6ou241RIBd_EDuUR_Qaj6BTk74aHpkoX47iy5P1lT-3hrUYPI-p7Pk9cDWMycrvp9_cShLXKKN3NpQ=w383-h510-s-no?authuser=2","inLanguage":"pl-PL"},{"@type":"WebPage","@id":"https:\/\/sp13.mielec.pl\/?p=572","url":"https:\/\/sp13.mielec.pl\/?p=572","name":"WIZYTA W MUZEUM KULTURY LUDOWEJ W KOLBUSZOWEJ - SZKO\u0141A PODSTAWOWA NR 13 W MIELCU","isPartOf":{"@id":"https:\/\/sp13.mielec.pl\/#website"},"primaryImageOfPage":{"@id":"https:\/\/sp13.mielec.pl\/?p=572#primaryimage"},"image":{"@id":"https:\/\/sp13.mielec.pl\/?p=572#primaryimage"},"thumbnailUrl":"https:\/\/lh3.googleusercontent.com\/pw\/AP1GczP90Cvbgc8DrymNQv6yB3FwAGEixmDkOLehosU3FG-xzf1DNwHKH52CeRT744PS0xztO7l8qYiI6ou241RIBd_EDuUR_Qaj6BTk74aHpkoX47iy5P1lT-3hrUYPI-p7Pk9cDWMycrvp9_cShLXKKN3NpQ=w383-h510-s-no?authuser=2","datePublished":"2025-10-16T06:13:37+00:00","dateModified":"2025-10-16T06:13:38+00:00","description":"Szko\u0142a Podstawowa nr 13 w Mielcu","breadcrumb":{"@id":"https:\/\/sp13.mielec.pl\/?p=572#breadcrumb"},"inLanguage":"pl-PL","potentialAction":[{"@type":"ReadAction","target":["https:\/\/sp13.mielec.pl\/?p=572"]}]},{"@type":"ImageObject","inLanguage":"pl-PL","@id":"https:\/\/sp13.mielec.pl\/?p=572#primaryimage","url":"https:\/\/lh3.googleusercontent.com\/pw\/AP1GczP90Cvbgc8DrymNQv6yB3FwAGEixmDkOLehosU3FG-xzf1DNwHKH52CeRT744PS0xztO7l8qYiI6ou241RIBd_EDuUR_Qaj6BTk74aHpkoX47iy5P1lT-3hrUYPI-p7Pk9cDWMycrvp9_cShLXKKN3NpQ=w383-h510-s-no?authuser=2","contentUrl":"https:\/\/lh3.googleusercontent.com\/pw\/AP1GczP90Cvbgc8DrymNQv6yB3FwAGEixmDkOLehosU3FG-xzf1DNwHKH52CeRT744PS0xztO7l8qYiI6ou241RIBd_EDuUR_Qaj6BTk74aHpkoX47iy5P1lT-3hrUYPI-p7Pk9cDWMycrvp9_cShLXKKN3NpQ=w383-h510-s-no?authuser=2"},{"@type":"BreadcrumbList","@id":"https:\/\/sp13.mielec.pl\/?p=572#breadcrumb","itemListElement":[{"@type":"ListItem","position":1,"name":"Home","item":"https:\/\/sp13.mielec.pl\/"},{"@type":"ListItem","position":2,"name":"WIZYTA W MUZEUM KULTURY LUDOWEJ W KOLBUSZOWEJ"}]},{"@type":"WebSite","@id":"https:\/\/sp13.mielec.pl\/#website","url":"https:\/\/sp13.mielec.pl\/","name":"SZKO\u0141A PODSTAWOWA NR 13 W MIELCU","description":"im. Jana Bytnara Rudego","publisher":{"@id":"https:\/\/sp13.mielec.pl\/#organization"},"potentialAction":[{"@type":"SearchAction","target":{"@type":"EntryPoint","urlTemplate":"https:\/\/sp13.mielec.pl\/?s={search_term_string}"},"query-input":{"@type":"PropertyValueSpecification","valueRequired":true,"valueName":"search_term_string"}}],"inLanguage":"pl-PL"},{"@type":"Organization","@id":"https:\/\/sp13.mielec.pl\/#organization","name":"SZKO\u0141A PODSTAWOWA NR 13 W MIELCU","url":"https:\/\/sp13.mielec.pl\/","logo":{"@type":"ImageObject","inLanguage":"pl-PL","@id":"https:\/\/sp13.mielec.pl\/#\/schema\/logo\/image\/","url":"https:\/\/sp13.mielec.pl\/wp-content\/uploads\/2025\/09\/cropped-cropped-herb-szkoly-ezgif.com-resize-1.gif","contentUrl":"https:\/\/sp13.mielec.pl\/wp-content\/uploads\/2025\/09\/cropped-cropped-herb-szkoly-ezgif.com-resize-1.gif","width":150,"height":150,"caption":"SZKO\u0141A PODSTAWOWA NR 13 W MIELCU"},"image":{"@id":"https:\/\/sp13.mielec.pl\/#\/schema\/logo\/image\/"},"sameAs":["https:\/\/www.facebook.com\/profile.php?id=100075648866324#"]},{"@type":"Person","@id":"https:\/\/sp13.mielec.pl\/#\/schema\/person\/2989c58771a7ac215a1cfc4a80217749","name":"admin","image":{"@type":"ImageObject","inLanguage":"pl-PL","@id":"https:\/\/sp13.mielec.pl\/#\/schema\/person\/image\/","url":"https:\/\/secure.gravatar.com\/avatar\/0bcae7b6c78740ebf93d8baa9f8db1cc7c98a1a17f4f0455cf5bd11ce783ef38?s=96&d=mm&r=g","contentUrl":"https:\/\/secure.gravatar.com\/avatar\/0bcae7b6c78740ebf93d8baa9f8db1cc7c98a1a17f4f0455cf5bd11ce783ef38?s=96&d=mm&r=g","caption":"admin"},"sameAs":["http:\/\/gim4.home.pl\/autoinstalator\/wordpressplugins2"],"url":"https:\/\/sp13.mielec.pl\/?author=1"}]}},"rttpg_featured_image_url":null,"rttpg_author":{"display_name":"admin","author_link":"https:\/\/sp13.mielec.pl\/?author=1"},"rttpg_comment":0,"rttpg_category":"<a href=\"https:\/\/sp13.mielec.pl\/?cat=1\" rel=\"category\">Bez kategorii<\/a>","rttpg_excerpt":"W pa\u017adzierniku 2025 r. uczniowie klasy 2B i 3C wraz z opiekunami odwiedzili Muzeum Kultury Ludowej w Kolbuszowej &#8211; krajoznawcze muzeum etnograficzne pod go\u0142ym niebem, gdzie eksponowane s\u0105 zabytki budownictwa ludowego oraz sprz\u0119ty i narz\u0119dzia okre\u015blonego regionu. Pani przewodnik z ...","_links":{"self":[{"href":"https:\/\/sp13.mielec.pl\/index.php?rest_route=\/wp\/v2\/posts\/572","targetHints":{"allow":["GET"]}}],"collection":[{"href":"https:\/\/sp13.mielec.pl\/index.php?rest_route=\/wp\/v2\/posts"}],"about":[{"href":"https:\/\/sp13.mielec.pl\/index.php?rest_route=\/wp\/v2\/types\/post"}],"author":[{"embeddable":true,"href":"https:\/\/sp13.mielec.pl\/index.php?rest_route=\/wp\/v2\/users\/1"}],"replies":[{"embeddable":true,"href":"https:\/\/sp13.mielec.pl\/index.php?rest_route=%2Fwp%2Fv2%2Fcomments&post=572"}],"version-history":[{"count":1,"href":"https:\/\/sp13.mielec.pl\/index.php?rest_route=\/wp\/v2\/posts\/572\/revisions"}],"predecessor-version":[{"id":573,"href":"https:\/\/sp13.mielec.pl\/index.php?rest_route=\/wp\/v2\/posts\/572\/revisions\/573"}],"wp:attachment":[{"href":"https:\/\/sp13.mielec.pl\/index.php?rest_route=%2Fwp%2Fv2%2Fmedia&parent=572"}],"wp:term":[{"taxonomy":"category","embeddable":true,"href":"https:\/\/sp13.mielec.pl\/index.php?rest_route=%2Fwp%2Fv2%2Fcategories&post=572"},{"taxonomy":"post_tag","embeddable":true,"href":"https:\/\/sp13.mielec.pl\/index.php?rest_route=%2Fwp%2Fv2%2Ftags&post=572"}],"curies":[{"name":"wp","href":"https:\/\/api.w.org\/{rel}","templated":true}]}}