{"id":550,"date":"2025-10-10T08:28:22","date_gmt":"2025-10-10T06:28:22","guid":{"rendered":"https:\/\/sp13.mielec.pl\/?p=550"},"modified":"2025-10-10T08:28:24","modified_gmt":"2025-10-10T06:28:24","slug":"nowa-strona-internetowa-naszej-szkoly","status":"publish","type":"post","link":"https:\/\/sp13.mielec.pl\/?p=550","title":{"rendered":"Nowa strona internetowa naszej szko\u0142y"},"content":{"rendered":"\n<figure class=\"wp-block-image size-large\"><img decoding=\"async\" src=\"https:\/\/lh3.googleusercontent.com\/pw\/AP1GczP6QpGvNT1CFUgpOEJNUHHZSL_fElRXgAffu0ijSInYkAvGoQOimYnROSRIrKLdfcbCliF2AtzUk6eXVJbzGttg7Zj3RSA03LSi9zHc2LlPSq9bxCcXDWS26wf7icp_9elQSjdYfCVOwVg-PVkaiktZ1g=w1000-h667-s-no-gm?authuser=2\" alt=\"\"\/><\/figure>\n\n\n\n<p>Drodzy Uczniowie, Nauczyciele i Rodzice,<\/p>\n\n\n\n<p>Nowa strona internetowa naszej szko\u0142y dzia\u0142a ju\u017c od kilku tygodni i bardzo zale\u017cy nam na poznaniu Waszych opinii oraz ewentualnych sugestii. Chcemy wiedzie\u0107, czy strona podoba si\u0119 Wam, czy jest czytelna i wygodna w u\u017cytkowaniu.<\/p>\n\n\n\n<p>Strona zosta\u0142a wykonana zgodnie z nowymi standardami, r\u00f3wnie\u017c z my\u015bl\u0105 o urz\u0105dzeniach mobilnych, aby korzystanie z niej by\u0142o \u0142atwe na telefonach i tabletach.<\/p>\n\n\n\n<p>Prosimy o przesy\u0142anie swoich sugestii i uwag. Ch\u0119tnie poznamy Wasze zdanie na temat tego, co warto doda\u0107, poprawi\u0107 lub usun\u0105\u0107, aby strona jeszcze lepiej spe\u0142nia\u0142a Wasze oczekiwania i potrzeby.<\/p>\n\n\n\n<p>Z g\u00f3ry dzi\u0119kujemy za Wasze cenne sugestie!<\/p>\n\n\n\n<p>Z pozdrowieniami,<br>administrator strony szkolnej<\/p>\n\n\n\n<center><iframe loading=\"lazy\" src=\"https:\/\/docs.google.com\/forms\/d\/e\/1FAIpQLSfMB7R3sHdkg4EMpnOoEFuxoFATqzi8bY0LIAiPDcp6H4y3mg\/viewform?embedded=true\" width=\"640\" height=\"500\" frameborder=\"0\" marginheight=\"0\" marginwidth=\"0\">\u0141aduj\u0119\u2026<\/iframe>\n\n\n\n<p><\/p>\n","protected":false},"excerpt":{"rendered":"<p>Drodzy Uczniowie, Nauczyciele i Rodzice, Nowa strona internetowa naszej szko\u0142y dzia\u0142a ju\u017c od kilku tygodni i bardzo zale\u017cy nam na poznaniu Waszych opinii oraz ewentualnych sugestii. Chcemy wiedzie\u0107, czy strona podoba si\u0119 Wam, czy jest czytelna i wygodna w u\u017cytkowaniu. <a href=\"https:\/\/sp13.mielec.pl\/?p=550\" class=\"read-more\">&#8230;<\/a><\/p>\n","protected":false},"author":1,"featured_media":0,"comment_status":"closed","ping_status":"closed","sticky":false,"template":"","format":"standard","meta":{"_themeisle_gutenberg_block_has_review":false,"footnotes":""},"categories":[1],"tags":[],"class_list":["post-550","post","type-post","status-publish","format-standard","hentry","category-bez-kategorii"],"yoast_head":"<!-- This site is optimized with the Yoast SEO plugin v25.9 - https:\/\/yoast.com\/wordpress\/plugins\/seo\/ -->\n<title>Nowa strona internetowa naszej szko\u0142y - SZKO\u0141A PODSTAWOWA NR 13 W MIELCU<\/title>\n<meta name=\"description\" content=\"Szko\u0142a Podstawowa nr 13 w Mielcu\" \/>\n<meta name=\"robots\" content=\"index, follow, max-snippet:-1, max-image-preview:large, max-video-preview:-1\" \/>\n<link rel=\"canonical\" href=\"https:\/\/sp13.mielec.pl\/?p=550\" \/>\n<meta property=\"og:locale\" content=\"pl_PL\" \/>\n<meta property=\"og:type\" content=\"article\" \/>\n<meta property=\"og:title\" content=\"Nowa strona internetowa naszej szko\u0142y - SZKO\u0141A PODSTAWOWA NR 13 W MIELCU\" \/>\n<meta property=\"og:description\" content=\"Szko\u0142a Podstawowa nr 13 w Mielcu\" \/>\n<meta property=\"og:url\" content=\"https:\/\/sp13.mielec.pl\/?p=550\" \/>\n<meta property=\"og:site_name\" content=\"SZKO\u0141A PODSTAWOWA NR 13 W MIELCU\" \/>\n<meta property=\"article:publisher\" content=\"https:\/\/www.facebook.com\/profile.php?id=100075648866324#\" \/>\n<meta property=\"article:published_time\" content=\"2025-10-10T06:28:22+00:00\" \/>\n<meta property=\"article:modified_time\" content=\"2025-10-10T06:28:24+00:00\" \/>\n<meta property=\"og:image\" content=\"https:\/\/lh3.googleusercontent.com\/pw\/AP1GczP6QpGvNT1CFUgpOEJNUHHZSL_fElRXgAffu0ijSInYkAvGoQOimYnROSRIrKLdfcbCliF2AtzUk6eXVJbzGttg7Zj3RSA03LSi9zHc2LlPSq9bxCcXDWS26wf7icp_9elQSjdYfCVOwVg-PVkaiktZ1g=w1000-h667-s-no-gm?authuser=2\" \/>\n<meta name=\"author\" content=\"admin\" \/>\n<meta name=\"twitter:card\" content=\"summary_large_image\" \/>\n<meta name=\"twitter:label1\" content=\"Napisane przez\" \/>\n\t<meta name=\"twitter:data1\" content=\"admin\" \/>\n\t<meta name=\"twitter:label2\" content=\"Szacowany czas czytania\" \/>\n\t<meta name=\"twitter:data2\" content=\"1 minuta\" \/>\n<script type=\"application\/ld+json\" class=\"yoast-schema-graph\">{\"@context\":\"https:\/\/schema.org\",\"@graph\":[{\"@type\":\"Article\",\"@id\":\"https:\/\/sp13.mielec.pl\/?p=550#article\",\"isPartOf\":{\"@id\":\"https:\/\/sp13.mielec.pl\/?p=550\"},\"author\":{\"name\":\"admin\",\"@id\":\"https:\/\/sp13.mielec.pl\/#\/schema\/person\/2989c58771a7ac215a1cfc4a80217749\"},\"headline\":\"Nowa strona internetowa naszej szko\u0142y\",\"datePublished\":\"2025-10-10T06:28:22+00:00\",\"dateModified\":\"2025-10-10T06:28:24+00:00\",\"mainEntityOfPage\":{\"@id\":\"https:\/\/sp13.mielec.pl\/?p=550\"},\"wordCount\":126,\"publisher\":{\"@id\":\"https:\/\/sp13.mielec.pl\/#organization\"},\"image\":{\"@id\":\"https:\/\/sp13.mielec.pl\/?p=550#primaryimage\"},\"thumbnailUrl\":\"https:\/\/lh3.googleusercontent.com\/pw\/AP1GczP6QpGvNT1CFUgpOEJNUHHZSL_fElRXgAffu0ijSInYkAvGoQOimYnROSRIrKLdfcbCliF2AtzUk6eXVJbzGttg7Zj3RSA03LSi9zHc2LlPSq9bxCcXDWS26wf7icp_9elQSjdYfCVOwVg-PVkaiktZ1g=w1000-h667-s-no-gm?authuser=2\",\"inLanguage\":\"pl-PL\"},{\"@type\":\"WebPage\",\"@id\":\"https:\/\/sp13.mielec.pl\/?p=550\",\"url\":\"https:\/\/sp13.mielec.pl\/?p=550\",\"name\":\"Nowa strona internetowa naszej szko\u0142y - SZKO\u0141A PODSTAWOWA NR 13 W MIELCU\",\"isPartOf\":{\"@id\":\"https:\/\/sp13.mielec.pl\/#website\"},\"primaryImageOfPage\":{\"@id\":\"https:\/\/sp13.mielec.pl\/?p=550#primaryimage\"},\"image\":{\"@id\":\"https:\/\/sp13.mielec.pl\/?p=550#primaryimage\"},\"thumbnailUrl\":\"https:\/\/lh3.googleusercontent.com\/pw\/AP1GczP6QpGvNT1CFUgpOEJNUHHZSL_fElRXgAffu0ijSInYkAvGoQOimYnROSRIrKLdfcbCliF2AtzUk6eXVJbzGttg7Zj3RSA03LSi9zHc2LlPSq9bxCcXDWS26wf7icp_9elQSjdYfCVOwVg-PVkaiktZ1g=w1000-h667-s-no-gm?authuser=2\",\"datePublished\":\"2025-10-10T06:28:22+00:00\",\"dateModified\":\"2025-10-10T06:28:24+00:00\",\"description\":\"Szko\u0142a Podstawowa nr 13 w Mielcu\",\"breadcrumb\":{\"@id\":\"https:\/\/sp13.mielec.pl\/?p=550#breadcrumb\"},\"inLanguage\":\"pl-PL\",\"potentialAction\":[{\"@type\":\"ReadAction\",\"target\":[\"https:\/\/sp13.mielec.pl\/?p=550\"]}]},{\"@type\":\"ImageObject\",\"inLanguage\":\"pl-PL\",\"@id\":\"https:\/\/sp13.mielec.pl\/?p=550#primaryimage\",\"url\":\"https:\/\/lh3.googleusercontent.com\/pw\/AP1GczP6QpGvNT1CFUgpOEJNUHHZSL_fElRXgAffu0ijSInYkAvGoQOimYnROSRIrKLdfcbCliF2AtzUk6eXVJbzGttg7Zj3RSA03LSi9zHc2LlPSq9bxCcXDWS26wf7icp_9elQSjdYfCVOwVg-PVkaiktZ1g=w1000-h667-s-no-gm?authuser=2\",\"contentUrl\":\"https:\/\/lh3.googleusercontent.com\/pw\/AP1GczP6QpGvNT1CFUgpOEJNUHHZSL_fElRXgAffu0ijSInYkAvGoQOimYnROSRIrKLdfcbCliF2AtzUk6eXVJbzGttg7Zj3RSA03LSi9zHc2LlPSq9bxCcXDWS26wf7icp_9elQSjdYfCVOwVg-PVkaiktZ1g=w1000-h667-s-no-gm?authuser=2\"},{\"@type\":\"BreadcrumbList\",\"@id\":\"https:\/\/sp13.mielec.pl\/?p=550#breadcrumb\",\"itemListElement\":[{\"@type\":\"ListItem\",\"position\":1,\"name\":\"Home\",\"item\":\"https:\/\/sp13.mielec.pl\/\"},{\"@type\":\"ListItem\",\"position\":2,\"name\":\"Nowa strona internetowa naszej szko\u0142y\"}]},{\"@type\":\"WebSite\",\"@id\":\"https:\/\/sp13.mielec.pl\/#website\",\"url\":\"https:\/\/sp13.mielec.pl\/\",\"name\":\"SZKO\u0141A PODSTAWOWA NR 13 W MIELCU\",\"description\":\"im. Jana Bytnara Rudego\",\"publisher\":{\"@id\":\"https:\/\/sp13.mielec.pl\/#organization\"},\"potentialAction\":[{\"@type\":\"SearchAction\",\"target\":{\"@type\":\"EntryPoint\",\"urlTemplate\":\"https:\/\/sp13.mielec.pl\/?s={search_term_string}\"},\"query-input\":{\"@type\":\"PropertyValueSpecification\",\"valueRequired\":true,\"valueName\":\"search_term_string\"}}],\"inLanguage\":\"pl-PL\"},{\"@type\":\"Organization\",\"@id\":\"https:\/\/sp13.mielec.pl\/#organization\",\"name\":\"SZKO\u0141A PODSTAWOWA NR 13 W MIELCU\",\"url\":\"https:\/\/sp13.mielec.pl\/\",\"logo\":{\"@type\":\"ImageObject\",\"inLanguage\":\"pl-PL\",\"@id\":\"https:\/\/sp13.mielec.pl\/#\/schema\/logo\/image\/\",\"url\":\"https:\/\/sp13.mielec.pl\/wp-content\/uploads\/2025\/09\/cropped-cropped-herb-szkoly-ezgif.com-resize-1.gif\",\"contentUrl\":\"https:\/\/sp13.mielec.pl\/wp-content\/uploads\/2025\/09\/cropped-cropped-herb-szkoly-ezgif.com-resize-1.gif\",\"width\":150,\"height\":150,\"caption\":\"SZKO\u0141A PODSTAWOWA NR 13 W MIELCU\"},\"image\":{\"@id\":\"https:\/\/sp13.mielec.pl\/#\/schema\/logo\/image\/\"},\"sameAs\":[\"https:\/\/www.facebook.com\/profile.php?id=100075648866324#\"]},{\"@type\":\"Person\",\"@id\":\"https:\/\/sp13.mielec.pl\/#\/schema\/person\/2989c58771a7ac215a1cfc4a80217749\",\"name\":\"admin\",\"image\":{\"@type\":\"ImageObject\",\"inLanguage\":\"pl-PL\",\"@id\":\"https:\/\/sp13.mielec.pl\/#\/schema\/person\/image\/\",\"url\":\"https:\/\/secure.gravatar.com\/avatar\/0bcae7b6c78740ebf93d8baa9f8db1cc7c98a1a17f4f0455cf5bd11ce783ef38?s=96&d=mm&r=g\",\"contentUrl\":\"https:\/\/secure.gravatar.com\/avatar\/0bcae7b6c78740ebf93d8baa9f8db1cc7c98a1a17f4f0455cf5bd11ce783ef38?s=96&d=mm&r=g\",\"caption\":\"admin\"},\"sameAs\":[\"http:\/\/gim4.home.pl\/autoinstalator\/wordpressplugins2\"],\"url\":\"https:\/\/sp13.mielec.pl\/?author=1\"}]}<\/script>\n<!-- \/ Yoast SEO plugin. -->","yoast_head_json":{"title":"Nowa strona internetowa naszej szko\u0142y - SZKO\u0141A PODSTAWOWA NR 13 W MIELCU","description":"Szko\u0142a Podstawowa nr 13 w Mielcu","robots":{"index":"index","follow":"follow","max-snippet":"max-snippet:-1","max-image-preview":"max-image-preview:large","max-video-preview":"max-video-preview:-1"},"canonical":"https:\/\/sp13.mielec.pl\/?p=550","og_locale":"pl_PL","og_type":"article","og_title":"Nowa strona internetowa naszej szko\u0142y - SZKO\u0141A PODSTAWOWA NR 13 W MIELCU","og_description":"Szko\u0142a Podstawowa nr 13 w Mielcu","og_url":"https:\/\/sp13.mielec.pl\/?p=550","og_site_name":"SZKO\u0141A PODSTAWOWA NR 13 W MIELCU","article_publisher":"https:\/\/www.facebook.com\/profile.php?id=100075648866324#","article_published_time":"2025-10-10T06:28:22+00:00","article_modified_time":"2025-10-10T06:28:24+00:00","og_image":[{"url":"https:\/\/lh3.googleusercontent.com\/pw\/AP1GczP6QpGvNT1CFUgpOEJNUHHZSL_fElRXgAffu0ijSInYkAvGoQOimYnROSRIrKLdfcbCliF2AtzUk6eXVJbzGttg7Zj3RSA03LSi9zHc2LlPSq9bxCcXDWS26wf7icp_9elQSjdYfCVOwVg-PVkaiktZ1g=w1000-h667-s-no-gm?authuser=2","type":"","width":"","height":""}],"author":"admin","twitter_card":"summary_large_image","twitter_misc":{"Napisane przez":"admin","Szacowany czas czytania":"1 minuta"},"schema":{"@context":"https:\/\/schema.org","@graph":[{"@type":"Article","@id":"https:\/\/sp13.mielec.pl\/?p=550#article","isPartOf":{"@id":"https:\/\/sp13.mielec.pl\/?p=550"},"author":{"name":"admin","@id":"https:\/\/sp13.mielec.pl\/#\/schema\/person\/2989c58771a7ac215a1cfc4a80217749"},"headline":"Nowa strona internetowa naszej szko\u0142y","datePublished":"2025-10-10T06:28:22+00:00","dateModified":"2025-10-10T06:28:24+00:00","mainEntityOfPage":{"@id":"https:\/\/sp13.mielec.pl\/?p=550"},"wordCount":126,"publisher":{"@id":"https:\/\/sp13.mielec.pl\/#organization"},"image":{"@id":"https:\/\/sp13.mielec.pl\/?p=550#primaryimage"},"thumbnailUrl":"https:\/\/lh3.googleusercontent.com\/pw\/AP1GczP6QpGvNT1CFUgpOEJNUHHZSL_fElRXgAffu0ijSInYkAvGoQOimYnROSRIrKLdfcbCliF2AtzUk6eXVJbzGttg7Zj3RSA03LSi9zHc2LlPSq9bxCcXDWS26wf7icp_9elQSjdYfCVOwVg-PVkaiktZ1g=w1000-h667-s-no-gm?authuser=2","inLanguage":"pl-PL"},{"@type":"WebPage","@id":"https:\/\/sp13.mielec.pl\/?p=550","url":"https:\/\/sp13.mielec.pl\/?p=550","name":"Nowa strona internetowa naszej szko\u0142y - SZKO\u0141A PODSTAWOWA NR 13 W MIELCU","isPartOf":{"@id":"https:\/\/sp13.mielec.pl\/#website"},"primaryImageOfPage":{"@id":"https:\/\/sp13.mielec.pl\/?p=550#primaryimage"},"image":{"@id":"https:\/\/sp13.mielec.pl\/?p=550#primaryimage"},"thumbnailUrl":"https:\/\/lh3.googleusercontent.com\/pw\/AP1GczP6QpGvNT1CFUgpOEJNUHHZSL_fElRXgAffu0ijSInYkAvGoQOimYnROSRIrKLdfcbCliF2AtzUk6eXVJbzGttg7Zj3RSA03LSi9zHc2LlPSq9bxCcXDWS26wf7icp_9elQSjdYfCVOwVg-PVkaiktZ1g=w1000-h667-s-no-gm?authuser=2","datePublished":"2025-10-10T06:28:22+00:00","dateModified":"2025-10-10T06:28:24+00:00","description":"Szko\u0142a Podstawowa nr 13 w Mielcu","breadcrumb":{"@id":"https:\/\/sp13.mielec.pl\/?p=550#breadcrumb"},"inLanguage":"pl-PL","potentialAction":[{"@type":"ReadAction","target":["https:\/\/sp13.mielec.pl\/?p=550"]}]},{"@type":"ImageObject","inLanguage":"pl-PL","@id":"https:\/\/sp13.mielec.pl\/?p=550#primaryimage","url":"https:\/\/lh3.googleusercontent.com\/pw\/AP1GczP6QpGvNT1CFUgpOEJNUHHZSL_fElRXgAffu0ijSInYkAvGoQOimYnROSRIrKLdfcbCliF2AtzUk6eXVJbzGttg7Zj3RSA03LSi9zHc2LlPSq9bxCcXDWS26wf7icp_9elQSjdYfCVOwVg-PVkaiktZ1g=w1000-h667-s-no-gm?authuser=2","contentUrl":"https:\/\/lh3.googleusercontent.com\/pw\/AP1GczP6QpGvNT1CFUgpOEJNUHHZSL_fElRXgAffu0ijSInYkAvGoQOimYnROSRIrKLdfcbCliF2AtzUk6eXVJbzGttg7Zj3RSA03LSi9zHc2LlPSq9bxCcXDWS26wf7icp_9elQSjdYfCVOwVg-PVkaiktZ1g=w1000-h667-s-no-gm?authuser=2"},{"@type":"BreadcrumbList","@id":"https:\/\/sp13.mielec.pl\/?p=550#breadcrumb","itemListElement":[{"@type":"ListItem","position":1,"name":"Home","item":"https:\/\/sp13.mielec.pl\/"},{"@type":"ListItem","position":2,"name":"Nowa strona internetowa naszej szko\u0142y"}]},{"@type":"WebSite","@id":"https:\/\/sp13.mielec.pl\/#website","url":"https:\/\/sp13.mielec.pl\/","name":"SZKO\u0141A PODSTAWOWA NR 13 W MIELCU","description":"im. Jana Bytnara Rudego","publisher":{"@id":"https:\/\/sp13.mielec.pl\/#organization"},"potentialAction":[{"@type":"SearchAction","target":{"@type":"EntryPoint","urlTemplate":"https:\/\/sp13.mielec.pl\/?s={search_term_string}"},"query-input":{"@type":"PropertyValueSpecification","valueRequired":true,"valueName":"search_term_string"}}],"inLanguage":"pl-PL"},{"@type":"Organization","@id":"https:\/\/sp13.mielec.pl\/#organization","name":"SZKO\u0141A PODSTAWOWA NR 13 W MIELCU","url":"https:\/\/sp13.mielec.pl\/","logo":{"@type":"ImageObject","inLanguage":"pl-PL","@id":"https:\/\/sp13.mielec.pl\/#\/schema\/logo\/image\/","url":"https:\/\/sp13.mielec.pl\/wp-content\/uploads\/2025\/09\/cropped-cropped-herb-szkoly-ezgif.com-resize-1.gif","contentUrl":"https:\/\/sp13.mielec.pl\/wp-content\/uploads\/2025\/09\/cropped-cropped-herb-szkoly-ezgif.com-resize-1.gif","width":150,"height":150,"caption":"SZKO\u0141A PODSTAWOWA NR 13 W MIELCU"},"image":{"@id":"https:\/\/sp13.mielec.pl\/#\/schema\/logo\/image\/"},"sameAs":["https:\/\/www.facebook.com\/profile.php?id=100075648866324#"]},{"@type":"Person","@id":"https:\/\/sp13.mielec.pl\/#\/schema\/person\/2989c58771a7ac215a1cfc4a80217749","name":"admin","image":{"@type":"ImageObject","inLanguage":"pl-PL","@id":"https:\/\/sp13.mielec.pl\/#\/schema\/person\/image\/","url":"https:\/\/secure.gravatar.com\/avatar\/0bcae7b6c78740ebf93d8baa9f8db1cc7c98a1a17f4f0455cf5bd11ce783ef38?s=96&d=mm&r=g","contentUrl":"https:\/\/secure.gravatar.com\/avatar\/0bcae7b6c78740ebf93d8baa9f8db1cc7c98a1a17f4f0455cf5bd11ce783ef38?s=96&d=mm&r=g","caption":"admin"},"sameAs":["http:\/\/gim4.home.pl\/autoinstalator\/wordpressplugins2"],"url":"https:\/\/sp13.mielec.pl\/?author=1"}]}},"rttpg_featured_image_url":null,"rttpg_author":{"display_name":"admin","author_link":"https:\/\/sp13.mielec.pl\/?author=1"},"rttpg_comment":0,"rttpg_category":"<a href=\"https:\/\/sp13.mielec.pl\/?cat=1\" rel=\"category\">Bez kategorii<\/a>","rttpg_excerpt":"Drodzy Uczniowie, Nauczyciele i Rodzice, Nowa strona internetowa naszej szko\u0142y dzia\u0142a ju\u017c od kilku tygodni i bardzo zale\u017cy nam na poznaniu Waszych opinii oraz ewentualnych sugestii. Chcemy wiedzie\u0107, czy strona podoba si\u0119 Wam, czy jest czytelna i wygodna w u\u017cytkowaniu. ...","_links":{"self":[{"href":"https:\/\/sp13.mielec.pl\/index.php?rest_route=\/wp\/v2\/posts\/550","targetHints":{"allow":["GET"]}}],"collection":[{"href":"https:\/\/sp13.mielec.pl\/index.php?rest_route=\/wp\/v2\/posts"}],"about":[{"href":"https:\/\/sp13.mielec.pl\/index.php?rest_route=\/wp\/v2\/types\/post"}],"author":[{"embeddable":true,"href":"https:\/\/sp13.mielec.pl\/index.php?rest_route=\/wp\/v2\/users\/1"}],"replies":[{"embeddable":true,"href":"https:\/\/sp13.mielec.pl\/index.php?rest_route=%2Fwp%2Fv2%2Fcomments&post=550"}],"version-history":[{"count":3,"href":"https:\/\/sp13.mielec.pl\/index.php?rest_route=\/wp\/v2\/posts\/550\/revisions"}],"predecessor-version":[{"id":555,"href":"https:\/\/sp13.mielec.pl\/index.php?rest_route=\/wp\/v2\/posts\/550\/revisions\/555"}],"wp:attachment":[{"href":"https:\/\/sp13.mielec.pl\/index.php?rest_route=%2Fwp%2Fv2%2Fmedia&parent=550"}],"wp:term":[{"taxonomy":"category","embeddable":true,"href":"https:\/\/sp13.mielec.pl\/index.php?rest_route=%2Fwp%2Fv2%2Fcategories&post=550"},{"taxonomy":"post_tag","embeddable":true,"href":"https:\/\/sp13.mielec.pl\/index.php?rest_route=%2Fwp%2Fv2%2Ftags&post=550"}],"curies":[{"name":"wp","href":"https:\/\/api.w.org\/{rel}","templated":true}]}}