{"id":501,"date":"2025-10-02T10:15:53","date_gmt":"2025-10-02T08:15:53","guid":{"rendered":"https:\/\/sp13.mielec.pl\/?p=501"},"modified":"2025-10-02T10:20:28","modified_gmt":"2025-10-02T08:20:28","slug":"tydzien-przeciwdzialania-przemocy-rowiesniczej","status":"publish","type":"post","link":"https:\/\/sp13.mielec.pl\/?p=501","title":{"rendered":"TYDZIE\u0143 PRZECIWDZIA\u0141ANIA PRZEMOCY R\u00d3WIE\u015aNICZEJ"},"content":{"rendered":"\n<figure class=\"wp-block-image size-large\"><img decoding=\"async\" src=\"https:\/\/lh3.googleusercontent.com\/pw\/AP1GczOvsc-goFc_74nOtmbc19cTNmDNW_lP9xhtS5G0er1907eJPGrz_KpZwg4BaG7RDQhHT4OEMC5ZETglZzeRe5D7wOuoUb-MSdsxKqIIvmz4-UOrSxNlWmQw-Wwiex_fGFNfUeiC5DmjxFIWHZY0gyPoMA=w1024-h681-s-no?authuser=2\" alt=\"\"\/><\/figure>\n\n\n\n<p><strong>STOP przemocy \u2013 START przyja\u017ani!<\/strong><\/p>\n\n\n\n<p>Nasza szko\u0142a w\u0142\u0105cza si\u0119 w aktywn\u0105 akcj\u0119 sprzeciwu wobec przemocy r\u00f3wie\u015bniczej. Chcemy budowa\u0107 przestrze\u0144, w kt\u00f3rej ka\u017cdy ucze\u0144 czuje si\u0119 bezpieczny, wa\u017cny i akceptowany.<\/p>\n\n\n\n<p>Przemoc mo\u017ce mie\u0107 r\u00f3\u017cne formy \u2013 to nie tylko uderzenie czy popchni\u0119cie, ale tak\u017ce:<\/p>\n\n\n\n<p>&#8211; krzywdz\u0105ce s\u0142owa i wyzwiska,<\/p>\n\n\n\n<p>&#8211; obgadywanie i wykluczanie,<\/p>\n\n\n\n<p>&#8211; hejt i n\u0119kanie w internecie,<\/p>\n\n\n\n<p>&#8211; warto wspiera\u0107, zamiast rani\u0107,<\/p>\n\n\n\n<p>&#8211; warto rozmawia\u0107, zamiast krzycze\u0107,<\/p>\n\n\n\n<p>&#8211; warto by\u0107 razem, zamiast wyklucza\u0107.<\/p>\n\n\n\n<p>W naszej szkole wierzymy, \u017ce szacunek i \u017cyczliwo\u015b\u0107 s\u0105 wa\u017cniejsze ni\u017c si\u0142a i przemoc. Ka\u017cdy ucze\u0144 ma prawo czu\u0107 si\u0119 bezpiecznie, akceptowany i wa\u017cny \u2013 zar\u00f3wno w klasie, jak i na przerwach.<\/p>\n\n\n\n<p><strong>Dlatego m\u00f3wimy g\u0142o\u015bne NIE przemocy i g\u0142o\u015bne TAK szacunkowi, empatii i przyja\u017ani.<\/strong><\/p>\n\n\n\n<ul class=\"wp-block-list\">\n<li>Twoje s\u0142owa maj\u0105 moc \u2013 wybieraj dobre!<\/li>\n\n\n\n<li>Nie st\u00f3j obok \u2013 reaguj, gdy kto\u015b jest krzywdzony!<\/li>\n\n\n\n<li>Razem tworzymy szko\u0142\u0119 woln\u0105 od przemocy!<\/li>\n<\/ul>\n\n\n\n<p>Do\u0142\u0105cz do nas i poka\u017c, \u017ce szko\u0142a to miejsce, w kt\u00f3rym ka\u017cdy ma prawo czu\u0107 si\u0119 bezpiecznie!<\/p>\n\n\n\n<p><\/p>\n","protected":false},"excerpt":{"rendered":"<p>STOP przemocy \u2013 START przyja\u017ani! Nasza szko\u0142a w\u0142\u0105cza si\u0119 w aktywn\u0105 akcj\u0119 sprzeciwu wobec przemocy r\u00f3wie\u015bniczej. Chcemy budowa\u0107 przestrze\u0144, w kt\u00f3rej ka\u017cdy ucze\u0144 czuje si\u0119 bezpieczny, wa\u017cny i akceptowany. Przemoc mo\u017ce mie\u0107 r\u00f3\u017cne formy \u2013 to nie tylko uderzenie czy <a href=\"https:\/\/sp13.mielec.pl\/?p=501\" class=\"read-more\">&#8230;<\/a><\/p>\n","protected":false},"author":1,"featured_media":0,"comment_status":"closed","ping_status":"closed","sticky":false,"template":"","format":"standard","meta":{"_themeisle_gutenberg_block_has_review":false,"footnotes":""},"categories":[1],"tags":[],"class_list":["post-501","post","type-post","status-publish","format-standard","hentry","category-bez-kategorii"],"yoast_head":"<!-- This site is optimized with the Yoast SEO plugin v25.9 - https:\/\/yoast.com\/wordpress\/plugins\/seo\/ -->\n<title>TYDZIE\u0143 PRZECIWDZIA\u0141ANIA PRZEMOCY R\u00d3WIE\u015aNICZEJ - SZKO\u0141A PODSTAWOWA NR 13 W MIELCU<\/title>\n<meta name=\"description\" content=\"Szko\u0142a Podstawowa nr 13 w Mielcu\" \/>\n<meta name=\"robots\" content=\"index, follow, max-snippet:-1, max-image-preview:large, max-video-preview:-1\" \/>\n<link rel=\"canonical\" href=\"https:\/\/sp13.mielec.pl\/?p=501\" \/>\n<meta property=\"og:locale\" content=\"pl_PL\" \/>\n<meta property=\"og:type\" content=\"article\" \/>\n<meta property=\"og:title\" content=\"TYDZIE\u0143 PRZECIWDZIA\u0141ANIA PRZEMOCY R\u00d3WIE\u015aNICZEJ - SZKO\u0141A PODSTAWOWA NR 13 W MIELCU\" \/>\n<meta property=\"og:description\" content=\"Szko\u0142a Podstawowa nr 13 w Mielcu\" \/>\n<meta property=\"og:url\" content=\"https:\/\/sp13.mielec.pl\/?p=501\" \/>\n<meta property=\"og:site_name\" content=\"SZKO\u0141A PODSTAWOWA NR 13 W MIELCU\" \/>\n<meta property=\"article:publisher\" content=\"https:\/\/www.facebook.com\/profile.php?id=100075648866324#\" \/>\n<meta property=\"article:published_time\" content=\"2025-10-02T08:15:53+00:00\" \/>\n<meta property=\"article:modified_time\" content=\"2025-10-02T08:20:28+00:00\" \/>\n<meta property=\"og:image\" content=\"https:\/\/lh3.googleusercontent.com\/pw\/AP1GczOvsc-goFc_74nOtmbc19cTNmDNW_lP9xhtS5G0er1907eJPGrz_KpZwg4BaG7RDQhHT4OEMC5ZETglZzeRe5D7wOuoUb-MSdsxKqIIvmz4-UOrSxNlWmQw-Wwiex_fGFNfUeiC5DmjxFIWHZY0gyPoMA=w1024-h681-s-no?authuser=2\" \/>\n<meta name=\"author\" content=\"admin\" \/>\n<meta name=\"twitter:card\" content=\"summary_large_image\" \/>\n<meta name=\"twitter:label1\" content=\"Napisane przez\" \/>\n\t<meta name=\"twitter:data1\" content=\"admin\" \/>\n\t<meta name=\"twitter:label2\" content=\"Szacowany czas czytania\" \/>\n\t<meta name=\"twitter:data2\" content=\"2 minuty\" \/>\n<script type=\"application\/ld+json\" class=\"yoast-schema-graph\">{\"@context\":\"https:\/\/schema.org\",\"@graph\":[{\"@type\":\"Article\",\"@id\":\"https:\/\/sp13.mielec.pl\/?p=501#article\",\"isPartOf\":{\"@id\":\"https:\/\/sp13.mielec.pl\/?p=501\"},\"author\":{\"name\":\"admin\",\"@id\":\"https:\/\/sp13.mielec.pl\/#\/schema\/person\/2989c58771a7ac215a1cfc4a80217749\"},\"headline\":\"TYDZIE\u0143 PRZECIWDZIA\u0141ANIA PRZEMOCY R\u00d3WIE\u015aNICZEJ\",\"datePublished\":\"2025-10-02T08:15:53+00:00\",\"dateModified\":\"2025-10-02T08:20:28+00:00\",\"mainEntityOfPage\":{\"@id\":\"https:\/\/sp13.mielec.pl\/?p=501\"},\"wordCount\":191,\"publisher\":{\"@id\":\"https:\/\/sp13.mielec.pl\/#organization\"},\"image\":{\"@id\":\"https:\/\/sp13.mielec.pl\/?p=501#primaryimage\"},\"thumbnailUrl\":\"https:\/\/lh3.googleusercontent.com\/pw\/AP1GczOvsc-goFc_74nOtmbc19cTNmDNW_lP9xhtS5G0er1907eJPGrz_KpZwg4BaG7RDQhHT4OEMC5ZETglZzeRe5D7wOuoUb-MSdsxKqIIvmz4-UOrSxNlWmQw-Wwiex_fGFNfUeiC5DmjxFIWHZY0gyPoMA=w1024-h681-s-no?authuser=2\",\"inLanguage\":\"pl-PL\"},{\"@type\":\"WebPage\",\"@id\":\"https:\/\/sp13.mielec.pl\/?p=501\",\"url\":\"https:\/\/sp13.mielec.pl\/?p=501\",\"name\":\"TYDZIE\u0143 PRZECIWDZIA\u0141ANIA PRZEMOCY R\u00d3WIE\u015aNICZEJ - SZKO\u0141A PODSTAWOWA NR 13 W MIELCU\",\"isPartOf\":{\"@id\":\"https:\/\/sp13.mielec.pl\/#website\"},\"primaryImageOfPage\":{\"@id\":\"https:\/\/sp13.mielec.pl\/?p=501#primaryimage\"},\"image\":{\"@id\":\"https:\/\/sp13.mielec.pl\/?p=501#primaryimage\"},\"thumbnailUrl\":\"https:\/\/lh3.googleusercontent.com\/pw\/AP1GczOvsc-goFc_74nOtmbc19cTNmDNW_lP9xhtS5G0er1907eJPGrz_KpZwg4BaG7RDQhHT4OEMC5ZETglZzeRe5D7wOuoUb-MSdsxKqIIvmz4-UOrSxNlWmQw-Wwiex_fGFNfUeiC5DmjxFIWHZY0gyPoMA=w1024-h681-s-no?authuser=2\",\"datePublished\":\"2025-10-02T08:15:53+00:00\",\"dateModified\":\"2025-10-02T08:20:28+00:00\",\"description\":\"Szko\u0142a Podstawowa nr 13 w Mielcu\",\"breadcrumb\":{\"@id\":\"https:\/\/sp13.mielec.pl\/?p=501#breadcrumb\"},\"inLanguage\":\"pl-PL\",\"potentialAction\":[{\"@type\":\"ReadAction\",\"target\":[\"https:\/\/sp13.mielec.pl\/?p=501\"]}]},{\"@type\":\"ImageObject\",\"inLanguage\":\"pl-PL\",\"@id\":\"https:\/\/sp13.mielec.pl\/?p=501#primaryimage\",\"url\":\"https:\/\/lh3.googleusercontent.com\/pw\/AP1GczOvsc-goFc_74nOtmbc19cTNmDNW_lP9xhtS5G0er1907eJPGrz_KpZwg4BaG7RDQhHT4OEMC5ZETglZzeRe5D7wOuoUb-MSdsxKqIIvmz4-UOrSxNlWmQw-Wwiex_fGFNfUeiC5DmjxFIWHZY0gyPoMA=w1024-h681-s-no?authuser=2\",\"contentUrl\":\"https:\/\/lh3.googleusercontent.com\/pw\/AP1GczOvsc-goFc_74nOtmbc19cTNmDNW_lP9xhtS5G0er1907eJPGrz_KpZwg4BaG7RDQhHT4OEMC5ZETglZzeRe5D7wOuoUb-MSdsxKqIIvmz4-UOrSxNlWmQw-Wwiex_fGFNfUeiC5DmjxFIWHZY0gyPoMA=w1024-h681-s-no?authuser=2\"},{\"@type\":\"BreadcrumbList\",\"@id\":\"https:\/\/sp13.mielec.pl\/?p=501#breadcrumb\",\"itemListElement\":[{\"@type\":\"ListItem\",\"position\":1,\"name\":\"Home\",\"item\":\"https:\/\/sp13.mielec.pl\/\"},{\"@type\":\"ListItem\",\"position\":2,\"name\":\"TYDZIE\u0143 PRZECIWDZIA\u0141ANIA PRZEMOCY R\u00d3WIE\u015aNICZEJ\"}]},{\"@type\":\"WebSite\",\"@id\":\"https:\/\/sp13.mielec.pl\/#website\",\"url\":\"https:\/\/sp13.mielec.pl\/\",\"name\":\"SZKO\u0141A PODSTAWOWA NR 13 W MIELCU\",\"description\":\"im. Jana Bytnara Rudego\",\"publisher\":{\"@id\":\"https:\/\/sp13.mielec.pl\/#organization\"},\"potentialAction\":[{\"@type\":\"SearchAction\",\"target\":{\"@type\":\"EntryPoint\",\"urlTemplate\":\"https:\/\/sp13.mielec.pl\/?s={search_term_string}\"},\"query-input\":{\"@type\":\"PropertyValueSpecification\",\"valueRequired\":true,\"valueName\":\"search_term_string\"}}],\"inLanguage\":\"pl-PL\"},{\"@type\":\"Organization\",\"@id\":\"https:\/\/sp13.mielec.pl\/#organization\",\"name\":\"SZKO\u0141A PODSTAWOWA NR 13 W MIELCU\",\"url\":\"https:\/\/sp13.mielec.pl\/\",\"logo\":{\"@type\":\"ImageObject\",\"inLanguage\":\"pl-PL\",\"@id\":\"https:\/\/sp13.mielec.pl\/#\/schema\/logo\/image\/\",\"url\":\"https:\/\/sp13.mielec.pl\/wp-content\/uploads\/2025\/09\/cropped-cropped-herb-szkoly-ezgif.com-resize-1.gif\",\"contentUrl\":\"https:\/\/sp13.mielec.pl\/wp-content\/uploads\/2025\/09\/cropped-cropped-herb-szkoly-ezgif.com-resize-1.gif\",\"width\":150,\"height\":150,\"caption\":\"SZKO\u0141A PODSTAWOWA NR 13 W MIELCU\"},\"image\":{\"@id\":\"https:\/\/sp13.mielec.pl\/#\/schema\/logo\/image\/\"},\"sameAs\":[\"https:\/\/www.facebook.com\/profile.php?id=100075648866324#\"]},{\"@type\":\"Person\",\"@id\":\"https:\/\/sp13.mielec.pl\/#\/schema\/person\/2989c58771a7ac215a1cfc4a80217749\",\"name\":\"admin\",\"image\":{\"@type\":\"ImageObject\",\"inLanguage\":\"pl-PL\",\"@id\":\"https:\/\/sp13.mielec.pl\/#\/schema\/person\/image\/\",\"url\":\"https:\/\/secure.gravatar.com\/avatar\/0bcae7b6c78740ebf93d8baa9f8db1cc7c98a1a17f4f0455cf5bd11ce783ef38?s=96&d=mm&r=g\",\"contentUrl\":\"https:\/\/secure.gravatar.com\/avatar\/0bcae7b6c78740ebf93d8baa9f8db1cc7c98a1a17f4f0455cf5bd11ce783ef38?s=96&d=mm&r=g\",\"caption\":\"admin\"},\"sameAs\":[\"http:\/\/gim4.home.pl\/autoinstalator\/wordpressplugins2\"],\"url\":\"https:\/\/sp13.mielec.pl\/?author=1\"}]}<\/script>\n<!-- \/ Yoast SEO plugin. -->","yoast_head_json":{"title":"TYDZIE\u0143 PRZECIWDZIA\u0141ANIA PRZEMOCY R\u00d3WIE\u015aNICZEJ - SZKO\u0141A PODSTAWOWA NR 13 W MIELCU","description":"Szko\u0142a Podstawowa nr 13 w Mielcu","robots":{"index":"index","follow":"follow","max-snippet":"max-snippet:-1","max-image-preview":"max-image-preview:large","max-video-preview":"max-video-preview:-1"},"canonical":"https:\/\/sp13.mielec.pl\/?p=501","og_locale":"pl_PL","og_type":"article","og_title":"TYDZIE\u0143 PRZECIWDZIA\u0141ANIA PRZEMOCY R\u00d3WIE\u015aNICZEJ - SZKO\u0141A PODSTAWOWA NR 13 W MIELCU","og_description":"Szko\u0142a Podstawowa nr 13 w Mielcu","og_url":"https:\/\/sp13.mielec.pl\/?p=501","og_site_name":"SZKO\u0141A PODSTAWOWA NR 13 W MIELCU","article_publisher":"https:\/\/www.facebook.com\/profile.php?id=100075648866324#","article_published_time":"2025-10-02T08:15:53+00:00","article_modified_time":"2025-10-02T08:20:28+00:00","og_image":[{"url":"https:\/\/lh3.googleusercontent.com\/pw\/AP1GczOvsc-goFc_74nOtmbc19cTNmDNW_lP9xhtS5G0er1907eJPGrz_KpZwg4BaG7RDQhHT4OEMC5ZETglZzeRe5D7wOuoUb-MSdsxKqIIvmz4-UOrSxNlWmQw-Wwiex_fGFNfUeiC5DmjxFIWHZY0gyPoMA=w1024-h681-s-no?authuser=2","type":"","width":"","height":""}],"author":"admin","twitter_card":"summary_large_image","twitter_misc":{"Napisane przez":"admin","Szacowany czas czytania":"2 minuty"},"schema":{"@context":"https:\/\/schema.org","@graph":[{"@type":"Article","@id":"https:\/\/sp13.mielec.pl\/?p=501#article","isPartOf":{"@id":"https:\/\/sp13.mielec.pl\/?p=501"},"author":{"name":"admin","@id":"https:\/\/sp13.mielec.pl\/#\/schema\/person\/2989c58771a7ac215a1cfc4a80217749"},"headline":"TYDZIE\u0143 PRZECIWDZIA\u0141ANIA PRZEMOCY R\u00d3WIE\u015aNICZEJ","datePublished":"2025-10-02T08:15:53+00:00","dateModified":"2025-10-02T08:20:28+00:00","mainEntityOfPage":{"@id":"https:\/\/sp13.mielec.pl\/?p=501"},"wordCount":191,"publisher":{"@id":"https:\/\/sp13.mielec.pl\/#organization"},"image":{"@id":"https:\/\/sp13.mielec.pl\/?p=501#primaryimage"},"thumbnailUrl":"https:\/\/lh3.googleusercontent.com\/pw\/AP1GczOvsc-goFc_74nOtmbc19cTNmDNW_lP9xhtS5G0er1907eJPGrz_KpZwg4BaG7RDQhHT4OEMC5ZETglZzeRe5D7wOuoUb-MSdsxKqIIvmz4-UOrSxNlWmQw-Wwiex_fGFNfUeiC5DmjxFIWHZY0gyPoMA=w1024-h681-s-no?authuser=2","inLanguage":"pl-PL"},{"@type":"WebPage","@id":"https:\/\/sp13.mielec.pl\/?p=501","url":"https:\/\/sp13.mielec.pl\/?p=501","name":"TYDZIE\u0143 PRZECIWDZIA\u0141ANIA PRZEMOCY R\u00d3WIE\u015aNICZEJ - SZKO\u0141A PODSTAWOWA NR 13 W MIELCU","isPartOf":{"@id":"https:\/\/sp13.mielec.pl\/#website"},"primaryImageOfPage":{"@id":"https:\/\/sp13.mielec.pl\/?p=501#primaryimage"},"image":{"@id":"https:\/\/sp13.mielec.pl\/?p=501#primaryimage"},"thumbnailUrl":"https:\/\/lh3.googleusercontent.com\/pw\/AP1GczOvsc-goFc_74nOtmbc19cTNmDNW_lP9xhtS5G0er1907eJPGrz_KpZwg4BaG7RDQhHT4OEMC5ZETglZzeRe5D7wOuoUb-MSdsxKqIIvmz4-UOrSxNlWmQw-Wwiex_fGFNfUeiC5DmjxFIWHZY0gyPoMA=w1024-h681-s-no?authuser=2","datePublished":"2025-10-02T08:15:53+00:00","dateModified":"2025-10-02T08:20:28+00:00","description":"Szko\u0142a Podstawowa nr 13 w Mielcu","breadcrumb":{"@id":"https:\/\/sp13.mielec.pl\/?p=501#breadcrumb"},"inLanguage":"pl-PL","potentialAction":[{"@type":"ReadAction","target":["https:\/\/sp13.mielec.pl\/?p=501"]}]},{"@type":"ImageObject","inLanguage":"pl-PL","@id":"https:\/\/sp13.mielec.pl\/?p=501#primaryimage","url":"https:\/\/lh3.googleusercontent.com\/pw\/AP1GczOvsc-goFc_74nOtmbc19cTNmDNW_lP9xhtS5G0er1907eJPGrz_KpZwg4BaG7RDQhHT4OEMC5ZETglZzeRe5D7wOuoUb-MSdsxKqIIvmz4-UOrSxNlWmQw-Wwiex_fGFNfUeiC5DmjxFIWHZY0gyPoMA=w1024-h681-s-no?authuser=2","contentUrl":"https:\/\/lh3.googleusercontent.com\/pw\/AP1GczOvsc-goFc_74nOtmbc19cTNmDNW_lP9xhtS5G0er1907eJPGrz_KpZwg4BaG7RDQhHT4OEMC5ZETglZzeRe5D7wOuoUb-MSdsxKqIIvmz4-UOrSxNlWmQw-Wwiex_fGFNfUeiC5DmjxFIWHZY0gyPoMA=w1024-h681-s-no?authuser=2"},{"@type":"BreadcrumbList","@id":"https:\/\/sp13.mielec.pl\/?p=501#breadcrumb","itemListElement":[{"@type":"ListItem","position":1,"name":"Home","item":"https:\/\/sp13.mielec.pl\/"},{"@type":"ListItem","position":2,"name":"TYDZIE\u0143 PRZECIWDZIA\u0141ANIA PRZEMOCY R\u00d3WIE\u015aNICZEJ"}]},{"@type":"WebSite","@id":"https:\/\/sp13.mielec.pl\/#website","url":"https:\/\/sp13.mielec.pl\/","name":"SZKO\u0141A PODSTAWOWA NR 13 W MIELCU","description":"im. Jana Bytnara Rudego","publisher":{"@id":"https:\/\/sp13.mielec.pl\/#organization"},"potentialAction":[{"@type":"SearchAction","target":{"@type":"EntryPoint","urlTemplate":"https:\/\/sp13.mielec.pl\/?s={search_term_string}"},"query-input":{"@type":"PropertyValueSpecification","valueRequired":true,"valueName":"search_term_string"}}],"inLanguage":"pl-PL"},{"@type":"Organization","@id":"https:\/\/sp13.mielec.pl\/#organization","name":"SZKO\u0141A PODSTAWOWA NR 13 W MIELCU","url":"https:\/\/sp13.mielec.pl\/","logo":{"@type":"ImageObject","inLanguage":"pl-PL","@id":"https:\/\/sp13.mielec.pl\/#\/schema\/logo\/image\/","url":"https:\/\/sp13.mielec.pl\/wp-content\/uploads\/2025\/09\/cropped-cropped-herb-szkoly-ezgif.com-resize-1.gif","contentUrl":"https:\/\/sp13.mielec.pl\/wp-content\/uploads\/2025\/09\/cropped-cropped-herb-szkoly-ezgif.com-resize-1.gif","width":150,"height":150,"caption":"SZKO\u0141A PODSTAWOWA NR 13 W MIELCU"},"image":{"@id":"https:\/\/sp13.mielec.pl\/#\/schema\/logo\/image\/"},"sameAs":["https:\/\/www.facebook.com\/profile.php?id=100075648866324#"]},{"@type":"Person","@id":"https:\/\/sp13.mielec.pl\/#\/schema\/person\/2989c58771a7ac215a1cfc4a80217749","name":"admin","image":{"@type":"ImageObject","inLanguage":"pl-PL","@id":"https:\/\/sp13.mielec.pl\/#\/schema\/person\/image\/","url":"https:\/\/secure.gravatar.com\/avatar\/0bcae7b6c78740ebf93d8baa9f8db1cc7c98a1a17f4f0455cf5bd11ce783ef38?s=96&d=mm&r=g","contentUrl":"https:\/\/secure.gravatar.com\/avatar\/0bcae7b6c78740ebf93d8baa9f8db1cc7c98a1a17f4f0455cf5bd11ce783ef38?s=96&d=mm&r=g","caption":"admin"},"sameAs":["http:\/\/gim4.home.pl\/autoinstalator\/wordpressplugins2"],"url":"https:\/\/sp13.mielec.pl\/?author=1"}]}},"rttpg_featured_image_url":null,"rttpg_author":{"display_name":"admin","author_link":"https:\/\/sp13.mielec.pl\/?author=1"},"rttpg_comment":0,"rttpg_category":"<a href=\"https:\/\/sp13.mielec.pl\/?cat=1\" rel=\"category\">Bez kategorii<\/a>","rttpg_excerpt":"STOP przemocy \u2013 START przyja\u017ani! Nasza szko\u0142a w\u0142\u0105cza si\u0119 w aktywn\u0105 akcj\u0119 sprzeciwu wobec przemocy r\u00f3wie\u015bniczej. Chcemy budowa\u0107 przestrze\u0144, w kt\u00f3rej ka\u017cdy ucze\u0144 czuje si\u0119 bezpieczny, wa\u017cny i akceptowany. Przemoc mo\u017ce mie\u0107 r\u00f3\u017cne formy \u2013 to nie tylko uderzenie czy ...","_links":{"self":[{"href":"https:\/\/sp13.mielec.pl\/index.php?rest_route=\/wp\/v2\/posts\/501","targetHints":{"allow":["GET"]}}],"collection":[{"href":"https:\/\/sp13.mielec.pl\/index.php?rest_route=\/wp\/v2\/posts"}],"about":[{"href":"https:\/\/sp13.mielec.pl\/index.php?rest_route=\/wp\/v2\/types\/post"}],"author":[{"embeddable":true,"href":"https:\/\/sp13.mielec.pl\/index.php?rest_route=\/wp\/v2\/users\/1"}],"replies":[{"embeddable":true,"href":"https:\/\/sp13.mielec.pl\/index.php?rest_route=%2Fwp%2Fv2%2Fcomments&post=501"}],"version-history":[{"count":2,"href":"https:\/\/sp13.mielec.pl\/index.php?rest_route=\/wp\/v2\/posts\/501\/revisions"}],"predecessor-version":[{"id":505,"href":"https:\/\/sp13.mielec.pl\/index.php?rest_route=\/wp\/v2\/posts\/501\/revisions\/505"}],"wp:attachment":[{"href":"https:\/\/sp13.mielec.pl\/index.php?rest_route=%2Fwp%2Fv2%2Fmedia&parent=501"}],"wp:term":[{"taxonomy":"category","embeddable":true,"href":"https:\/\/sp13.mielec.pl\/index.php?rest_route=%2Fwp%2Fv2%2Fcategories&post=501"},{"taxonomy":"post_tag","embeddable":true,"href":"https:\/\/sp13.mielec.pl\/index.php?rest_route=%2Fwp%2Fv2%2Ftags&post=501"}],"curies":[{"name":"wp","href":"https:\/\/api.w.org\/{rel}","templated":true}]}}