{"id":460,"date":"2025-09-29T08:18:52","date_gmt":"2025-09-29T06:18:52","guid":{"rendered":"https:\/\/sp13.mielec.pl\/?p=460"},"modified":"2025-09-29T08:18:53","modified_gmt":"2025-09-29T06:18:53","slug":"wycieczka-do-urokliwego-sandomierza","status":"publish","type":"post","link":"https:\/\/sp13.mielec.pl\/?p=460","title":{"rendered":"WYCIECZKA DO UROKLIWEGO SANDOMIERZA"},"content":{"rendered":"\n<figure class=\"wp-block-image size-large\"><img decoding=\"async\" src=\"https:\/\/lh3.googleusercontent.com\/pw\/AP1GczOP-EOY5pZYP6dAIDzsVmOin4uu9WUyVWtzSOLzO-pMvBNf0nHEAxXsJKa5wQQltnETayxdqpqwFotbw5bNLSkJU6xpI9EIRCv-dTf3VKs9oPV-B8xBM9ayhWDrZHOEMmVNMrQDVRNK5awxfEYG-dXMQA=w954-h954-s-no?authuser=2\" alt=\"\"\/><\/figure>\n\n\n\n<p>24 wrze\u015bnia klasy IID i IIIA wybra\u0142y si\u0119 na wycieczk\u0119 do Sandomierza. By\u0142a to podr\u00f3\u017c przez historyczne miasto po\u0142o\u017cone na siedmiu wzg\u00f3rzach. W\u0119dr\u00f3wk\u0119 zacz\u0119li\u015bmy od W\u0105wozu Kr\u00f3lowej Jadwigi. Przyroda, ziele\u0144, las, \u015bwie\u017ce powietrze doda\u0142y nam si\u0142 na dalsze zwiedzanie. Zobaczyli\u015bmy malownicz\u0105 star\u00f3wk\u0119 i imponuj\u0105cy Zamek Kr\u00f3lewski. Histori\u0119 i ciekawostki miasta opowiada\u0142 nam pan przewodnik. Z Bramy Opatowskiej zobaczyli\u015bmy panoram\u0119 miasta. Nast\u0119pnie przeszli\u015bmy do Zbrojowni oraz Podziemnej Trasy Turystycznej, kt\u00f3ra wiedzie przez dawne piwnice. Tam czeka\u0142 na nas mini seans filmowy. By\u0142 te\u017c czas na pami\u0105tki i odpoczynek.<\/p>\n\n\n\n<p>Wycieczka by\u0142a bardzo udana i c\u00f3\u017c\u2026 czekamy na wi\u0119cej.<\/p>\n\n\n\n<p><a href=\"https:\/\/photos.app.goo.gl\/2ZrxwzPxhXaYR4zr8\">https:\/\/photos.app.goo.gl\/2ZrxwzPxhXaYR4zr8<\/a><\/p>\n","protected":false},"excerpt":{"rendered":"<p>24 wrze\u015bnia klasy IID i IIIA wybra\u0142y si\u0119 na wycieczk\u0119 do Sandomierza. By\u0142a to podr\u00f3\u017c przez historyczne miasto po\u0142o\u017cone na siedmiu wzg\u00f3rzach. W\u0119dr\u00f3wk\u0119 zacz\u0119li\u015bmy od W\u0105wozu Kr\u00f3lowej Jadwigi. Przyroda, ziele\u0144, las, \u015bwie\u017ce powietrze doda\u0142y nam si\u0142 na dalsze zwiedzanie. Zobaczyli\u015bmy <a href=\"https:\/\/sp13.mielec.pl\/?p=460\" class=\"read-more\">&#8230;<\/a><\/p>\n","protected":false},"author":1,"featured_media":0,"comment_status":"closed","ping_status":"closed","sticky":false,"template":"","format":"standard","meta":{"_themeisle_gutenberg_block_has_review":false,"footnotes":""},"categories":[1],"tags":[],"class_list":["post-460","post","type-post","status-publish","format-standard","hentry","category-bez-kategorii"],"yoast_head":"<!-- This site is optimized with the Yoast SEO plugin v25.9 - https:\/\/yoast.com\/wordpress\/plugins\/seo\/ -->\n<title>WYCIECZKA DO UROKLIWEGO SANDOMIERZA - SZKO\u0141A PODSTAWOWA NR 13 W MIELCU<\/title>\n<meta name=\"description\" content=\"Szko\u0142a Podstawowa nr 13 w Mielcu\" \/>\n<meta name=\"robots\" content=\"index, follow, max-snippet:-1, max-image-preview:large, max-video-preview:-1\" \/>\n<link rel=\"canonical\" href=\"https:\/\/sp13.mielec.pl\/?p=460\" \/>\n<meta property=\"og:locale\" content=\"pl_PL\" \/>\n<meta property=\"og:type\" content=\"article\" \/>\n<meta property=\"og:title\" content=\"WYCIECZKA DO UROKLIWEGO SANDOMIERZA - SZKO\u0141A PODSTAWOWA NR 13 W MIELCU\" \/>\n<meta property=\"og:description\" content=\"Szko\u0142a Podstawowa nr 13 w Mielcu\" \/>\n<meta property=\"og:url\" content=\"https:\/\/sp13.mielec.pl\/?p=460\" \/>\n<meta property=\"og:site_name\" content=\"SZKO\u0141A PODSTAWOWA NR 13 W MIELCU\" \/>\n<meta property=\"article:publisher\" content=\"https:\/\/www.facebook.com\/profile.php?id=100075648866324#\" \/>\n<meta property=\"article:published_time\" content=\"2025-09-29T06:18:52+00:00\" \/>\n<meta property=\"article:modified_time\" content=\"2025-09-29T06:18:53+00:00\" \/>\n<meta property=\"og:image\" content=\"https:\/\/lh3.googleusercontent.com\/pw\/AP1GczOP-EOY5pZYP6dAIDzsVmOin4uu9WUyVWtzSOLzO-pMvBNf0nHEAxXsJKa5wQQltnETayxdqpqwFotbw5bNLSkJU6xpI9EIRCv-dTf3VKs9oPV-B8xBM9ayhWDrZHOEMmVNMrQDVRNK5awxfEYG-dXMQA=w954-h954-s-no?authuser=2\" \/>\n<meta name=\"author\" content=\"admin\" \/>\n<meta name=\"twitter:card\" content=\"summary_large_image\" \/>\n<meta name=\"twitter:label1\" content=\"Napisane przez\" \/>\n\t<meta name=\"twitter:data1\" content=\"admin\" \/>\n\t<meta name=\"twitter:label2\" content=\"Szacowany czas czytania\" \/>\n\t<meta name=\"twitter:data2\" content=\"1 minuta\" \/>\n<script type=\"application\/ld+json\" class=\"yoast-schema-graph\">{\"@context\":\"https:\/\/schema.org\",\"@graph\":[{\"@type\":\"Article\",\"@id\":\"https:\/\/sp13.mielec.pl\/?p=460#article\",\"isPartOf\":{\"@id\":\"https:\/\/sp13.mielec.pl\/?p=460\"},\"author\":{\"name\":\"admin\",\"@id\":\"https:\/\/sp13.mielec.pl\/#\/schema\/person\/2989c58771a7ac215a1cfc4a80217749\"},\"headline\":\"WYCIECZKA DO UROKLIWEGO SANDOMIERZA\",\"datePublished\":\"2025-09-29T06:18:52+00:00\",\"dateModified\":\"2025-09-29T06:18:53+00:00\",\"mainEntityOfPage\":{\"@id\":\"https:\/\/sp13.mielec.pl\/?p=460\"},\"wordCount\":131,\"publisher\":{\"@id\":\"https:\/\/sp13.mielec.pl\/#organization\"},\"image\":{\"@id\":\"https:\/\/sp13.mielec.pl\/?p=460#primaryimage\"},\"thumbnailUrl\":\"https:\/\/lh3.googleusercontent.com\/pw\/AP1GczOP-EOY5pZYP6dAIDzsVmOin4uu9WUyVWtzSOLzO-pMvBNf0nHEAxXsJKa5wQQltnETayxdqpqwFotbw5bNLSkJU6xpI9EIRCv-dTf3VKs9oPV-B8xBM9ayhWDrZHOEMmVNMrQDVRNK5awxfEYG-dXMQA=w954-h954-s-no?authuser=2\",\"inLanguage\":\"pl-PL\"},{\"@type\":\"WebPage\",\"@id\":\"https:\/\/sp13.mielec.pl\/?p=460\",\"url\":\"https:\/\/sp13.mielec.pl\/?p=460\",\"name\":\"WYCIECZKA DO UROKLIWEGO SANDOMIERZA - SZKO\u0141A PODSTAWOWA NR 13 W MIELCU\",\"isPartOf\":{\"@id\":\"https:\/\/sp13.mielec.pl\/#website\"},\"primaryImageOfPage\":{\"@id\":\"https:\/\/sp13.mielec.pl\/?p=460#primaryimage\"},\"image\":{\"@id\":\"https:\/\/sp13.mielec.pl\/?p=460#primaryimage\"},\"thumbnailUrl\":\"https:\/\/lh3.googleusercontent.com\/pw\/AP1GczOP-EOY5pZYP6dAIDzsVmOin4uu9WUyVWtzSOLzO-pMvBNf0nHEAxXsJKa5wQQltnETayxdqpqwFotbw5bNLSkJU6xpI9EIRCv-dTf3VKs9oPV-B8xBM9ayhWDrZHOEMmVNMrQDVRNK5awxfEYG-dXMQA=w954-h954-s-no?authuser=2\",\"datePublished\":\"2025-09-29T06:18:52+00:00\",\"dateModified\":\"2025-09-29T06:18:53+00:00\",\"description\":\"Szko\u0142a Podstawowa nr 13 w Mielcu\",\"breadcrumb\":{\"@id\":\"https:\/\/sp13.mielec.pl\/?p=460#breadcrumb\"},\"inLanguage\":\"pl-PL\",\"potentialAction\":[{\"@type\":\"ReadAction\",\"target\":[\"https:\/\/sp13.mielec.pl\/?p=460\"]}]},{\"@type\":\"ImageObject\",\"inLanguage\":\"pl-PL\",\"@id\":\"https:\/\/sp13.mielec.pl\/?p=460#primaryimage\",\"url\":\"https:\/\/lh3.googleusercontent.com\/pw\/AP1GczOP-EOY5pZYP6dAIDzsVmOin4uu9WUyVWtzSOLzO-pMvBNf0nHEAxXsJKa5wQQltnETayxdqpqwFotbw5bNLSkJU6xpI9EIRCv-dTf3VKs9oPV-B8xBM9ayhWDrZHOEMmVNMrQDVRNK5awxfEYG-dXMQA=w954-h954-s-no?authuser=2\",\"contentUrl\":\"https:\/\/lh3.googleusercontent.com\/pw\/AP1GczOP-EOY5pZYP6dAIDzsVmOin4uu9WUyVWtzSOLzO-pMvBNf0nHEAxXsJKa5wQQltnETayxdqpqwFotbw5bNLSkJU6xpI9EIRCv-dTf3VKs9oPV-B8xBM9ayhWDrZHOEMmVNMrQDVRNK5awxfEYG-dXMQA=w954-h954-s-no?authuser=2\"},{\"@type\":\"BreadcrumbList\",\"@id\":\"https:\/\/sp13.mielec.pl\/?p=460#breadcrumb\",\"itemListElement\":[{\"@type\":\"ListItem\",\"position\":1,\"name\":\"Home\",\"item\":\"https:\/\/sp13.mielec.pl\/\"},{\"@type\":\"ListItem\",\"position\":2,\"name\":\"WYCIECZKA DO UROKLIWEGO SANDOMIERZA\"}]},{\"@type\":\"WebSite\",\"@id\":\"https:\/\/sp13.mielec.pl\/#website\",\"url\":\"https:\/\/sp13.mielec.pl\/\",\"name\":\"SZKO\u0141A PODSTAWOWA NR 13 W MIELCU\",\"description\":\"im. Jana Bytnara Rudego\",\"publisher\":{\"@id\":\"https:\/\/sp13.mielec.pl\/#organization\"},\"potentialAction\":[{\"@type\":\"SearchAction\",\"target\":{\"@type\":\"EntryPoint\",\"urlTemplate\":\"https:\/\/sp13.mielec.pl\/?s={search_term_string}\"},\"query-input\":{\"@type\":\"PropertyValueSpecification\",\"valueRequired\":true,\"valueName\":\"search_term_string\"}}],\"inLanguage\":\"pl-PL\"},{\"@type\":\"Organization\",\"@id\":\"https:\/\/sp13.mielec.pl\/#organization\",\"name\":\"SZKO\u0141A PODSTAWOWA NR 13 W MIELCU\",\"url\":\"https:\/\/sp13.mielec.pl\/\",\"logo\":{\"@type\":\"ImageObject\",\"inLanguage\":\"pl-PL\",\"@id\":\"https:\/\/sp13.mielec.pl\/#\/schema\/logo\/image\/\",\"url\":\"https:\/\/sp13.mielec.pl\/wp-content\/uploads\/2025\/09\/cropped-cropped-herb-szkoly-ezgif.com-resize-1.gif\",\"contentUrl\":\"https:\/\/sp13.mielec.pl\/wp-content\/uploads\/2025\/09\/cropped-cropped-herb-szkoly-ezgif.com-resize-1.gif\",\"width\":150,\"height\":150,\"caption\":\"SZKO\u0141A PODSTAWOWA NR 13 W MIELCU\"},\"image\":{\"@id\":\"https:\/\/sp13.mielec.pl\/#\/schema\/logo\/image\/\"},\"sameAs\":[\"https:\/\/www.facebook.com\/profile.php?id=100075648866324#\"]},{\"@type\":\"Person\",\"@id\":\"https:\/\/sp13.mielec.pl\/#\/schema\/person\/2989c58771a7ac215a1cfc4a80217749\",\"name\":\"admin\",\"image\":{\"@type\":\"ImageObject\",\"inLanguage\":\"pl-PL\",\"@id\":\"https:\/\/sp13.mielec.pl\/#\/schema\/person\/image\/\",\"url\":\"https:\/\/secure.gravatar.com\/avatar\/0bcae7b6c78740ebf93d8baa9f8db1cc7c98a1a17f4f0455cf5bd11ce783ef38?s=96&d=mm&r=g\",\"contentUrl\":\"https:\/\/secure.gravatar.com\/avatar\/0bcae7b6c78740ebf93d8baa9f8db1cc7c98a1a17f4f0455cf5bd11ce783ef38?s=96&d=mm&r=g\",\"caption\":\"admin\"},\"sameAs\":[\"http:\/\/gim4.home.pl\/autoinstalator\/wordpressplugins2\"],\"url\":\"https:\/\/sp13.mielec.pl\/?author=1\"}]}<\/script>\n<!-- \/ Yoast SEO plugin. -->","yoast_head_json":{"title":"WYCIECZKA DO UROKLIWEGO SANDOMIERZA - SZKO\u0141A PODSTAWOWA NR 13 W MIELCU","description":"Szko\u0142a Podstawowa nr 13 w Mielcu","robots":{"index":"index","follow":"follow","max-snippet":"max-snippet:-1","max-image-preview":"max-image-preview:large","max-video-preview":"max-video-preview:-1"},"canonical":"https:\/\/sp13.mielec.pl\/?p=460","og_locale":"pl_PL","og_type":"article","og_title":"WYCIECZKA DO UROKLIWEGO SANDOMIERZA - SZKO\u0141A PODSTAWOWA NR 13 W MIELCU","og_description":"Szko\u0142a Podstawowa nr 13 w Mielcu","og_url":"https:\/\/sp13.mielec.pl\/?p=460","og_site_name":"SZKO\u0141A PODSTAWOWA NR 13 W MIELCU","article_publisher":"https:\/\/www.facebook.com\/profile.php?id=100075648866324#","article_published_time":"2025-09-29T06:18:52+00:00","article_modified_time":"2025-09-29T06:18:53+00:00","og_image":[{"url":"https:\/\/lh3.googleusercontent.com\/pw\/AP1GczOP-EOY5pZYP6dAIDzsVmOin4uu9WUyVWtzSOLzO-pMvBNf0nHEAxXsJKa5wQQltnETayxdqpqwFotbw5bNLSkJU6xpI9EIRCv-dTf3VKs9oPV-B8xBM9ayhWDrZHOEMmVNMrQDVRNK5awxfEYG-dXMQA=w954-h954-s-no?authuser=2","type":"","width":"","height":""}],"author":"admin","twitter_card":"summary_large_image","twitter_misc":{"Napisane przez":"admin","Szacowany czas czytania":"1 minuta"},"schema":{"@context":"https:\/\/schema.org","@graph":[{"@type":"Article","@id":"https:\/\/sp13.mielec.pl\/?p=460#article","isPartOf":{"@id":"https:\/\/sp13.mielec.pl\/?p=460"},"author":{"name":"admin","@id":"https:\/\/sp13.mielec.pl\/#\/schema\/person\/2989c58771a7ac215a1cfc4a80217749"},"headline":"WYCIECZKA DO UROKLIWEGO SANDOMIERZA","datePublished":"2025-09-29T06:18:52+00:00","dateModified":"2025-09-29T06:18:53+00:00","mainEntityOfPage":{"@id":"https:\/\/sp13.mielec.pl\/?p=460"},"wordCount":131,"publisher":{"@id":"https:\/\/sp13.mielec.pl\/#organization"},"image":{"@id":"https:\/\/sp13.mielec.pl\/?p=460#primaryimage"},"thumbnailUrl":"https:\/\/lh3.googleusercontent.com\/pw\/AP1GczOP-EOY5pZYP6dAIDzsVmOin4uu9WUyVWtzSOLzO-pMvBNf0nHEAxXsJKa5wQQltnETayxdqpqwFotbw5bNLSkJU6xpI9EIRCv-dTf3VKs9oPV-B8xBM9ayhWDrZHOEMmVNMrQDVRNK5awxfEYG-dXMQA=w954-h954-s-no?authuser=2","inLanguage":"pl-PL"},{"@type":"WebPage","@id":"https:\/\/sp13.mielec.pl\/?p=460","url":"https:\/\/sp13.mielec.pl\/?p=460","name":"WYCIECZKA DO UROKLIWEGO SANDOMIERZA - SZKO\u0141A PODSTAWOWA NR 13 W MIELCU","isPartOf":{"@id":"https:\/\/sp13.mielec.pl\/#website"},"primaryImageOfPage":{"@id":"https:\/\/sp13.mielec.pl\/?p=460#primaryimage"},"image":{"@id":"https:\/\/sp13.mielec.pl\/?p=460#primaryimage"},"thumbnailUrl":"https:\/\/lh3.googleusercontent.com\/pw\/AP1GczOP-EOY5pZYP6dAIDzsVmOin4uu9WUyVWtzSOLzO-pMvBNf0nHEAxXsJKa5wQQltnETayxdqpqwFotbw5bNLSkJU6xpI9EIRCv-dTf3VKs9oPV-B8xBM9ayhWDrZHOEMmVNMrQDVRNK5awxfEYG-dXMQA=w954-h954-s-no?authuser=2","datePublished":"2025-09-29T06:18:52+00:00","dateModified":"2025-09-29T06:18:53+00:00","description":"Szko\u0142a Podstawowa nr 13 w Mielcu","breadcrumb":{"@id":"https:\/\/sp13.mielec.pl\/?p=460#breadcrumb"},"inLanguage":"pl-PL","potentialAction":[{"@type":"ReadAction","target":["https:\/\/sp13.mielec.pl\/?p=460"]}]},{"@type":"ImageObject","inLanguage":"pl-PL","@id":"https:\/\/sp13.mielec.pl\/?p=460#primaryimage","url":"https:\/\/lh3.googleusercontent.com\/pw\/AP1GczOP-EOY5pZYP6dAIDzsVmOin4uu9WUyVWtzSOLzO-pMvBNf0nHEAxXsJKa5wQQltnETayxdqpqwFotbw5bNLSkJU6xpI9EIRCv-dTf3VKs9oPV-B8xBM9ayhWDrZHOEMmVNMrQDVRNK5awxfEYG-dXMQA=w954-h954-s-no?authuser=2","contentUrl":"https:\/\/lh3.googleusercontent.com\/pw\/AP1GczOP-EOY5pZYP6dAIDzsVmOin4uu9WUyVWtzSOLzO-pMvBNf0nHEAxXsJKa5wQQltnETayxdqpqwFotbw5bNLSkJU6xpI9EIRCv-dTf3VKs9oPV-B8xBM9ayhWDrZHOEMmVNMrQDVRNK5awxfEYG-dXMQA=w954-h954-s-no?authuser=2"},{"@type":"BreadcrumbList","@id":"https:\/\/sp13.mielec.pl\/?p=460#breadcrumb","itemListElement":[{"@type":"ListItem","position":1,"name":"Home","item":"https:\/\/sp13.mielec.pl\/"},{"@type":"ListItem","position":2,"name":"WYCIECZKA DO UROKLIWEGO SANDOMIERZA"}]},{"@type":"WebSite","@id":"https:\/\/sp13.mielec.pl\/#website","url":"https:\/\/sp13.mielec.pl\/","name":"SZKO\u0141A PODSTAWOWA NR 13 W MIELCU","description":"im. Jana Bytnara Rudego","publisher":{"@id":"https:\/\/sp13.mielec.pl\/#organization"},"potentialAction":[{"@type":"SearchAction","target":{"@type":"EntryPoint","urlTemplate":"https:\/\/sp13.mielec.pl\/?s={search_term_string}"},"query-input":{"@type":"PropertyValueSpecification","valueRequired":true,"valueName":"search_term_string"}}],"inLanguage":"pl-PL"},{"@type":"Organization","@id":"https:\/\/sp13.mielec.pl\/#organization","name":"SZKO\u0141A PODSTAWOWA NR 13 W MIELCU","url":"https:\/\/sp13.mielec.pl\/","logo":{"@type":"ImageObject","inLanguage":"pl-PL","@id":"https:\/\/sp13.mielec.pl\/#\/schema\/logo\/image\/","url":"https:\/\/sp13.mielec.pl\/wp-content\/uploads\/2025\/09\/cropped-cropped-herb-szkoly-ezgif.com-resize-1.gif","contentUrl":"https:\/\/sp13.mielec.pl\/wp-content\/uploads\/2025\/09\/cropped-cropped-herb-szkoly-ezgif.com-resize-1.gif","width":150,"height":150,"caption":"SZKO\u0141A PODSTAWOWA NR 13 W MIELCU"},"image":{"@id":"https:\/\/sp13.mielec.pl\/#\/schema\/logo\/image\/"},"sameAs":["https:\/\/www.facebook.com\/profile.php?id=100075648866324#"]},{"@type":"Person","@id":"https:\/\/sp13.mielec.pl\/#\/schema\/person\/2989c58771a7ac215a1cfc4a80217749","name":"admin","image":{"@type":"ImageObject","inLanguage":"pl-PL","@id":"https:\/\/sp13.mielec.pl\/#\/schema\/person\/image\/","url":"https:\/\/secure.gravatar.com\/avatar\/0bcae7b6c78740ebf93d8baa9f8db1cc7c98a1a17f4f0455cf5bd11ce783ef38?s=96&d=mm&r=g","contentUrl":"https:\/\/secure.gravatar.com\/avatar\/0bcae7b6c78740ebf93d8baa9f8db1cc7c98a1a17f4f0455cf5bd11ce783ef38?s=96&d=mm&r=g","caption":"admin"},"sameAs":["http:\/\/gim4.home.pl\/autoinstalator\/wordpressplugins2"],"url":"https:\/\/sp13.mielec.pl\/?author=1"}]}},"rttpg_featured_image_url":null,"rttpg_author":{"display_name":"admin","author_link":"https:\/\/sp13.mielec.pl\/?author=1"},"rttpg_comment":0,"rttpg_category":"<a href=\"https:\/\/sp13.mielec.pl\/?cat=1\" rel=\"category\">Bez kategorii<\/a>","rttpg_excerpt":"24 wrze\u015bnia klasy IID i IIIA wybra\u0142y si\u0119 na wycieczk\u0119 do Sandomierza. By\u0142a to podr\u00f3\u017c przez historyczne miasto po\u0142o\u017cone na siedmiu wzg\u00f3rzach. W\u0119dr\u00f3wk\u0119 zacz\u0119li\u015bmy od W\u0105wozu Kr\u00f3lowej Jadwigi. Przyroda, ziele\u0144, las, \u015bwie\u017ce powietrze doda\u0142y nam si\u0142 na dalsze zwiedzanie. Zobaczyli\u015bmy ...","_links":{"self":[{"href":"https:\/\/sp13.mielec.pl\/index.php?rest_route=\/wp\/v2\/posts\/460","targetHints":{"allow":["GET"]}}],"collection":[{"href":"https:\/\/sp13.mielec.pl\/index.php?rest_route=\/wp\/v2\/posts"}],"about":[{"href":"https:\/\/sp13.mielec.pl\/index.php?rest_route=\/wp\/v2\/types\/post"}],"author":[{"embeddable":true,"href":"https:\/\/sp13.mielec.pl\/index.php?rest_route=\/wp\/v2\/users\/1"}],"replies":[{"embeddable":true,"href":"https:\/\/sp13.mielec.pl\/index.php?rest_route=%2Fwp%2Fv2%2Fcomments&post=460"}],"version-history":[{"count":1,"href":"https:\/\/sp13.mielec.pl\/index.php?rest_route=\/wp\/v2\/posts\/460\/revisions"}],"predecessor-version":[{"id":461,"href":"https:\/\/sp13.mielec.pl\/index.php?rest_route=\/wp\/v2\/posts\/460\/revisions\/461"}],"wp:attachment":[{"href":"https:\/\/sp13.mielec.pl\/index.php?rest_route=%2Fwp%2Fv2%2Fmedia&parent=460"}],"wp:term":[{"taxonomy":"category","embeddable":true,"href":"https:\/\/sp13.mielec.pl\/index.php?rest_route=%2Fwp%2Fv2%2Fcategories&post=460"},{"taxonomy":"post_tag","embeddable":true,"href":"https:\/\/sp13.mielec.pl\/index.php?rest_route=%2Fwp%2Fv2%2Ftags&post=460"}],"curies":[{"name":"wp","href":"https:\/\/api.w.org\/{rel}","templated":true}]}}