{"id":412,"date":"2025-09-24T08:10:19","date_gmt":"2025-09-24T06:10:19","guid":{"rendered":"https:\/\/gim4.home.pl\/autoinstalator\/wordpressplugins2\/?p=412"},"modified":"2025-09-24T08:10:20","modified_gmt":"2025-09-24T06:10:20","slug":"bieg-orlat-lwowskich","status":"publish","type":"post","link":"https:\/\/sp13.mielec.pl\/?p=412","title":{"rendered":"BIEG \u201eORL\u0104T LWOWSKICH\u201d"},"content":{"rendered":"\n<figure class=\"wp-block-image size-large\"><img decoding=\"async\" src=\"https:\/\/lh3.googleusercontent.com\/pw\/AP1GczOFv3EyhK-0OFQUwWByIUczgyHQtGITZ1DOhEOzuTmPKy7eySd1L8YRtn930IrpNAwZMCot-3r31dAWOJrcWkmq8HniUeocHTSLe44xp_JpDn0EnAcDG6qoLJ9v6HJyapxh7uSbZdNMSNA8Tdg6sJ06hg=w1697-h954-s-no?authuser=2\" alt=\"\"\/><\/figure>\n\n\n\n<p>Uczniowie klasy III mieli okazj\u0119 wzi\u0105\u0107 udzia\u0142 w biegu \u201eOrl\u0105t Lwowskich\u201d, kt\u00f3rego celem by\u0142o oddanie ho\u0142du dzieciom walcz\u0105cym o Lw\u00f3w w latach 1918-1919. Wydarzenie to sta\u0142o si\u0119 dla dzieci nie tylko sportowym wyzwaniem, ale tak\u017ce wa\u017cn\u0105 lekcj\u0105 historii.<\/p>\n\n\n\n<p>Opiekunem uczni\u00f3w by\u0142a mgr Katarzyna Wr\u00f3bel.<\/p>\n\n\n\n<p><a href=\"https:\/\/photos.app.goo.gl\/HQ9rWurbzgMkTywx8\">https:\/\/photos.app.goo.gl\/HQ9rWurbzgMkTywx8<\/a><\/p>\n","protected":false},"excerpt":{"rendered":"<p>Uczniowie klasy III mieli okazj\u0119 wzi\u0105\u0107 udzia\u0142 w biegu \u201eOrl\u0105t Lwowskich\u201d, kt\u00f3rego celem by\u0142o oddanie ho\u0142du dzieciom walcz\u0105cym o Lw\u00f3w w latach 1918-1919. Wydarzenie to sta\u0142o si\u0119 dla dzieci nie tylko sportowym wyzwaniem, ale tak\u017ce wa\u017cn\u0105 lekcj\u0105 historii. Opiekunem uczni\u00f3w <a href=\"https:\/\/sp13.mielec.pl\/?p=412\" class=\"read-more\">&#8230;<\/a><\/p>\n","protected":false},"author":1,"featured_media":0,"comment_status":"closed","ping_status":"closed","sticky":false,"template":"","format":"standard","meta":{"_themeisle_gutenberg_block_has_review":false,"footnotes":""},"categories":[1],"tags":[],"class_list":["post-412","post","type-post","status-publish","format-standard","hentry","category-bez-kategorii"],"yoast_head":"<!-- This site is optimized with the Yoast SEO plugin v25.9 - https:\/\/yoast.com\/wordpress\/plugins\/seo\/ -->\n<title>BIEG \u201eORL\u0104T LWOWSKICH\u201d - SZKO\u0141A PODSTAWOWA NR 13 W MIELCU<\/title>\n<meta name=\"description\" content=\"Szko\u0142a Podstawowa nr 13 w Mielcu\" \/>\n<meta name=\"robots\" content=\"index, follow, max-snippet:-1, max-image-preview:large, max-video-preview:-1\" \/>\n<link rel=\"canonical\" href=\"https:\/\/sp13.mielec.pl\/?p=412\" \/>\n<meta property=\"og:locale\" content=\"pl_PL\" \/>\n<meta property=\"og:type\" content=\"article\" \/>\n<meta property=\"og:title\" content=\"BIEG \u201eORL\u0104T LWOWSKICH\u201d - SZKO\u0141A PODSTAWOWA NR 13 W MIELCU\" \/>\n<meta property=\"og:description\" content=\"Szko\u0142a Podstawowa nr 13 w Mielcu\" \/>\n<meta property=\"og:url\" content=\"https:\/\/sp13.mielec.pl\/?p=412\" \/>\n<meta property=\"og:site_name\" content=\"SZKO\u0141A PODSTAWOWA NR 13 W MIELCU\" \/>\n<meta property=\"article:publisher\" content=\"https:\/\/www.facebook.com\/profile.php?id=100075648866324#\" \/>\n<meta property=\"article:published_time\" content=\"2025-09-24T06:10:19+00:00\" \/>\n<meta property=\"article:modified_time\" content=\"2025-09-24T06:10:20+00:00\" \/>\n<meta property=\"og:image\" content=\"https:\/\/lh3.googleusercontent.com\/pw\/AP1GczOFv3EyhK-0OFQUwWByIUczgyHQtGITZ1DOhEOzuTmPKy7eySd1L8YRtn930IrpNAwZMCot-3r31dAWOJrcWkmq8HniUeocHTSLe44xp_JpDn0EnAcDG6qoLJ9v6HJyapxh7uSbZdNMSNA8Tdg6sJ06hg=w1697-h954-s-no?authuser=2\" \/>\n<meta name=\"author\" content=\"admin\" \/>\n<meta name=\"twitter:card\" content=\"summary_large_image\" \/>\n<meta name=\"twitter:label1\" content=\"Napisane przez\" \/>\n\t<meta name=\"twitter:data1\" content=\"admin\" \/>\n\t<meta name=\"twitter:label2\" content=\"Szacowany czas czytania\" \/>\n\t<meta name=\"twitter:data2\" content=\"1 minuta\" \/>\n<script type=\"application\/ld+json\" class=\"yoast-schema-graph\">{\"@context\":\"https:\/\/schema.org\",\"@graph\":[{\"@type\":\"Article\",\"@id\":\"https:\/\/sp13.mielec.pl\/?p=412#article\",\"isPartOf\":{\"@id\":\"https:\/\/sp13.mielec.pl\/?p=412\"},\"author\":{\"name\":\"admin\",\"@id\":\"https:\/\/sp13.mielec.pl\/#\/schema\/person\/2989c58771a7ac215a1cfc4a80217749\"},\"headline\":\"BIEG \u201eORL\u0104T LWOWSKICH\u201d\",\"datePublished\":\"2025-09-24T06:10:19+00:00\",\"dateModified\":\"2025-09-24T06:10:20+00:00\",\"mainEntityOfPage\":{\"@id\":\"https:\/\/sp13.mielec.pl\/?p=412\"},\"wordCount\":67,\"publisher\":{\"@id\":\"https:\/\/sp13.mielec.pl\/#organization\"},\"image\":{\"@id\":\"https:\/\/sp13.mielec.pl\/?p=412#primaryimage\"},\"thumbnailUrl\":\"https:\/\/lh3.googleusercontent.com\/pw\/AP1GczOFv3EyhK-0OFQUwWByIUczgyHQtGITZ1DOhEOzuTmPKy7eySd1L8YRtn930IrpNAwZMCot-3r31dAWOJrcWkmq8HniUeocHTSLe44xp_JpDn0EnAcDG6qoLJ9v6HJyapxh7uSbZdNMSNA8Tdg6sJ06hg=w1697-h954-s-no?authuser=2\",\"inLanguage\":\"pl-PL\"},{\"@type\":\"WebPage\",\"@id\":\"https:\/\/sp13.mielec.pl\/?p=412\",\"url\":\"https:\/\/sp13.mielec.pl\/?p=412\",\"name\":\"BIEG \u201eORL\u0104T LWOWSKICH\u201d - SZKO\u0141A PODSTAWOWA NR 13 W MIELCU\",\"isPartOf\":{\"@id\":\"https:\/\/sp13.mielec.pl\/#website\"},\"primaryImageOfPage\":{\"@id\":\"https:\/\/sp13.mielec.pl\/?p=412#primaryimage\"},\"image\":{\"@id\":\"https:\/\/sp13.mielec.pl\/?p=412#primaryimage\"},\"thumbnailUrl\":\"https:\/\/lh3.googleusercontent.com\/pw\/AP1GczOFv3EyhK-0OFQUwWByIUczgyHQtGITZ1DOhEOzuTmPKy7eySd1L8YRtn930IrpNAwZMCot-3r31dAWOJrcWkmq8HniUeocHTSLe44xp_JpDn0EnAcDG6qoLJ9v6HJyapxh7uSbZdNMSNA8Tdg6sJ06hg=w1697-h954-s-no?authuser=2\",\"datePublished\":\"2025-09-24T06:10:19+00:00\",\"dateModified\":\"2025-09-24T06:10:20+00:00\",\"description\":\"Szko\u0142a Podstawowa nr 13 w Mielcu\",\"breadcrumb\":{\"@id\":\"https:\/\/sp13.mielec.pl\/?p=412#breadcrumb\"},\"inLanguage\":\"pl-PL\",\"potentialAction\":[{\"@type\":\"ReadAction\",\"target\":[\"https:\/\/sp13.mielec.pl\/?p=412\"]}]},{\"@type\":\"ImageObject\",\"inLanguage\":\"pl-PL\",\"@id\":\"https:\/\/sp13.mielec.pl\/?p=412#primaryimage\",\"url\":\"https:\/\/lh3.googleusercontent.com\/pw\/AP1GczOFv3EyhK-0OFQUwWByIUczgyHQtGITZ1DOhEOzuTmPKy7eySd1L8YRtn930IrpNAwZMCot-3r31dAWOJrcWkmq8HniUeocHTSLe44xp_JpDn0EnAcDG6qoLJ9v6HJyapxh7uSbZdNMSNA8Tdg6sJ06hg=w1697-h954-s-no?authuser=2\",\"contentUrl\":\"https:\/\/lh3.googleusercontent.com\/pw\/AP1GczOFv3EyhK-0OFQUwWByIUczgyHQtGITZ1DOhEOzuTmPKy7eySd1L8YRtn930IrpNAwZMCot-3r31dAWOJrcWkmq8HniUeocHTSLe44xp_JpDn0EnAcDG6qoLJ9v6HJyapxh7uSbZdNMSNA8Tdg6sJ06hg=w1697-h954-s-no?authuser=2\"},{\"@type\":\"BreadcrumbList\",\"@id\":\"https:\/\/sp13.mielec.pl\/?p=412#breadcrumb\",\"itemListElement\":[{\"@type\":\"ListItem\",\"position\":1,\"name\":\"Home\",\"item\":\"https:\/\/sp13.mielec.pl\/\"},{\"@type\":\"ListItem\",\"position\":2,\"name\":\"BIEG \u201eORL\u0104T LWOWSKICH\u201d\"}]},{\"@type\":\"WebSite\",\"@id\":\"https:\/\/sp13.mielec.pl\/#website\",\"url\":\"https:\/\/sp13.mielec.pl\/\",\"name\":\"SZKO\u0141A PODSTAWOWA NR 13 W MIELCU\",\"description\":\"im. Jana Bytnara Rudego\",\"publisher\":{\"@id\":\"https:\/\/sp13.mielec.pl\/#organization\"},\"potentialAction\":[{\"@type\":\"SearchAction\",\"target\":{\"@type\":\"EntryPoint\",\"urlTemplate\":\"https:\/\/sp13.mielec.pl\/?s={search_term_string}\"},\"query-input\":{\"@type\":\"PropertyValueSpecification\",\"valueRequired\":true,\"valueName\":\"search_term_string\"}}],\"inLanguage\":\"pl-PL\"},{\"@type\":\"Organization\",\"@id\":\"https:\/\/sp13.mielec.pl\/#organization\",\"name\":\"SZKO\u0141A PODSTAWOWA NR 13 W MIELCU\",\"url\":\"https:\/\/sp13.mielec.pl\/\",\"logo\":{\"@type\":\"ImageObject\",\"inLanguage\":\"pl-PL\",\"@id\":\"https:\/\/sp13.mielec.pl\/#\/schema\/logo\/image\/\",\"url\":\"https:\/\/sp13.mielec.pl\/wp-content\/uploads\/2025\/09\/cropped-cropped-herb-szkoly-ezgif.com-resize-1.gif\",\"contentUrl\":\"https:\/\/sp13.mielec.pl\/wp-content\/uploads\/2025\/09\/cropped-cropped-herb-szkoly-ezgif.com-resize-1.gif\",\"width\":150,\"height\":150,\"caption\":\"SZKO\u0141A PODSTAWOWA NR 13 W MIELCU\"},\"image\":{\"@id\":\"https:\/\/sp13.mielec.pl\/#\/schema\/logo\/image\/\"},\"sameAs\":[\"https:\/\/www.facebook.com\/profile.php?id=100075648866324#\"]},{\"@type\":\"Person\",\"@id\":\"https:\/\/sp13.mielec.pl\/#\/schema\/person\/2989c58771a7ac215a1cfc4a80217749\",\"name\":\"admin\",\"image\":{\"@type\":\"ImageObject\",\"inLanguage\":\"pl-PL\",\"@id\":\"https:\/\/sp13.mielec.pl\/#\/schema\/person\/image\/\",\"url\":\"https:\/\/secure.gravatar.com\/avatar\/0bcae7b6c78740ebf93d8baa9f8db1cc7c98a1a17f4f0455cf5bd11ce783ef38?s=96&d=mm&r=g\",\"contentUrl\":\"https:\/\/secure.gravatar.com\/avatar\/0bcae7b6c78740ebf93d8baa9f8db1cc7c98a1a17f4f0455cf5bd11ce783ef38?s=96&d=mm&r=g\",\"caption\":\"admin\"},\"sameAs\":[\"http:\/\/gim4.home.pl\/autoinstalator\/wordpressplugins2\"],\"url\":\"https:\/\/sp13.mielec.pl\/?author=1\"}]}<\/script>\n<!-- \/ Yoast SEO plugin. -->","yoast_head_json":{"title":"BIEG \u201eORL\u0104T LWOWSKICH\u201d - SZKO\u0141A PODSTAWOWA NR 13 W MIELCU","description":"Szko\u0142a Podstawowa nr 13 w Mielcu","robots":{"index":"index","follow":"follow","max-snippet":"max-snippet:-1","max-image-preview":"max-image-preview:large","max-video-preview":"max-video-preview:-1"},"canonical":"https:\/\/sp13.mielec.pl\/?p=412","og_locale":"pl_PL","og_type":"article","og_title":"BIEG \u201eORL\u0104T LWOWSKICH\u201d - SZKO\u0141A PODSTAWOWA NR 13 W MIELCU","og_description":"Szko\u0142a Podstawowa nr 13 w Mielcu","og_url":"https:\/\/sp13.mielec.pl\/?p=412","og_site_name":"SZKO\u0141A PODSTAWOWA NR 13 W MIELCU","article_publisher":"https:\/\/www.facebook.com\/profile.php?id=100075648866324#","article_published_time":"2025-09-24T06:10:19+00:00","article_modified_time":"2025-09-24T06:10:20+00:00","og_image":[{"url":"https:\/\/lh3.googleusercontent.com\/pw\/AP1GczOFv3EyhK-0OFQUwWByIUczgyHQtGITZ1DOhEOzuTmPKy7eySd1L8YRtn930IrpNAwZMCot-3r31dAWOJrcWkmq8HniUeocHTSLe44xp_JpDn0EnAcDG6qoLJ9v6HJyapxh7uSbZdNMSNA8Tdg6sJ06hg=w1697-h954-s-no?authuser=2","type":"","width":"","height":""}],"author":"admin","twitter_card":"summary_large_image","twitter_misc":{"Napisane przez":"admin","Szacowany czas czytania":"1 minuta"},"schema":{"@context":"https:\/\/schema.org","@graph":[{"@type":"Article","@id":"https:\/\/sp13.mielec.pl\/?p=412#article","isPartOf":{"@id":"https:\/\/sp13.mielec.pl\/?p=412"},"author":{"name":"admin","@id":"https:\/\/sp13.mielec.pl\/#\/schema\/person\/2989c58771a7ac215a1cfc4a80217749"},"headline":"BIEG \u201eORL\u0104T LWOWSKICH\u201d","datePublished":"2025-09-24T06:10:19+00:00","dateModified":"2025-09-24T06:10:20+00:00","mainEntityOfPage":{"@id":"https:\/\/sp13.mielec.pl\/?p=412"},"wordCount":67,"publisher":{"@id":"https:\/\/sp13.mielec.pl\/#organization"},"image":{"@id":"https:\/\/sp13.mielec.pl\/?p=412#primaryimage"},"thumbnailUrl":"https:\/\/lh3.googleusercontent.com\/pw\/AP1GczOFv3EyhK-0OFQUwWByIUczgyHQtGITZ1DOhEOzuTmPKy7eySd1L8YRtn930IrpNAwZMCot-3r31dAWOJrcWkmq8HniUeocHTSLe44xp_JpDn0EnAcDG6qoLJ9v6HJyapxh7uSbZdNMSNA8Tdg6sJ06hg=w1697-h954-s-no?authuser=2","inLanguage":"pl-PL"},{"@type":"WebPage","@id":"https:\/\/sp13.mielec.pl\/?p=412","url":"https:\/\/sp13.mielec.pl\/?p=412","name":"BIEG \u201eORL\u0104T LWOWSKICH\u201d - SZKO\u0141A PODSTAWOWA NR 13 W MIELCU","isPartOf":{"@id":"https:\/\/sp13.mielec.pl\/#website"},"primaryImageOfPage":{"@id":"https:\/\/sp13.mielec.pl\/?p=412#primaryimage"},"image":{"@id":"https:\/\/sp13.mielec.pl\/?p=412#primaryimage"},"thumbnailUrl":"https:\/\/lh3.googleusercontent.com\/pw\/AP1GczOFv3EyhK-0OFQUwWByIUczgyHQtGITZ1DOhEOzuTmPKy7eySd1L8YRtn930IrpNAwZMCot-3r31dAWOJrcWkmq8HniUeocHTSLe44xp_JpDn0EnAcDG6qoLJ9v6HJyapxh7uSbZdNMSNA8Tdg6sJ06hg=w1697-h954-s-no?authuser=2","datePublished":"2025-09-24T06:10:19+00:00","dateModified":"2025-09-24T06:10:20+00:00","description":"Szko\u0142a Podstawowa nr 13 w Mielcu","breadcrumb":{"@id":"https:\/\/sp13.mielec.pl\/?p=412#breadcrumb"},"inLanguage":"pl-PL","potentialAction":[{"@type":"ReadAction","target":["https:\/\/sp13.mielec.pl\/?p=412"]}]},{"@type":"ImageObject","inLanguage":"pl-PL","@id":"https:\/\/sp13.mielec.pl\/?p=412#primaryimage","url":"https:\/\/lh3.googleusercontent.com\/pw\/AP1GczOFv3EyhK-0OFQUwWByIUczgyHQtGITZ1DOhEOzuTmPKy7eySd1L8YRtn930IrpNAwZMCot-3r31dAWOJrcWkmq8HniUeocHTSLe44xp_JpDn0EnAcDG6qoLJ9v6HJyapxh7uSbZdNMSNA8Tdg6sJ06hg=w1697-h954-s-no?authuser=2","contentUrl":"https:\/\/lh3.googleusercontent.com\/pw\/AP1GczOFv3EyhK-0OFQUwWByIUczgyHQtGITZ1DOhEOzuTmPKy7eySd1L8YRtn930IrpNAwZMCot-3r31dAWOJrcWkmq8HniUeocHTSLe44xp_JpDn0EnAcDG6qoLJ9v6HJyapxh7uSbZdNMSNA8Tdg6sJ06hg=w1697-h954-s-no?authuser=2"},{"@type":"BreadcrumbList","@id":"https:\/\/sp13.mielec.pl\/?p=412#breadcrumb","itemListElement":[{"@type":"ListItem","position":1,"name":"Home","item":"https:\/\/sp13.mielec.pl\/"},{"@type":"ListItem","position":2,"name":"BIEG \u201eORL\u0104T LWOWSKICH\u201d"}]},{"@type":"WebSite","@id":"https:\/\/sp13.mielec.pl\/#website","url":"https:\/\/sp13.mielec.pl\/","name":"SZKO\u0141A PODSTAWOWA NR 13 W MIELCU","description":"im. Jana Bytnara Rudego","publisher":{"@id":"https:\/\/sp13.mielec.pl\/#organization"},"potentialAction":[{"@type":"SearchAction","target":{"@type":"EntryPoint","urlTemplate":"https:\/\/sp13.mielec.pl\/?s={search_term_string}"},"query-input":{"@type":"PropertyValueSpecification","valueRequired":true,"valueName":"search_term_string"}}],"inLanguage":"pl-PL"},{"@type":"Organization","@id":"https:\/\/sp13.mielec.pl\/#organization","name":"SZKO\u0141A PODSTAWOWA NR 13 W MIELCU","url":"https:\/\/sp13.mielec.pl\/","logo":{"@type":"ImageObject","inLanguage":"pl-PL","@id":"https:\/\/sp13.mielec.pl\/#\/schema\/logo\/image\/","url":"https:\/\/sp13.mielec.pl\/wp-content\/uploads\/2025\/09\/cropped-cropped-herb-szkoly-ezgif.com-resize-1.gif","contentUrl":"https:\/\/sp13.mielec.pl\/wp-content\/uploads\/2025\/09\/cropped-cropped-herb-szkoly-ezgif.com-resize-1.gif","width":150,"height":150,"caption":"SZKO\u0141A PODSTAWOWA NR 13 W MIELCU"},"image":{"@id":"https:\/\/sp13.mielec.pl\/#\/schema\/logo\/image\/"},"sameAs":["https:\/\/www.facebook.com\/profile.php?id=100075648866324#"]},{"@type":"Person","@id":"https:\/\/sp13.mielec.pl\/#\/schema\/person\/2989c58771a7ac215a1cfc4a80217749","name":"admin","image":{"@type":"ImageObject","inLanguage":"pl-PL","@id":"https:\/\/sp13.mielec.pl\/#\/schema\/person\/image\/","url":"https:\/\/secure.gravatar.com\/avatar\/0bcae7b6c78740ebf93d8baa9f8db1cc7c98a1a17f4f0455cf5bd11ce783ef38?s=96&d=mm&r=g","contentUrl":"https:\/\/secure.gravatar.com\/avatar\/0bcae7b6c78740ebf93d8baa9f8db1cc7c98a1a17f4f0455cf5bd11ce783ef38?s=96&d=mm&r=g","caption":"admin"},"sameAs":["http:\/\/gim4.home.pl\/autoinstalator\/wordpressplugins2"],"url":"https:\/\/sp13.mielec.pl\/?author=1"}]}},"rttpg_featured_image_url":null,"rttpg_author":{"display_name":"admin","author_link":"https:\/\/sp13.mielec.pl\/?author=1"},"rttpg_comment":0,"rttpg_category":"<a href=\"https:\/\/sp13.mielec.pl\/?cat=1\" rel=\"category\">Bez kategorii<\/a>","rttpg_excerpt":"Uczniowie klasy III mieli okazj\u0119 wzi\u0105\u0107 udzia\u0142 w biegu \u201eOrl\u0105t Lwowskich\u201d, kt\u00f3rego celem by\u0142o oddanie ho\u0142du dzieciom walcz\u0105cym o Lw\u00f3w w latach 1918-1919. Wydarzenie to sta\u0142o si\u0119 dla dzieci nie tylko sportowym wyzwaniem, ale tak\u017ce wa\u017cn\u0105 lekcj\u0105 historii. Opiekunem uczni\u00f3w ...","_links":{"self":[{"href":"https:\/\/sp13.mielec.pl\/index.php?rest_route=\/wp\/v2\/posts\/412","targetHints":{"allow":["GET"]}}],"collection":[{"href":"https:\/\/sp13.mielec.pl\/index.php?rest_route=\/wp\/v2\/posts"}],"about":[{"href":"https:\/\/sp13.mielec.pl\/index.php?rest_route=\/wp\/v2\/types\/post"}],"author":[{"embeddable":true,"href":"https:\/\/sp13.mielec.pl\/index.php?rest_route=\/wp\/v2\/users\/1"}],"replies":[{"embeddable":true,"href":"https:\/\/sp13.mielec.pl\/index.php?rest_route=%2Fwp%2Fv2%2Fcomments&post=412"}],"version-history":[{"count":1,"href":"https:\/\/sp13.mielec.pl\/index.php?rest_route=\/wp\/v2\/posts\/412\/revisions"}],"predecessor-version":[{"id":413,"href":"https:\/\/sp13.mielec.pl\/index.php?rest_route=\/wp\/v2\/posts\/412\/revisions\/413"}],"wp:attachment":[{"href":"https:\/\/sp13.mielec.pl\/index.php?rest_route=%2Fwp%2Fv2%2Fmedia&parent=412"}],"wp:term":[{"taxonomy":"category","embeddable":true,"href":"https:\/\/sp13.mielec.pl\/index.php?rest_route=%2Fwp%2Fv2%2Fcategories&post=412"},{"taxonomy":"post_tag","embeddable":true,"href":"https:\/\/sp13.mielec.pl\/index.php?rest_route=%2Fwp%2Fv2%2Ftags&post=412"}],"curies":[{"name":"wp","href":"https:\/\/api.w.org\/{rel}","templated":true}]}}