{"id":307,"date":"2025-09-22T09:01:54","date_gmt":"2025-09-22T07:01:54","guid":{"rendered":"https:\/\/gim4.home.pl\/autoinstalator\/wordpressplugins2\/?p=307"},"modified":"2025-09-22T09:01:54","modified_gmt":"2025-09-22T07:01:54","slug":"kredkobranie","status":"publish","type":"post","link":"https:\/\/sp13.mielec.pl\/?p=307","title":{"rendered":"KREDKOBRANIE"},"content":{"rendered":"<div class=\"wp-block-image\">\n<figure class=\"aligncenter size-large\"><img decoding=\"async\" src=\"https:\/\/lh3.googleusercontent.com\/pw\/AP1GczNZc0R9MQ-MH8YZ7dK0mQd9pnDl84-HbKhAtJzuXA9O_bEqvkZrcAbu_47yNzY7u_HQ9LEROREljL5JHW0AH8DVXawHO5PUySpzjFpJ6FFDEft1760i28Uer-efU9IWhx1E9DQrsZM4OY12sIH7eHrvfA=w606-h852-s-no?authuser=2\" alt=\"\"\/><\/figure>\n<\/div>\n\n\n<p>Szkolne Ko\u0142o Wolontariatu zach\u0119ca wszystkich uczni\u00f3w i pracownik\u00f3w naszej szko\u0142y do w\u0142\u0105czenia si\u0119 w 8 edycj\u0119 og\u00f3lnopolskiej akcji charytatywnej \u201eKredkobranie\u201d.<\/p>\n\n\n\n<p>Celem akcji jest wsparcie naszych najm\u0142odszy rodak\u00f3w mieszkaj\u0105cych na terenach dawnej Rzeczypospolitej. Zebrane przypory szkolne i artyku\u0142y plastyczne trafi\u0105 do polskich rodzin i o\u015brodk\u00f3w edukacyjnych na Litwie i Ukrainie.<\/p>\n\n\n\n<p>Akcja ma nie tylko charakter pomocowy, ale r\u00f3wnie\u017c edukacyjny i prospo\u0142eczny. Jest wyrazem pami\u0119ci o Polakach, kt\u00f3rzy w wyniku historycznych wydarze\u0144 pozostali poza granicami \u00f3wczesnej <a href=\"https:\/\/photos.app.goo.gl\/Gz9e9Kd9K15fxWT96\">https:\/\/photos.app.goo.gl\/Gz9e9Kd9K15fxWT96<\/a>Polski.<\/p>\n\n\n\n<p><strong>ZBIERAMY <u>NOWE<\/u><\/strong>: KREDKI, MAZAKI, PASTELE, ZESZYTY, BLOKI, LINIJKI, D\u0141UGOPISY, O\u0141\u00d3WKI, GUMKI DO MAZANIA, NO\u017bYCZKI, KLEJE, FARBKI, P\u0118DZLE.<\/p>\n\n\n\n<p><strong>TERMIN ZBI\u00d3RKI: 22.09.2025 \u2013 26.09.2025<\/strong>.<\/p>\n\n\n\n<p>Prosimy aby przekazane rzeczy by\u0142y podpisane (imi\u0119, nazwisko i klasa). Mo\u017cna b\u0119dzie je umie\u015bci\u0107 w wyznaczonych pud\u0142ach: przy g\u0142\u00f3wnym wej\u015bciu do szko\u0142y oraz przy \u015bwietlicy szkolnej.<\/p>\n\n\n\n<p>Organizatorem zbi\u00f3rki jest fundacja IGNATIATUM w Krakowie.<\/p>\n\n\n\n<p><a href=\"https:\/\/photos.app.goo.gl\/Gz9e9Kd9K15fxWT96\">https:\/\/photos.app.goo.gl\/Gz9e9Kd9K15fxWT96<\/a><\/p>\n\n\n\n<p><\/p>\n","protected":false},"excerpt":{"rendered":"<p>Szkolne Ko\u0142o Wolontariatu zach\u0119ca wszystkich uczni\u00f3w i pracownik\u00f3w naszej szko\u0142y do w\u0142\u0105czenia si\u0119 w 8 edycj\u0119 og\u00f3lnopolskiej akcji charytatywnej \u201eKredkobranie\u201d. Celem akcji jest wsparcie naszych najm\u0142odszy rodak\u00f3w mieszkaj\u0105cych na terenach dawnej Rzeczypospolitej. Zebrane przypory szkolne i artyku\u0142y plastyczne trafi\u0105 do <a href=\"https:\/\/sp13.mielec.pl\/?p=307\" class=\"read-more\">&#8230;<\/a><\/p>\n","protected":false},"author":1,"featured_media":0,"comment_status":"closed","ping_status":"closed","sticky":false,"template":"","format":"standard","meta":{"_themeisle_gutenberg_block_has_review":false,"footnotes":""},"categories":[1],"tags":[],"class_list":["post-307","post","type-post","status-publish","format-standard","hentry","category-bez-kategorii"],"yoast_head":"<!-- This site is optimized with the Yoast SEO plugin v25.9 - https:\/\/yoast.com\/wordpress\/plugins\/seo\/ -->\n<title>KREDKOBRANIE - SZKO\u0141A PODSTAWOWA NR 13 W MIELCU<\/title>\n<meta name=\"description\" content=\"Szko\u0142a Podstawowa nr 13 w Mielcu\" \/>\n<meta name=\"robots\" content=\"index, follow, max-snippet:-1, max-image-preview:large, max-video-preview:-1\" \/>\n<link rel=\"canonical\" href=\"https:\/\/sp13.mielec.pl\/?p=307\" \/>\n<meta property=\"og:locale\" content=\"pl_PL\" \/>\n<meta property=\"og:type\" content=\"article\" \/>\n<meta property=\"og:title\" content=\"KREDKOBRANIE - SZKO\u0141A PODSTAWOWA NR 13 W MIELCU\" \/>\n<meta property=\"og:description\" content=\"Szko\u0142a Podstawowa nr 13 w Mielcu\" \/>\n<meta property=\"og:url\" content=\"https:\/\/sp13.mielec.pl\/?p=307\" \/>\n<meta property=\"og:site_name\" content=\"SZKO\u0141A PODSTAWOWA NR 13 W MIELCU\" \/>\n<meta property=\"article:publisher\" content=\"https:\/\/www.facebook.com\/profile.php?id=100075648866324#\" \/>\n<meta property=\"article:published_time\" content=\"2025-09-22T07:01:54+00:00\" \/>\n<meta property=\"og:image\" content=\"https:\/\/lh3.googleusercontent.com\/pw\/AP1GczNZc0R9MQ-MH8YZ7dK0mQd9pnDl84-HbKhAtJzuXA9O_bEqvkZrcAbu_47yNzY7u_HQ9LEROREljL5JHW0AH8DVXawHO5PUySpzjFpJ6FFDEft1760i28Uer-efU9IWhx1E9DQrsZM4OY12sIH7eHrvfA=w606-h852-s-no?authuser=2\" \/>\n<meta name=\"author\" content=\"admin\" \/>\n<meta name=\"twitter:card\" content=\"summary_large_image\" \/>\n<meta name=\"twitter:label1\" content=\"Napisane przez\" \/>\n\t<meta name=\"twitter:data1\" content=\"admin\" \/>\n\t<meta name=\"twitter:label2\" content=\"Szacowany czas czytania\" \/>\n\t<meta name=\"twitter:data2\" content=\"1 minuta\" \/>\n<script type=\"application\/ld+json\" class=\"yoast-schema-graph\">{\"@context\":\"https:\/\/schema.org\",\"@graph\":[{\"@type\":\"Article\",\"@id\":\"https:\/\/sp13.mielec.pl\/?p=307#article\",\"isPartOf\":{\"@id\":\"https:\/\/sp13.mielec.pl\/?p=307\"},\"author\":{\"name\":\"admin\",\"@id\":\"https:\/\/sp13.mielec.pl\/#\/schema\/person\/2989c58771a7ac215a1cfc4a80217749\"},\"headline\":\"KREDKOBRANIE\",\"datePublished\":\"2025-09-22T07:01:54+00:00\",\"mainEntityOfPage\":{\"@id\":\"https:\/\/sp13.mielec.pl\/?p=307\"},\"wordCount\":178,\"publisher\":{\"@id\":\"https:\/\/sp13.mielec.pl\/#organization\"},\"image\":{\"@id\":\"https:\/\/sp13.mielec.pl\/?p=307#primaryimage\"},\"thumbnailUrl\":\"https:\/\/lh3.googleusercontent.com\/pw\/AP1GczNZc0R9MQ-MH8YZ7dK0mQd9pnDl84-HbKhAtJzuXA9O_bEqvkZrcAbu_47yNzY7u_HQ9LEROREljL5JHW0AH8DVXawHO5PUySpzjFpJ6FFDEft1760i28Uer-efU9IWhx1E9DQrsZM4OY12sIH7eHrvfA=w606-h852-s-no?authuser=2\",\"inLanguage\":\"pl-PL\"},{\"@type\":\"WebPage\",\"@id\":\"https:\/\/sp13.mielec.pl\/?p=307\",\"url\":\"https:\/\/sp13.mielec.pl\/?p=307\",\"name\":\"KREDKOBRANIE - SZKO\u0141A PODSTAWOWA NR 13 W MIELCU\",\"isPartOf\":{\"@id\":\"https:\/\/sp13.mielec.pl\/#website\"},\"primaryImageOfPage\":{\"@id\":\"https:\/\/sp13.mielec.pl\/?p=307#primaryimage\"},\"image\":{\"@id\":\"https:\/\/sp13.mielec.pl\/?p=307#primaryimage\"},\"thumbnailUrl\":\"https:\/\/lh3.googleusercontent.com\/pw\/AP1GczNZc0R9MQ-MH8YZ7dK0mQd9pnDl84-HbKhAtJzuXA9O_bEqvkZrcAbu_47yNzY7u_HQ9LEROREljL5JHW0AH8DVXawHO5PUySpzjFpJ6FFDEft1760i28Uer-efU9IWhx1E9DQrsZM4OY12sIH7eHrvfA=w606-h852-s-no?authuser=2\",\"datePublished\":\"2025-09-22T07:01:54+00:00\",\"description\":\"Szko\u0142a Podstawowa nr 13 w Mielcu\",\"breadcrumb\":{\"@id\":\"https:\/\/sp13.mielec.pl\/?p=307#breadcrumb\"},\"inLanguage\":\"pl-PL\",\"potentialAction\":[{\"@type\":\"ReadAction\",\"target\":[\"https:\/\/sp13.mielec.pl\/?p=307\"]}]},{\"@type\":\"ImageObject\",\"inLanguage\":\"pl-PL\",\"@id\":\"https:\/\/sp13.mielec.pl\/?p=307#primaryimage\",\"url\":\"https:\/\/lh3.googleusercontent.com\/pw\/AP1GczNZc0R9MQ-MH8YZ7dK0mQd9pnDl84-HbKhAtJzuXA9O_bEqvkZrcAbu_47yNzY7u_HQ9LEROREljL5JHW0AH8DVXawHO5PUySpzjFpJ6FFDEft1760i28Uer-efU9IWhx1E9DQrsZM4OY12sIH7eHrvfA=w606-h852-s-no?authuser=2\",\"contentUrl\":\"https:\/\/lh3.googleusercontent.com\/pw\/AP1GczNZc0R9MQ-MH8YZ7dK0mQd9pnDl84-HbKhAtJzuXA9O_bEqvkZrcAbu_47yNzY7u_HQ9LEROREljL5JHW0AH8DVXawHO5PUySpzjFpJ6FFDEft1760i28Uer-efU9IWhx1E9DQrsZM4OY12sIH7eHrvfA=w606-h852-s-no?authuser=2\"},{\"@type\":\"BreadcrumbList\",\"@id\":\"https:\/\/sp13.mielec.pl\/?p=307#breadcrumb\",\"itemListElement\":[{\"@type\":\"ListItem\",\"position\":1,\"name\":\"Home\",\"item\":\"https:\/\/sp13.mielec.pl\/\"},{\"@type\":\"ListItem\",\"position\":2,\"name\":\"KREDKOBRANIE\"}]},{\"@type\":\"WebSite\",\"@id\":\"https:\/\/sp13.mielec.pl\/#website\",\"url\":\"https:\/\/sp13.mielec.pl\/\",\"name\":\"SZKO\u0141A PODSTAWOWA NR 13 W MIELCU\",\"description\":\"im. Jana Bytnara Rudego\",\"publisher\":{\"@id\":\"https:\/\/sp13.mielec.pl\/#organization\"},\"potentialAction\":[{\"@type\":\"SearchAction\",\"target\":{\"@type\":\"EntryPoint\",\"urlTemplate\":\"https:\/\/sp13.mielec.pl\/?s={search_term_string}\"},\"query-input\":{\"@type\":\"PropertyValueSpecification\",\"valueRequired\":true,\"valueName\":\"search_term_string\"}}],\"inLanguage\":\"pl-PL\"},{\"@type\":\"Organization\",\"@id\":\"https:\/\/sp13.mielec.pl\/#organization\",\"name\":\"SZKO\u0141A PODSTAWOWA NR 13 W MIELCU\",\"url\":\"https:\/\/sp13.mielec.pl\/\",\"logo\":{\"@type\":\"ImageObject\",\"inLanguage\":\"pl-PL\",\"@id\":\"https:\/\/sp13.mielec.pl\/#\/schema\/logo\/image\/\",\"url\":\"https:\/\/sp13.mielec.pl\/wp-content\/uploads\/2025\/09\/cropped-cropped-herb-szkoly-ezgif.com-resize-1.gif\",\"contentUrl\":\"https:\/\/sp13.mielec.pl\/wp-content\/uploads\/2025\/09\/cropped-cropped-herb-szkoly-ezgif.com-resize-1.gif\",\"width\":150,\"height\":150,\"caption\":\"SZKO\u0141A PODSTAWOWA NR 13 W MIELCU\"},\"image\":{\"@id\":\"https:\/\/sp13.mielec.pl\/#\/schema\/logo\/image\/\"},\"sameAs\":[\"https:\/\/www.facebook.com\/profile.php?id=100075648866324#\"]},{\"@type\":\"Person\",\"@id\":\"https:\/\/sp13.mielec.pl\/#\/schema\/person\/2989c58771a7ac215a1cfc4a80217749\",\"name\":\"admin\",\"image\":{\"@type\":\"ImageObject\",\"inLanguage\":\"pl-PL\",\"@id\":\"https:\/\/sp13.mielec.pl\/#\/schema\/person\/image\/\",\"url\":\"https:\/\/secure.gravatar.com\/avatar\/0bcae7b6c78740ebf93d8baa9f8db1cc7c98a1a17f4f0455cf5bd11ce783ef38?s=96&d=mm&r=g\",\"contentUrl\":\"https:\/\/secure.gravatar.com\/avatar\/0bcae7b6c78740ebf93d8baa9f8db1cc7c98a1a17f4f0455cf5bd11ce783ef38?s=96&d=mm&r=g\",\"caption\":\"admin\"},\"sameAs\":[\"http:\/\/gim4.home.pl\/autoinstalator\/wordpressplugins2\"],\"url\":\"https:\/\/sp13.mielec.pl\/?author=1\"}]}<\/script>\n<!-- \/ Yoast SEO plugin. -->","yoast_head_json":{"title":"KREDKOBRANIE - SZKO\u0141A PODSTAWOWA NR 13 W MIELCU","description":"Szko\u0142a Podstawowa nr 13 w Mielcu","robots":{"index":"index","follow":"follow","max-snippet":"max-snippet:-1","max-image-preview":"max-image-preview:large","max-video-preview":"max-video-preview:-1"},"canonical":"https:\/\/sp13.mielec.pl\/?p=307","og_locale":"pl_PL","og_type":"article","og_title":"KREDKOBRANIE - SZKO\u0141A PODSTAWOWA NR 13 W MIELCU","og_description":"Szko\u0142a Podstawowa nr 13 w Mielcu","og_url":"https:\/\/sp13.mielec.pl\/?p=307","og_site_name":"SZKO\u0141A PODSTAWOWA NR 13 W MIELCU","article_publisher":"https:\/\/www.facebook.com\/profile.php?id=100075648866324#","article_published_time":"2025-09-22T07:01:54+00:00","og_image":[{"url":"https:\/\/lh3.googleusercontent.com\/pw\/AP1GczNZc0R9MQ-MH8YZ7dK0mQd9pnDl84-HbKhAtJzuXA9O_bEqvkZrcAbu_47yNzY7u_HQ9LEROREljL5JHW0AH8DVXawHO5PUySpzjFpJ6FFDEft1760i28Uer-efU9IWhx1E9DQrsZM4OY12sIH7eHrvfA=w606-h852-s-no?authuser=2","type":"","width":"","height":""}],"author":"admin","twitter_card":"summary_large_image","twitter_misc":{"Napisane przez":"admin","Szacowany czas czytania":"1 minuta"},"schema":{"@context":"https:\/\/schema.org","@graph":[{"@type":"Article","@id":"https:\/\/sp13.mielec.pl\/?p=307#article","isPartOf":{"@id":"https:\/\/sp13.mielec.pl\/?p=307"},"author":{"name":"admin","@id":"https:\/\/sp13.mielec.pl\/#\/schema\/person\/2989c58771a7ac215a1cfc4a80217749"},"headline":"KREDKOBRANIE","datePublished":"2025-09-22T07:01:54+00:00","mainEntityOfPage":{"@id":"https:\/\/sp13.mielec.pl\/?p=307"},"wordCount":178,"publisher":{"@id":"https:\/\/sp13.mielec.pl\/#organization"},"image":{"@id":"https:\/\/sp13.mielec.pl\/?p=307#primaryimage"},"thumbnailUrl":"https:\/\/lh3.googleusercontent.com\/pw\/AP1GczNZc0R9MQ-MH8YZ7dK0mQd9pnDl84-HbKhAtJzuXA9O_bEqvkZrcAbu_47yNzY7u_HQ9LEROREljL5JHW0AH8DVXawHO5PUySpzjFpJ6FFDEft1760i28Uer-efU9IWhx1E9DQrsZM4OY12sIH7eHrvfA=w606-h852-s-no?authuser=2","inLanguage":"pl-PL"},{"@type":"WebPage","@id":"https:\/\/sp13.mielec.pl\/?p=307","url":"https:\/\/sp13.mielec.pl\/?p=307","name":"KREDKOBRANIE - SZKO\u0141A PODSTAWOWA NR 13 W MIELCU","isPartOf":{"@id":"https:\/\/sp13.mielec.pl\/#website"},"primaryImageOfPage":{"@id":"https:\/\/sp13.mielec.pl\/?p=307#primaryimage"},"image":{"@id":"https:\/\/sp13.mielec.pl\/?p=307#primaryimage"},"thumbnailUrl":"https:\/\/lh3.googleusercontent.com\/pw\/AP1GczNZc0R9MQ-MH8YZ7dK0mQd9pnDl84-HbKhAtJzuXA9O_bEqvkZrcAbu_47yNzY7u_HQ9LEROREljL5JHW0AH8DVXawHO5PUySpzjFpJ6FFDEft1760i28Uer-efU9IWhx1E9DQrsZM4OY12sIH7eHrvfA=w606-h852-s-no?authuser=2","datePublished":"2025-09-22T07:01:54+00:00","description":"Szko\u0142a Podstawowa nr 13 w Mielcu","breadcrumb":{"@id":"https:\/\/sp13.mielec.pl\/?p=307#breadcrumb"},"inLanguage":"pl-PL","potentialAction":[{"@type":"ReadAction","target":["https:\/\/sp13.mielec.pl\/?p=307"]}]},{"@type":"ImageObject","inLanguage":"pl-PL","@id":"https:\/\/sp13.mielec.pl\/?p=307#primaryimage","url":"https:\/\/lh3.googleusercontent.com\/pw\/AP1GczNZc0R9MQ-MH8YZ7dK0mQd9pnDl84-HbKhAtJzuXA9O_bEqvkZrcAbu_47yNzY7u_HQ9LEROREljL5JHW0AH8DVXawHO5PUySpzjFpJ6FFDEft1760i28Uer-efU9IWhx1E9DQrsZM4OY12sIH7eHrvfA=w606-h852-s-no?authuser=2","contentUrl":"https:\/\/lh3.googleusercontent.com\/pw\/AP1GczNZc0R9MQ-MH8YZ7dK0mQd9pnDl84-HbKhAtJzuXA9O_bEqvkZrcAbu_47yNzY7u_HQ9LEROREljL5JHW0AH8DVXawHO5PUySpzjFpJ6FFDEft1760i28Uer-efU9IWhx1E9DQrsZM4OY12sIH7eHrvfA=w606-h852-s-no?authuser=2"},{"@type":"BreadcrumbList","@id":"https:\/\/sp13.mielec.pl\/?p=307#breadcrumb","itemListElement":[{"@type":"ListItem","position":1,"name":"Home","item":"https:\/\/sp13.mielec.pl\/"},{"@type":"ListItem","position":2,"name":"KREDKOBRANIE"}]},{"@type":"WebSite","@id":"https:\/\/sp13.mielec.pl\/#website","url":"https:\/\/sp13.mielec.pl\/","name":"SZKO\u0141A PODSTAWOWA NR 13 W MIELCU","description":"im. Jana Bytnara Rudego","publisher":{"@id":"https:\/\/sp13.mielec.pl\/#organization"},"potentialAction":[{"@type":"SearchAction","target":{"@type":"EntryPoint","urlTemplate":"https:\/\/sp13.mielec.pl\/?s={search_term_string}"},"query-input":{"@type":"PropertyValueSpecification","valueRequired":true,"valueName":"search_term_string"}}],"inLanguage":"pl-PL"},{"@type":"Organization","@id":"https:\/\/sp13.mielec.pl\/#organization","name":"SZKO\u0141A PODSTAWOWA NR 13 W MIELCU","url":"https:\/\/sp13.mielec.pl\/","logo":{"@type":"ImageObject","inLanguage":"pl-PL","@id":"https:\/\/sp13.mielec.pl\/#\/schema\/logo\/image\/","url":"https:\/\/sp13.mielec.pl\/wp-content\/uploads\/2025\/09\/cropped-cropped-herb-szkoly-ezgif.com-resize-1.gif","contentUrl":"https:\/\/sp13.mielec.pl\/wp-content\/uploads\/2025\/09\/cropped-cropped-herb-szkoly-ezgif.com-resize-1.gif","width":150,"height":150,"caption":"SZKO\u0141A PODSTAWOWA NR 13 W MIELCU"},"image":{"@id":"https:\/\/sp13.mielec.pl\/#\/schema\/logo\/image\/"},"sameAs":["https:\/\/www.facebook.com\/profile.php?id=100075648866324#"]},{"@type":"Person","@id":"https:\/\/sp13.mielec.pl\/#\/schema\/person\/2989c58771a7ac215a1cfc4a80217749","name":"admin","image":{"@type":"ImageObject","inLanguage":"pl-PL","@id":"https:\/\/sp13.mielec.pl\/#\/schema\/person\/image\/","url":"https:\/\/secure.gravatar.com\/avatar\/0bcae7b6c78740ebf93d8baa9f8db1cc7c98a1a17f4f0455cf5bd11ce783ef38?s=96&d=mm&r=g","contentUrl":"https:\/\/secure.gravatar.com\/avatar\/0bcae7b6c78740ebf93d8baa9f8db1cc7c98a1a17f4f0455cf5bd11ce783ef38?s=96&d=mm&r=g","caption":"admin"},"sameAs":["http:\/\/gim4.home.pl\/autoinstalator\/wordpressplugins2"],"url":"https:\/\/sp13.mielec.pl\/?author=1"}]}},"rttpg_featured_image_url":null,"rttpg_author":{"display_name":"admin","author_link":"https:\/\/sp13.mielec.pl\/?author=1"},"rttpg_comment":0,"rttpg_category":"<a href=\"https:\/\/sp13.mielec.pl\/?cat=1\" rel=\"category\">Bez kategorii<\/a>","rttpg_excerpt":"Szkolne Ko\u0142o Wolontariatu zach\u0119ca wszystkich uczni\u00f3w i pracownik\u00f3w naszej szko\u0142y do w\u0142\u0105czenia si\u0119 w 8 edycj\u0119 og\u00f3lnopolskiej akcji charytatywnej \u201eKredkobranie\u201d. Celem akcji jest wsparcie naszych najm\u0142odszy rodak\u00f3w mieszkaj\u0105cych na terenach dawnej Rzeczypospolitej. Zebrane przypory szkolne i artyku\u0142y plastyczne trafi\u0105 do ...","_links":{"self":[{"href":"https:\/\/sp13.mielec.pl\/index.php?rest_route=\/wp\/v2\/posts\/307","targetHints":{"allow":["GET"]}}],"collection":[{"href":"https:\/\/sp13.mielec.pl\/index.php?rest_route=\/wp\/v2\/posts"}],"about":[{"href":"https:\/\/sp13.mielec.pl\/index.php?rest_route=\/wp\/v2\/types\/post"}],"author":[{"embeddable":true,"href":"https:\/\/sp13.mielec.pl\/index.php?rest_route=\/wp\/v2\/users\/1"}],"replies":[{"embeddable":true,"href":"https:\/\/sp13.mielec.pl\/index.php?rest_route=%2Fwp%2Fv2%2Fcomments&post=307"}],"version-history":[{"count":1,"href":"https:\/\/sp13.mielec.pl\/index.php?rest_route=\/wp\/v2\/posts\/307\/revisions"}],"predecessor-version":[{"id":308,"href":"https:\/\/sp13.mielec.pl\/index.php?rest_route=\/wp\/v2\/posts\/307\/revisions\/308"}],"wp:attachment":[{"href":"https:\/\/sp13.mielec.pl\/index.php?rest_route=%2Fwp%2Fv2%2Fmedia&parent=307"}],"wp:term":[{"taxonomy":"category","embeddable":true,"href":"https:\/\/sp13.mielec.pl\/index.php?rest_route=%2Fwp%2Fv2%2Fcategories&post=307"},{"taxonomy":"post_tag","embeddable":true,"href":"https:\/\/sp13.mielec.pl\/index.php?rest_route=%2Fwp%2Fv2%2Ftags&post=307"}],"curies":[{"name":"wp","href":"https:\/\/api.w.org\/{rel}","templated":true}]}}