{"id":299,"date":"2025-09-22T08:31:04","date_gmt":"2025-09-22T06:31:04","guid":{"rendered":"https:\/\/gim4.home.pl\/autoinstalator\/wordpressplugins2\/?p=299"},"modified":"2025-09-22T08:31:04","modified_gmt":"2025-09-22T06:31:04","slug":"turniej-badmintona","status":"publish","type":"post","link":"https:\/\/sp13.mielec.pl\/?p=299","title":{"rendered":"TURNIEJ BADMINTONA"},"content":{"rendered":"\n<figure class=\"wp-block-image size-large\"><img decoding=\"async\" src=\"https:\/\/lh3.googleusercontent.com\/pw\/AP1GczPa23fj5PU9GSyxJTbcHp3FnRH7ubieY368ZbV3H1AC4zsfkwLR3wDHBj0Hrz89nCUgS7VPPNI5asQJPc0oFzEdPmffY8Qfqt-xdIB3L2W84GcsVbI3FyZ6ba7KcMMsfL3YLR8qs__Q_naku0H8YbUtww=w1696-h954-s-no?authuser=2\" alt=\"\"\/><\/figure>\n\n\n\n<p>Dnia 20 wrze\u015bnia odby\u0142 si\u0119 1 turniej z cyklu Viktorek dla uczni\u00f3w naszej szko\u0142y . Uczniowie mieli okazj\u0119 zapozna\u0107 si\u0119 z przepisami gry w badmintona oraz rywalizowali w turnieju w kategorii klas 2-3 i 5. Ka\u017cdy z uczestnik\u00f3w otrzyma\u0142 pami\u0105tkowy dyplom i drobny upominek.<\/p>\n\n\n\n<p><a href=\"https:\/\/photos.app.goo.gl\/K5M2KZrWfgXeTikp9\">https:\/\/photos.app.goo.gl\/K5M2KZrWfgXeTikp9<\/a><\/p>\n\n\n\n<p>Gratulujemy!<\/p>\n\n\n\n<p><\/p>\n","protected":false},"excerpt":{"rendered":"<p>Dnia 20 wrze\u015bnia odby\u0142 si\u0119 1 turniej z cyklu Viktorek dla uczni\u00f3w naszej szko\u0142y . Uczniowie mieli okazj\u0119 zapozna\u0107 si\u0119 z przepisami gry w badmintona oraz rywalizowali w turnieju w kategorii klas 2-3 i 5. Ka\u017cdy z uczestnik\u00f3w otrzyma\u0142 pami\u0105tkowy <a href=\"https:\/\/sp13.mielec.pl\/?p=299\" class=\"read-more\">&#8230;<\/a><\/p>\n","protected":false},"author":1,"featured_media":0,"comment_status":"closed","ping_status":"closed","sticky":false,"template":"","format":"standard","meta":{"_themeisle_gutenberg_block_has_review":false,"footnotes":""},"categories":[1],"tags":[],"class_list":["post-299","post","type-post","status-publish","format-standard","hentry","category-bez-kategorii"],"yoast_head":"<!-- This site is optimized with the Yoast SEO plugin v25.9 - https:\/\/yoast.com\/wordpress\/plugins\/seo\/ -->\n<title>TURNIEJ BADMINTONA - SZKO\u0141A PODSTAWOWA NR 13 W MIELCU<\/title>\n<meta name=\"description\" content=\"Szko\u0142a Podstawowa nr 13 w Mielcu\" \/>\n<meta name=\"robots\" content=\"index, follow, max-snippet:-1, max-image-preview:large, max-video-preview:-1\" \/>\n<link rel=\"canonical\" href=\"https:\/\/sp13.mielec.pl\/?p=299\" \/>\n<meta property=\"og:locale\" content=\"pl_PL\" \/>\n<meta property=\"og:type\" content=\"article\" \/>\n<meta property=\"og:title\" content=\"TURNIEJ BADMINTONA - SZKO\u0141A PODSTAWOWA NR 13 W MIELCU\" \/>\n<meta property=\"og:description\" content=\"Szko\u0142a Podstawowa nr 13 w Mielcu\" \/>\n<meta property=\"og:url\" content=\"https:\/\/sp13.mielec.pl\/?p=299\" \/>\n<meta property=\"og:site_name\" content=\"SZKO\u0141A PODSTAWOWA NR 13 W MIELCU\" \/>\n<meta property=\"article:publisher\" content=\"https:\/\/www.facebook.com\/profile.php?id=100075648866324#\" \/>\n<meta property=\"article:published_time\" content=\"2025-09-22T06:31:04+00:00\" \/>\n<meta property=\"og:image\" content=\"https:\/\/lh3.googleusercontent.com\/pw\/AP1GczPa23fj5PU9GSyxJTbcHp3FnRH7ubieY368ZbV3H1AC4zsfkwLR3wDHBj0Hrz89nCUgS7VPPNI5asQJPc0oFzEdPmffY8Qfqt-xdIB3L2W84GcsVbI3FyZ6ba7KcMMsfL3YLR8qs__Q_naku0H8YbUtww=w1696-h954-s-no?authuser=2\" \/>\n<meta name=\"author\" content=\"admin\" \/>\n<meta name=\"twitter:card\" content=\"summary_large_image\" \/>\n<meta name=\"twitter:label1\" content=\"Napisane przez\" \/>\n\t<meta name=\"twitter:data1\" content=\"admin\" \/>\n\t<meta name=\"twitter:label2\" content=\"Szacowany czas czytania\" \/>\n\t<meta name=\"twitter:data2\" content=\"1 minuta\" \/>\n<script type=\"application\/ld+json\" class=\"yoast-schema-graph\">{\"@context\":\"https:\/\/schema.org\",\"@graph\":[{\"@type\":\"Article\",\"@id\":\"https:\/\/sp13.mielec.pl\/?p=299#article\",\"isPartOf\":{\"@id\":\"https:\/\/sp13.mielec.pl\/?p=299\"},\"author\":{\"name\":\"admin\",\"@id\":\"https:\/\/sp13.mielec.pl\/#\/schema\/person\/2989c58771a7ac215a1cfc4a80217749\"},\"headline\":\"TURNIEJ BADMINTONA\",\"datePublished\":\"2025-09-22T06:31:04+00:00\",\"mainEntityOfPage\":{\"@id\":\"https:\/\/sp13.mielec.pl\/?p=299\"},\"wordCount\":57,\"publisher\":{\"@id\":\"https:\/\/sp13.mielec.pl\/#organization\"},\"image\":{\"@id\":\"https:\/\/sp13.mielec.pl\/?p=299#primaryimage\"},\"thumbnailUrl\":\"https:\/\/lh3.googleusercontent.com\/pw\/AP1GczPa23fj5PU9GSyxJTbcHp3FnRH7ubieY368ZbV3H1AC4zsfkwLR3wDHBj0Hrz89nCUgS7VPPNI5asQJPc0oFzEdPmffY8Qfqt-xdIB3L2W84GcsVbI3FyZ6ba7KcMMsfL3YLR8qs__Q_naku0H8YbUtww=w1696-h954-s-no?authuser=2\",\"inLanguage\":\"pl-PL\"},{\"@type\":\"WebPage\",\"@id\":\"https:\/\/sp13.mielec.pl\/?p=299\",\"url\":\"https:\/\/sp13.mielec.pl\/?p=299\",\"name\":\"TURNIEJ BADMINTONA - SZKO\u0141A PODSTAWOWA NR 13 W MIELCU\",\"isPartOf\":{\"@id\":\"https:\/\/sp13.mielec.pl\/#website\"},\"primaryImageOfPage\":{\"@id\":\"https:\/\/sp13.mielec.pl\/?p=299#primaryimage\"},\"image\":{\"@id\":\"https:\/\/sp13.mielec.pl\/?p=299#primaryimage\"},\"thumbnailUrl\":\"https:\/\/lh3.googleusercontent.com\/pw\/AP1GczPa23fj5PU9GSyxJTbcHp3FnRH7ubieY368ZbV3H1AC4zsfkwLR3wDHBj0Hrz89nCUgS7VPPNI5asQJPc0oFzEdPmffY8Qfqt-xdIB3L2W84GcsVbI3FyZ6ba7KcMMsfL3YLR8qs__Q_naku0H8YbUtww=w1696-h954-s-no?authuser=2\",\"datePublished\":\"2025-09-22T06:31:04+00:00\",\"description\":\"Szko\u0142a Podstawowa nr 13 w Mielcu\",\"breadcrumb\":{\"@id\":\"https:\/\/sp13.mielec.pl\/?p=299#breadcrumb\"},\"inLanguage\":\"pl-PL\",\"potentialAction\":[{\"@type\":\"ReadAction\",\"target\":[\"https:\/\/sp13.mielec.pl\/?p=299\"]}]},{\"@type\":\"ImageObject\",\"inLanguage\":\"pl-PL\",\"@id\":\"https:\/\/sp13.mielec.pl\/?p=299#primaryimage\",\"url\":\"https:\/\/lh3.googleusercontent.com\/pw\/AP1GczPa23fj5PU9GSyxJTbcHp3FnRH7ubieY368ZbV3H1AC4zsfkwLR3wDHBj0Hrz89nCUgS7VPPNI5asQJPc0oFzEdPmffY8Qfqt-xdIB3L2W84GcsVbI3FyZ6ba7KcMMsfL3YLR8qs__Q_naku0H8YbUtww=w1696-h954-s-no?authuser=2\",\"contentUrl\":\"https:\/\/lh3.googleusercontent.com\/pw\/AP1GczPa23fj5PU9GSyxJTbcHp3FnRH7ubieY368ZbV3H1AC4zsfkwLR3wDHBj0Hrz89nCUgS7VPPNI5asQJPc0oFzEdPmffY8Qfqt-xdIB3L2W84GcsVbI3FyZ6ba7KcMMsfL3YLR8qs__Q_naku0H8YbUtww=w1696-h954-s-no?authuser=2\"},{\"@type\":\"BreadcrumbList\",\"@id\":\"https:\/\/sp13.mielec.pl\/?p=299#breadcrumb\",\"itemListElement\":[{\"@type\":\"ListItem\",\"position\":1,\"name\":\"Home\",\"item\":\"https:\/\/sp13.mielec.pl\/\"},{\"@type\":\"ListItem\",\"position\":2,\"name\":\"TURNIEJ BADMINTONA\"}]},{\"@type\":\"WebSite\",\"@id\":\"https:\/\/sp13.mielec.pl\/#website\",\"url\":\"https:\/\/sp13.mielec.pl\/\",\"name\":\"SZKO\u0141A PODSTAWOWA NR 13 W MIELCU\",\"description\":\"im. Jana Bytnara Rudego\",\"publisher\":{\"@id\":\"https:\/\/sp13.mielec.pl\/#organization\"},\"potentialAction\":[{\"@type\":\"SearchAction\",\"target\":{\"@type\":\"EntryPoint\",\"urlTemplate\":\"https:\/\/sp13.mielec.pl\/?s={search_term_string}\"},\"query-input\":{\"@type\":\"PropertyValueSpecification\",\"valueRequired\":true,\"valueName\":\"search_term_string\"}}],\"inLanguage\":\"pl-PL\"},{\"@type\":\"Organization\",\"@id\":\"https:\/\/sp13.mielec.pl\/#organization\",\"name\":\"SZKO\u0141A PODSTAWOWA NR 13 W MIELCU\",\"url\":\"https:\/\/sp13.mielec.pl\/\",\"logo\":{\"@type\":\"ImageObject\",\"inLanguage\":\"pl-PL\",\"@id\":\"https:\/\/sp13.mielec.pl\/#\/schema\/logo\/image\/\",\"url\":\"https:\/\/sp13.mielec.pl\/wp-content\/uploads\/2025\/09\/cropped-cropped-herb-szkoly-ezgif.com-resize-1.gif\",\"contentUrl\":\"https:\/\/sp13.mielec.pl\/wp-content\/uploads\/2025\/09\/cropped-cropped-herb-szkoly-ezgif.com-resize-1.gif\",\"width\":150,\"height\":150,\"caption\":\"SZKO\u0141A PODSTAWOWA NR 13 W MIELCU\"},\"image\":{\"@id\":\"https:\/\/sp13.mielec.pl\/#\/schema\/logo\/image\/\"},\"sameAs\":[\"https:\/\/www.facebook.com\/profile.php?id=100075648866324#\"]},{\"@type\":\"Person\",\"@id\":\"https:\/\/sp13.mielec.pl\/#\/schema\/person\/2989c58771a7ac215a1cfc4a80217749\",\"name\":\"admin\",\"image\":{\"@type\":\"ImageObject\",\"inLanguage\":\"pl-PL\",\"@id\":\"https:\/\/sp13.mielec.pl\/#\/schema\/person\/image\/\",\"url\":\"https:\/\/secure.gravatar.com\/avatar\/0bcae7b6c78740ebf93d8baa9f8db1cc7c98a1a17f4f0455cf5bd11ce783ef38?s=96&d=mm&r=g\",\"contentUrl\":\"https:\/\/secure.gravatar.com\/avatar\/0bcae7b6c78740ebf93d8baa9f8db1cc7c98a1a17f4f0455cf5bd11ce783ef38?s=96&d=mm&r=g\",\"caption\":\"admin\"},\"sameAs\":[\"http:\/\/gim4.home.pl\/autoinstalator\/wordpressplugins2\"],\"url\":\"https:\/\/sp13.mielec.pl\/?author=1\"}]}<\/script>\n<!-- \/ Yoast SEO plugin. -->","yoast_head_json":{"title":"TURNIEJ BADMINTONA - SZKO\u0141A PODSTAWOWA NR 13 W MIELCU","description":"Szko\u0142a Podstawowa nr 13 w Mielcu","robots":{"index":"index","follow":"follow","max-snippet":"max-snippet:-1","max-image-preview":"max-image-preview:large","max-video-preview":"max-video-preview:-1"},"canonical":"https:\/\/sp13.mielec.pl\/?p=299","og_locale":"pl_PL","og_type":"article","og_title":"TURNIEJ BADMINTONA - SZKO\u0141A PODSTAWOWA NR 13 W MIELCU","og_description":"Szko\u0142a Podstawowa nr 13 w Mielcu","og_url":"https:\/\/sp13.mielec.pl\/?p=299","og_site_name":"SZKO\u0141A PODSTAWOWA NR 13 W MIELCU","article_publisher":"https:\/\/www.facebook.com\/profile.php?id=100075648866324#","article_published_time":"2025-09-22T06:31:04+00:00","og_image":[{"url":"https:\/\/lh3.googleusercontent.com\/pw\/AP1GczPa23fj5PU9GSyxJTbcHp3FnRH7ubieY368ZbV3H1AC4zsfkwLR3wDHBj0Hrz89nCUgS7VPPNI5asQJPc0oFzEdPmffY8Qfqt-xdIB3L2W84GcsVbI3FyZ6ba7KcMMsfL3YLR8qs__Q_naku0H8YbUtww=w1696-h954-s-no?authuser=2","type":"","width":"","height":""}],"author":"admin","twitter_card":"summary_large_image","twitter_misc":{"Napisane przez":"admin","Szacowany czas czytania":"1 minuta"},"schema":{"@context":"https:\/\/schema.org","@graph":[{"@type":"Article","@id":"https:\/\/sp13.mielec.pl\/?p=299#article","isPartOf":{"@id":"https:\/\/sp13.mielec.pl\/?p=299"},"author":{"name":"admin","@id":"https:\/\/sp13.mielec.pl\/#\/schema\/person\/2989c58771a7ac215a1cfc4a80217749"},"headline":"TURNIEJ BADMINTONA","datePublished":"2025-09-22T06:31:04+00:00","mainEntityOfPage":{"@id":"https:\/\/sp13.mielec.pl\/?p=299"},"wordCount":57,"publisher":{"@id":"https:\/\/sp13.mielec.pl\/#organization"},"image":{"@id":"https:\/\/sp13.mielec.pl\/?p=299#primaryimage"},"thumbnailUrl":"https:\/\/lh3.googleusercontent.com\/pw\/AP1GczPa23fj5PU9GSyxJTbcHp3FnRH7ubieY368ZbV3H1AC4zsfkwLR3wDHBj0Hrz89nCUgS7VPPNI5asQJPc0oFzEdPmffY8Qfqt-xdIB3L2W84GcsVbI3FyZ6ba7KcMMsfL3YLR8qs__Q_naku0H8YbUtww=w1696-h954-s-no?authuser=2","inLanguage":"pl-PL"},{"@type":"WebPage","@id":"https:\/\/sp13.mielec.pl\/?p=299","url":"https:\/\/sp13.mielec.pl\/?p=299","name":"TURNIEJ BADMINTONA - SZKO\u0141A PODSTAWOWA NR 13 W MIELCU","isPartOf":{"@id":"https:\/\/sp13.mielec.pl\/#website"},"primaryImageOfPage":{"@id":"https:\/\/sp13.mielec.pl\/?p=299#primaryimage"},"image":{"@id":"https:\/\/sp13.mielec.pl\/?p=299#primaryimage"},"thumbnailUrl":"https:\/\/lh3.googleusercontent.com\/pw\/AP1GczPa23fj5PU9GSyxJTbcHp3FnRH7ubieY368ZbV3H1AC4zsfkwLR3wDHBj0Hrz89nCUgS7VPPNI5asQJPc0oFzEdPmffY8Qfqt-xdIB3L2W84GcsVbI3FyZ6ba7KcMMsfL3YLR8qs__Q_naku0H8YbUtww=w1696-h954-s-no?authuser=2","datePublished":"2025-09-22T06:31:04+00:00","description":"Szko\u0142a Podstawowa nr 13 w Mielcu","breadcrumb":{"@id":"https:\/\/sp13.mielec.pl\/?p=299#breadcrumb"},"inLanguage":"pl-PL","potentialAction":[{"@type":"ReadAction","target":["https:\/\/sp13.mielec.pl\/?p=299"]}]},{"@type":"ImageObject","inLanguage":"pl-PL","@id":"https:\/\/sp13.mielec.pl\/?p=299#primaryimage","url":"https:\/\/lh3.googleusercontent.com\/pw\/AP1GczPa23fj5PU9GSyxJTbcHp3FnRH7ubieY368ZbV3H1AC4zsfkwLR3wDHBj0Hrz89nCUgS7VPPNI5asQJPc0oFzEdPmffY8Qfqt-xdIB3L2W84GcsVbI3FyZ6ba7KcMMsfL3YLR8qs__Q_naku0H8YbUtww=w1696-h954-s-no?authuser=2","contentUrl":"https:\/\/lh3.googleusercontent.com\/pw\/AP1GczPa23fj5PU9GSyxJTbcHp3FnRH7ubieY368ZbV3H1AC4zsfkwLR3wDHBj0Hrz89nCUgS7VPPNI5asQJPc0oFzEdPmffY8Qfqt-xdIB3L2W84GcsVbI3FyZ6ba7KcMMsfL3YLR8qs__Q_naku0H8YbUtww=w1696-h954-s-no?authuser=2"},{"@type":"BreadcrumbList","@id":"https:\/\/sp13.mielec.pl\/?p=299#breadcrumb","itemListElement":[{"@type":"ListItem","position":1,"name":"Home","item":"https:\/\/sp13.mielec.pl\/"},{"@type":"ListItem","position":2,"name":"TURNIEJ BADMINTONA"}]},{"@type":"WebSite","@id":"https:\/\/sp13.mielec.pl\/#website","url":"https:\/\/sp13.mielec.pl\/","name":"SZKO\u0141A PODSTAWOWA NR 13 W MIELCU","description":"im. Jana Bytnara Rudego","publisher":{"@id":"https:\/\/sp13.mielec.pl\/#organization"},"potentialAction":[{"@type":"SearchAction","target":{"@type":"EntryPoint","urlTemplate":"https:\/\/sp13.mielec.pl\/?s={search_term_string}"},"query-input":{"@type":"PropertyValueSpecification","valueRequired":true,"valueName":"search_term_string"}}],"inLanguage":"pl-PL"},{"@type":"Organization","@id":"https:\/\/sp13.mielec.pl\/#organization","name":"SZKO\u0141A PODSTAWOWA NR 13 W MIELCU","url":"https:\/\/sp13.mielec.pl\/","logo":{"@type":"ImageObject","inLanguage":"pl-PL","@id":"https:\/\/sp13.mielec.pl\/#\/schema\/logo\/image\/","url":"https:\/\/sp13.mielec.pl\/wp-content\/uploads\/2025\/09\/cropped-cropped-herb-szkoly-ezgif.com-resize-1.gif","contentUrl":"https:\/\/sp13.mielec.pl\/wp-content\/uploads\/2025\/09\/cropped-cropped-herb-szkoly-ezgif.com-resize-1.gif","width":150,"height":150,"caption":"SZKO\u0141A PODSTAWOWA NR 13 W MIELCU"},"image":{"@id":"https:\/\/sp13.mielec.pl\/#\/schema\/logo\/image\/"},"sameAs":["https:\/\/www.facebook.com\/profile.php?id=100075648866324#"]},{"@type":"Person","@id":"https:\/\/sp13.mielec.pl\/#\/schema\/person\/2989c58771a7ac215a1cfc4a80217749","name":"admin","image":{"@type":"ImageObject","inLanguage":"pl-PL","@id":"https:\/\/sp13.mielec.pl\/#\/schema\/person\/image\/","url":"https:\/\/secure.gravatar.com\/avatar\/0bcae7b6c78740ebf93d8baa9f8db1cc7c98a1a17f4f0455cf5bd11ce783ef38?s=96&d=mm&r=g","contentUrl":"https:\/\/secure.gravatar.com\/avatar\/0bcae7b6c78740ebf93d8baa9f8db1cc7c98a1a17f4f0455cf5bd11ce783ef38?s=96&d=mm&r=g","caption":"admin"},"sameAs":["http:\/\/gim4.home.pl\/autoinstalator\/wordpressplugins2"],"url":"https:\/\/sp13.mielec.pl\/?author=1"}]}},"rttpg_featured_image_url":null,"rttpg_author":{"display_name":"admin","author_link":"https:\/\/sp13.mielec.pl\/?author=1"},"rttpg_comment":0,"rttpg_category":"<a href=\"https:\/\/sp13.mielec.pl\/?cat=1\" rel=\"category\">Bez kategorii<\/a>","rttpg_excerpt":"Dnia 20 wrze\u015bnia odby\u0142 si\u0119 1 turniej z cyklu Viktorek dla uczni\u00f3w naszej szko\u0142y . Uczniowie mieli okazj\u0119 zapozna\u0107 si\u0119 z przepisami gry w badmintona oraz rywalizowali w turnieju w kategorii klas 2-3 i 5. Ka\u017cdy z uczestnik\u00f3w otrzyma\u0142 pami\u0105tkowy ...","_links":{"self":[{"href":"https:\/\/sp13.mielec.pl\/index.php?rest_route=\/wp\/v2\/posts\/299","targetHints":{"allow":["GET"]}}],"collection":[{"href":"https:\/\/sp13.mielec.pl\/index.php?rest_route=\/wp\/v2\/posts"}],"about":[{"href":"https:\/\/sp13.mielec.pl\/index.php?rest_route=\/wp\/v2\/types\/post"}],"author":[{"embeddable":true,"href":"https:\/\/sp13.mielec.pl\/index.php?rest_route=\/wp\/v2\/users\/1"}],"replies":[{"embeddable":true,"href":"https:\/\/sp13.mielec.pl\/index.php?rest_route=%2Fwp%2Fv2%2Fcomments&post=299"}],"version-history":[{"count":1,"href":"https:\/\/sp13.mielec.pl\/index.php?rest_route=\/wp\/v2\/posts\/299\/revisions"}],"predecessor-version":[{"id":300,"href":"https:\/\/sp13.mielec.pl\/index.php?rest_route=\/wp\/v2\/posts\/299\/revisions\/300"}],"wp:attachment":[{"href":"https:\/\/sp13.mielec.pl\/index.php?rest_route=%2Fwp%2Fv2%2Fmedia&parent=299"}],"wp:term":[{"taxonomy":"category","embeddable":true,"href":"https:\/\/sp13.mielec.pl\/index.php?rest_route=%2Fwp%2Fv2%2Fcategories&post=299"},{"taxonomy":"post_tag","embeddable":true,"href":"https:\/\/sp13.mielec.pl\/index.php?rest_route=%2Fwp%2Fv2%2Ftags&post=299"}],"curies":[{"name":"wp","href":"https:\/\/api.w.org\/{rel}","templated":true}]}}