{"id":1,"date":"2025-09-02T15:05:14","date_gmt":"2025-09-02T13:05:14","guid":{"rendered":"http:\/\/gim4.home.pl\/autoinstalator\/wordpressplugins2\/?p=1"},"modified":"2025-09-23T15:21:45","modified_gmt":"2025-09-23T13:21:45","slug":"witaj-swiecie","status":"publish","type":"post","link":"https:\/\/sp13.mielec.pl\/?p=1","title":{"rendered":"NOWY ROK SZKOLNY I NOWE BOISKO"},"content":{"rendered":"\n<p><\/p>\n\n\n\n<p><\/p>\n\n\n\n<p class=\"has-text-align-center\"><img decoding=\"async\" width=\"500\" src=\"https:\/\/lh3.googleusercontent.com\/pw\/AP1GczMrmFwDvu7TR_RCtopFVw3HeWbJfaFO7sJgscxcTMXpoQPpW5hw3SJQwM39piP98ao7y0NMss7_9BWklIUm3UL17uOfeNp_my3mlVzvJxw6cAf0M8OdKtCVh3JW6HciKPyuFVpvydi2kvgQHtfZK952gQ=w1501-h846-s-no?authuser=2\"><\/p>\n\n\n\n<p>1 wrze\u015bnia 2025 r. uroczy\u015bcie rozpocz\u0119li\u015bmy rok szkolny 2025\/2026. Tegoroczna inauguracja by\u0142a wyj\u0105tkowa \u2013 przy naszej szkole oficjalnie otwarto nowoczesne boisko wielofunkcyjne, wybudowane w ramach Mieleckiego Bud\u017cetu Obywatelskiego.<\/p>\n\n\n\n<p>Nowy obiekt sportowy zyska\u0142 sztuczn\u0105 nawierzchni\u0119, pi\u0142kochwyty, system odwodnienia i pe\u0142ne wyposa\u017cenie, kt\u00f3re umo\u017cliwia gr\u0119 w pi\u0142k\u0119 no\u017cn\u0105, koszyk\u00f3wk\u0119 i siatk\u00f3wk\u0119. B\u0119dzie s\u0142u\u017cy\u0107 zar\u00f3wno naszym uczniom, jak i mieszka\u0144com okolicznych osiedli.<\/p>\n\n\n\n<p>Si\u0142a sportu \u0142\u0105czy! Nowy rok szkolny rozpoczynamy z jeszcze wi\u0119ksz\u0105 energi\u0105.<\/p>\n\n\n\n<p><a href=\"https:\/\/photos.app.goo.gl\/mstQ6p4jgQ6uLsaCA\">https:\/\/photos.app.goo.gl\/mstQ6p4jgQ6uLsaCA<\/a><\/p>\n\n\n\n<p><\/p>\n","protected":false},"excerpt":{"rendered":"<p>1 wrze\u015bnia 2025 r. uroczy\u015bcie rozpocz\u0119li\u015bmy rok szkolny 2025\/2026. Tegoroczna inauguracja by\u0142a wyj\u0105tkowa \u2013 przy naszej szkole oficjalnie otwarto nowoczesne boisko wielofunkcyjne, wybudowane w ramach Mieleckiego Bud\u017cetu Obywatelskiego. Nowy obiekt sportowy zyska\u0142 sztuczn\u0105 nawierzchni\u0119, pi\u0142kochwyty, system odwodnienia i pe\u0142ne wyposa\u017cenie, <a href=\"https:\/\/sp13.mielec.pl\/?p=1\" class=\"read-more\">&#8230;<\/a><\/p>\n","protected":false},"author":1,"featured_media":0,"comment_status":"open","ping_status":"open","sticky":false,"template":"","format":"standard","meta":{"_themeisle_gutenberg_block_has_review":false,"footnotes":""},"categories":[1],"tags":[],"class_list":["post-1","post","type-post","status-publish","format-standard","hentry","category-bez-kategorii"],"yoast_head":"<!-- This site is optimized with the Yoast SEO plugin v25.9 - https:\/\/yoast.com\/wordpress\/plugins\/seo\/ -->\n<title>NOWY ROK SZKOLNY I NOWE BOISKO - SZKO\u0141A PODSTAWOWA NR 13 W MIELCU<\/title>\n<meta name=\"description\" content=\"Szko\u0142a Podstawowa nr 13 w Mielcu\" \/>\n<meta name=\"robots\" content=\"index, follow, max-snippet:-1, max-image-preview:large, max-video-preview:-1\" \/>\n<link rel=\"canonical\" href=\"https:\/\/sp13.mielec.pl\/?p=1\" \/>\n<meta property=\"og:locale\" content=\"pl_PL\" \/>\n<meta property=\"og:type\" content=\"article\" \/>\n<meta property=\"og:title\" content=\"NOWY ROK SZKOLNY I NOWE BOISKO - SZKO\u0141A PODSTAWOWA NR 13 W MIELCU\" \/>\n<meta property=\"og:description\" content=\"Szko\u0142a Podstawowa nr 13 w Mielcu\" \/>\n<meta property=\"og:url\" content=\"https:\/\/sp13.mielec.pl\/?p=1\" \/>\n<meta property=\"og:site_name\" content=\"SZKO\u0141A PODSTAWOWA NR 13 W MIELCU\" \/>\n<meta property=\"article:publisher\" content=\"https:\/\/www.facebook.com\/profile.php?id=100075648866324#\" \/>\n<meta property=\"article:published_time\" content=\"2025-09-02T13:05:14+00:00\" \/>\n<meta property=\"article:modified_time\" content=\"2025-09-23T13:21:45+00:00\" \/>\n<meta property=\"og:image\" content=\"https:\/\/lh3.googleusercontent.com\/pw\/AP1GczMrmFwDvu7TR_RCtopFVw3HeWbJfaFO7sJgscxcTMXpoQPpW5hw3SJQwM39piP98ao7y0NMss7_9BWklIUm3UL17uOfeNp_my3mlVzvJxw6cAf0M8OdKtCVh3JW6HciKPyuFVpvydi2kvgQHtfZK952gQ=w1501-h846-s-no?authuser=2\" \/>\n<meta name=\"author\" content=\"admin\" \/>\n<meta name=\"twitter:card\" content=\"summary_large_image\" \/>\n<meta name=\"twitter:label1\" content=\"Napisane przez\" \/>\n\t<meta name=\"twitter:data1\" content=\"admin\" \/>\n\t<meta name=\"twitter:label2\" content=\"Szacowany czas czytania\" \/>\n\t<meta name=\"twitter:data2\" content=\"1 minuta\" \/>\n<script type=\"application\/ld+json\" class=\"yoast-schema-graph\">{\"@context\":\"https:\/\/schema.org\",\"@graph\":[{\"@type\":\"Article\",\"@id\":\"https:\/\/sp13.mielec.pl\/?p=1#article\",\"isPartOf\":{\"@id\":\"https:\/\/sp13.mielec.pl\/?p=1\"},\"author\":{\"name\":\"admin\",\"@id\":\"https:\/\/sp13.mielec.pl\/#\/schema\/person\/2989c58771a7ac215a1cfc4a80217749\"},\"headline\":\"NOWY ROK SZKOLNY I NOWE BOISKO\",\"datePublished\":\"2025-09-02T13:05:14+00:00\",\"dateModified\":\"2025-09-23T13:21:45+00:00\",\"mainEntityOfPage\":{\"@id\":\"https:\/\/sp13.mielec.pl\/?p=1\"},\"wordCount\":104,\"commentCount\":1,\"publisher\":{\"@id\":\"https:\/\/sp13.mielec.pl\/#organization\"},\"image\":{\"@id\":\"https:\/\/sp13.mielec.pl\/?p=1#primaryimage\"},\"thumbnailUrl\":\"https:\/\/lh3.googleusercontent.com\/pw\/AP1GczMrmFwDvu7TR_RCtopFVw3HeWbJfaFO7sJgscxcTMXpoQPpW5hw3SJQwM39piP98ao7y0NMss7_9BWklIUm3UL17uOfeNp_my3mlVzvJxw6cAf0M8OdKtCVh3JW6HciKPyuFVpvydi2kvgQHtfZK952gQ=w1501-h846-s-no?authuser=2\",\"inLanguage\":\"pl-PL\"},{\"@type\":\"WebPage\",\"@id\":\"https:\/\/sp13.mielec.pl\/?p=1\",\"url\":\"https:\/\/sp13.mielec.pl\/?p=1\",\"name\":\"NOWY ROK SZKOLNY I NOWE BOISKO - SZKO\u0141A PODSTAWOWA NR 13 W MIELCU\",\"isPartOf\":{\"@id\":\"https:\/\/sp13.mielec.pl\/#website\"},\"primaryImageOfPage\":{\"@id\":\"https:\/\/sp13.mielec.pl\/?p=1#primaryimage\"},\"image\":{\"@id\":\"https:\/\/sp13.mielec.pl\/?p=1#primaryimage\"},\"thumbnailUrl\":\"https:\/\/lh3.googleusercontent.com\/pw\/AP1GczMrmFwDvu7TR_RCtopFVw3HeWbJfaFO7sJgscxcTMXpoQPpW5hw3SJQwM39piP98ao7y0NMss7_9BWklIUm3UL17uOfeNp_my3mlVzvJxw6cAf0M8OdKtCVh3JW6HciKPyuFVpvydi2kvgQHtfZK952gQ=w1501-h846-s-no?authuser=2\",\"datePublished\":\"2025-09-02T13:05:14+00:00\",\"dateModified\":\"2025-09-23T13:21:45+00:00\",\"description\":\"Szko\u0142a Podstawowa nr 13 w Mielcu\",\"breadcrumb\":{\"@id\":\"https:\/\/sp13.mielec.pl\/?p=1#breadcrumb\"},\"inLanguage\":\"pl-PL\",\"potentialAction\":[{\"@type\":\"ReadAction\",\"target\":[\"https:\/\/sp13.mielec.pl\/?p=1\"]}]},{\"@type\":\"ImageObject\",\"inLanguage\":\"pl-PL\",\"@id\":\"https:\/\/sp13.mielec.pl\/?p=1#primaryimage\",\"url\":\"https:\/\/lh3.googleusercontent.com\/pw\/AP1GczMrmFwDvu7TR_RCtopFVw3HeWbJfaFO7sJgscxcTMXpoQPpW5hw3SJQwM39piP98ao7y0NMss7_9BWklIUm3UL17uOfeNp_my3mlVzvJxw6cAf0M8OdKtCVh3JW6HciKPyuFVpvydi2kvgQHtfZK952gQ=w1501-h846-s-no?authuser=2\",\"contentUrl\":\"https:\/\/lh3.googleusercontent.com\/pw\/AP1GczMrmFwDvu7TR_RCtopFVw3HeWbJfaFO7sJgscxcTMXpoQPpW5hw3SJQwM39piP98ao7y0NMss7_9BWklIUm3UL17uOfeNp_my3mlVzvJxw6cAf0M8OdKtCVh3JW6HciKPyuFVpvydi2kvgQHtfZK952gQ=w1501-h846-s-no?authuser=2\"},{\"@type\":\"BreadcrumbList\",\"@id\":\"https:\/\/sp13.mielec.pl\/?p=1#breadcrumb\",\"itemListElement\":[{\"@type\":\"ListItem\",\"position\":1,\"name\":\"Home\",\"item\":\"https:\/\/sp13.mielec.pl\/\"},{\"@type\":\"ListItem\",\"position\":2,\"name\":\"NOWY ROK SZKOLNY I NOWE BOISKO\"}]},{\"@type\":\"WebSite\",\"@id\":\"https:\/\/sp13.mielec.pl\/#website\",\"url\":\"https:\/\/sp13.mielec.pl\/\",\"name\":\"SZKO\u0141A PODSTAWOWA NR 13 W MIELCU\",\"description\":\"im. Jana Bytnara Rudego\",\"publisher\":{\"@id\":\"https:\/\/sp13.mielec.pl\/#organization\"},\"potentialAction\":[{\"@type\":\"SearchAction\",\"target\":{\"@type\":\"EntryPoint\",\"urlTemplate\":\"https:\/\/sp13.mielec.pl\/?s={search_term_string}\"},\"query-input\":{\"@type\":\"PropertyValueSpecification\",\"valueRequired\":true,\"valueName\":\"search_term_string\"}}],\"inLanguage\":\"pl-PL\"},{\"@type\":\"Organization\",\"@id\":\"https:\/\/sp13.mielec.pl\/#organization\",\"name\":\"SZKO\u0141A PODSTAWOWA NR 13 W MIELCU\",\"url\":\"https:\/\/sp13.mielec.pl\/\",\"logo\":{\"@type\":\"ImageObject\",\"inLanguage\":\"pl-PL\",\"@id\":\"https:\/\/sp13.mielec.pl\/#\/schema\/logo\/image\/\",\"url\":\"https:\/\/sp13.mielec.pl\/wp-content\/uploads\/2025\/09\/cropped-cropped-herb-szkoly-ezgif.com-resize-1.gif\",\"contentUrl\":\"https:\/\/sp13.mielec.pl\/wp-content\/uploads\/2025\/09\/cropped-cropped-herb-szkoly-ezgif.com-resize-1.gif\",\"width\":150,\"height\":150,\"caption\":\"SZKO\u0141A PODSTAWOWA NR 13 W MIELCU\"},\"image\":{\"@id\":\"https:\/\/sp13.mielec.pl\/#\/schema\/logo\/image\/\"},\"sameAs\":[\"https:\/\/www.facebook.com\/profile.php?id=100075648866324#\"]},{\"@type\":\"Person\",\"@id\":\"https:\/\/sp13.mielec.pl\/#\/schema\/person\/2989c58771a7ac215a1cfc4a80217749\",\"name\":\"admin\",\"image\":{\"@type\":\"ImageObject\",\"inLanguage\":\"pl-PL\",\"@id\":\"https:\/\/sp13.mielec.pl\/#\/schema\/person\/image\/\",\"url\":\"https:\/\/secure.gravatar.com\/avatar\/0bcae7b6c78740ebf93d8baa9f8db1cc7c98a1a17f4f0455cf5bd11ce783ef38?s=96&d=mm&r=g\",\"contentUrl\":\"https:\/\/secure.gravatar.com\/avatar\/0bcae7b6c78740ebf93d8baa9f8db1cc7c98a1a17f4f0455cf5bd11ce783ef38?s=96&d=mm&r=g\",\"caption\":\"admin\"},\"sameAs\":[\"http:\/\/gim4.home.pl\/autoinstalator\/wordpressplugins2\"],\"url\":\"https:\/\/sp13.mielec.pl\/?author=1\"}]}<\/script>\n<!-- \/ Yoast SEO plugin. -->","yoast_head_json":{"title":"NOWY ROK SZKOLNY I NOWE BOISKO - SZKO\u0141A PODSTAWOWA NR 13 W MIELCU","description":"Szko\u0142a Podstawowa nr 13 w Mielcu","robots":{"index":"index","follow":"follow","max-snippet":"max-snippet:-1","max-image-preview":"max-image-preview:large","max-video-preview":"max-video-preview:-1"},"canonical":"https:\/\/sp13.mielec.pl\/?p=1","og_locale":"pl_PL","og_type":"article","og_title":"NOWY ROK SZKOLNY I NOWE BOISKO - SZKO\u0141A PODSTAWOWA NR 13 W MIELCU","og_description":"Szko\u0142a Podstawowa nr 13 w Mielcu","og_url":"https:\/\/sp13.mielec.pl\/?p=1","og_site_name":"SZKO\u0141A PODSTAWOWA NR 13 W MIELCU","article_publisher":"https:\/\/www.facebook.com\/profile.php?id=100075648866324#","article_published_time":"2025-09-02T13:05:14+00:00","article_modified_time":"2025-09-23T13:21:45+00:00","og_image":[{"url":"https:\/\/lh3.googleusercontent.com\/pw\/AP1GczMrmFwDvu7TR_RCtopFVw3HeWbJfaFO7sJgscxcTMXpoQPpW5hw3SJQwM39piP98ao7y0NMss7_9BWklIUm3UL17uOfeNp_my3mlVzvJxw6cAf0M8OdKtCVh3JW6HciKPyuFVpvydi2kvgQHtfZK952gQ=w1501-h846-s-no?authuser=2","type":"","width":"","height":""}],"author":"admin","twitter_card":"summary_large_image","twitter_misc":{"Napisane przez":"admin","Szacowany czas czytania":"1 minuta"},"schema":{"@context":"https:\/\/schema.org","@graph":[{"@type":"Article","@id":"https:\/\/sp13.mielec.pl\/?p=1#article","isPartOf":{"@id":"https:\/\/sp13.mielec.pl\/?p=1"},"author":{"name":"admin","@id":"https:\/\/sp13.mielec.pl\/#\/schema\/person\/2989c58771a7ac215a1cfc4a80217749"},"headline":"NOWY ROK SZKOLNY I NOWE BOISKO","datePublished":"2025-09-02T13:05:14+00:00","dateModified":"2025-09-23T13:21:45+00:00","mainEntityOfPage":{"@id":"https:\/\/sp13.mielec.pl\/?p=1"},"wordCount":104,"commentCount":1,"publisher":{"@id":"https:\/\/sp13.mielec.pl\/#organization"},"image":{"@id":"https:\/\/sp13.mielec.pl\/?p=1#primaryimage"},"thumbnailUrl":"https:\/\/lh3.googleusercontent.com\/pw\/AP1GczMrmFwDvu7TR_RCtopFVw3HeWbJfaFO7sJgscxcTMXpoQPpW5hw3SJQwM39piP98ao7y0NMss7_9BWklIUm3UL17uOfeNp_my3mlVzvJxw6cAf0M8OdKtCVh3JW6HciKPyuFVpvydi2kvgQHtfZK952gQ=w1501-h846-s-no?authuser=2","inLanguage":"pl-PL"},{"@type":"WebPage","@id":"https:\/\/sp13.mielec.pl\/?p=1","url":"https:\/\/sp13.mielec.pl\/?p=1","name":"NOWY ROK SZKOLNY I NOWE BOISKO - SZKO\u0141A PODSTAWOWA NR 13 W MIELCU","isPartOf":{"@id":"https:\/\/sp13.mielec.pl\/#website"},"primaryImageOfPage":{"@id":"https:\/\/sp13.mielec.pl\/?p=1#primaryimage"},"image":{"@id":"https:\/\/sp13.mielec.pl\/?p=1#primaryimage"},"thumbnailUrl":"https:\/\/lh3.googleusercontent.com\/pw\/AP1GczMrmFwDvu7TR_RCtopFVw3HeWbJfaFO7sJgscxcTMXpoQPpW5hw3SJQwM39piP98ao7y0NMss7_9BWklIUm3UL17uOfeNp_my3mlVzvJxw6cAf0M8OdKtCVh3JW6HciKPyuFVpvydi2kvgQHtfZK952gQ=w1501-h846-s-no?authuser=2","datePublished":"2025-09-02T13:05:14+00:00","dateModified":"2025-09-23T13:21:45+00:00","description":"Szko\u0142a Podstawowa nr 13 w Mielcu","breadcrumb":{"@id":"https:\/\/sp13.mielec.pl\/?p=1#breadcrumb"},"inLanguage":"pl-PL","potentialAction":[{"@type":"ReadAction","target":["https:\/\/sp13.mielec.pl\/?p=1"]}]},{"@type":"ImageObject","inLanguage":"pl-PL","@id":"https:\/\/sp13.mielec.pl\/?p=1#primaryimage","url":"https:\/\/lh3.googleusercontent.com\/pw\/AP1GczMrmFwDvu7TR_RCtopFVw3HeWbJfaFO7sJgscxcTMXpoQPpW5hw3SJQwM39piP98ao7y0NMss7_9BWklIUm3UL17uOfeNp_my3mlVzvJxw6cAf0M8OdKtCVh3JW6HciKPyuFVpvydi2kvgQHtfZK952gQ=w1501-h846-s-no?authuser=2","contentUrl":"https:\/\/lh3.googleusercontent.com\/pw\/AP1GczMrmFwDvu7TR_RCtopFVw3HeWbJfaFO7sJgscxcTMXpoQPpW5hw3SJQwM39piP98ao7y0NMss7_9BWklIUm3UL17uOfeNp_my3mlVzvJxw6cAf0M8OdKtCVh3JW6HciKPyuFVpvydi2kvgQHtfZK952gQ=w1501-h846-s-no?authuser=2"},{"@type":"BreadcrumbList","@id":"https:\/\/sp13.mielec.pl\/?p=1#breadcrumb","itemListElement":[{"@type":"ListItem","position":1,"name":"Home","item":"https:\/\/sp13.mielec.pl\/"},{"@type":"ListItem","position":2,"name":"NOWY ROK SZKOLNY I NOWE BOISKO"}]},{"@type":"WebSite","@id":"https:\/\/sp13.mielec.pl\/#website","url":"https:\/\/sp13.mielec.pl\/","name":"SZKO\u0141A PODSTAWOWA NR 13 W MIELCU","description":"im. Jana Bytnara Rudego","publisher":{"@id":"https:\/\/sp13.mielec.pl\/#organization"},"potentialAction":[{"@type":"SearchAction","target":{"@type":"EntryPoint","urlTemplate":"https:\/\/sp13.mielec.pl\/?s={search_term_string}"},"query-input":{"@type":"PropertyValueSpecification","valueRequired":true,"valueName":"search_term_string"}}],"inLanguage":"pl-PL"},{"@type":"Organization","@id":"https:\/\/sp13.mielec.pl\/#organization","name":"SZKO\u0141A PODSTAWOWA NR 13 W MIELCU","url":"https:\/\/sp13.mielec.pl\/","logo":{"@type":"ImageObject","inLanguage":"pl-PL","@id":"https:\/\/sp13.mielec.pl\/#\/schema\/logo\/image\/","url":"https:\/\/sp13.mielec.pl\/wp-content\/uploads\/2025\/09\/cropped-cropped-herb-szkoly-ezgif.com-resize-1.gif","contentUrl":"https:\/\/sp13.mielec.pl\/wp-content\/uploads\/2025\/09\/cropped-cropped-herb-szkoly-ezgif.com-resize-1.gif","width":150,"height":150,"caption":"SZKO\u0141A PODSTAWOWA NR 13 W MIELCU"},"image":{"@id":"https:\/\/sp13.mielec.pl\/#\/schema\/logo\/image\/"},"sameAs":["https:\/\/www.facebook.com\/profile.php?id=100075648866324#"]},{"@type":"Person","@id":"https:\/\/sp13.mielec.pl\/#\/schema\/person\/2989c58771a7ac215a1cfc4a80217749","name":"admin","image":{"@type":"ImageObject","inLanguage":"pl-PL","@id":"https:\/\/sp13.mielec.pl\/#\/schema\/person\/image\/","url":"https:\/\/secure.gravatar.com\/avatar\/0bcae7b6c78740ebf93d8baa9f8db1cc7c98a1a17f4f0455cf5bd11ce783ef38?s=96&d=mm&r=g","contentUrl":"https:\/\/secure.gravatar.com\/avatar\/0bcae7b6c78740ebf93d8baa9f8db1cc7c98a1a17f4f0455cf5bd11ce783ef38?s=96&d=mm&r=g","caption":"admin"},"sameAs":["http:\/\/gim4.home.pl\/autoinstalator\/wordpressplugins2"],"url":"https:\/\/sp13.mielec.pl\/?author=1"}]}},"rttpg_featured_image_url":null,"rttpg_author":{"display_name":"admin","author_link":"https:\/\/sp13.mielec.pl\/?author=1"},"rttpg_comment":1,"rttpg_category":"<a href=\"https:\/\/sp13.mielec.pl\/?cat=1\" rel=\"category\">Bez kategorii<\/a>","rttpg_excerpt":"1 wrze\u015bnia 2025 r. uroczy\u015bcie rozpocz\u0119li\u015bmy rok szkolny 2025\/2026. Tegoroczna inauguracja by\u0142a wyj\u0105tkowa \u2013 przy naszej szkole oficjalnie otwarto nowoczesne boisko wielofunkcyjne, wybudowane w ramach Mieleckiego Bud\u017cetu Obywatelskiego. Nowy obiekt sportowy zyska\u0142 sztuczn\u0105 nawierzchni\u0119, pi\u0142kochwyty, system odwodnienia i pe\u0142ne wyposa\u017cenie, ...","_links":{"self":[{"href":"https:\/\/sp13.mielec.pl\/index.php?rest_route=\/wp\/v2\/posts\/1","targetHints":{"allow":["GET"]}}],"collection":[{"href":"https:\/\/sp13.mielec.pl\/index.php?rest_route=\/wp\/v2\/posts"}],"about":[{"href":"https:\/\/sp13.mielec.pl\/index.php?rest_route=\/wp\/v2\/types\/post"}],"author":[{"embeddable":true,"href":"https:\/\/sp13.mielec.pl\/index.php?rest_route=\/wp\/v2\/users\/1"}],"replies":[{"embeddable":true,"href":"https:\/\/sp13.mielec.pl\/index.php?rest_route=%2Fwp%2Fv2%2Fcomments&post=1"}],"version-history":[{"count":4,"href":"https:\/\/sp13.mielec.pl\/index.php?rest_route=\/wp\/v2\/posts\/1\/revisions"}],"predecessor-version":[{"id":405,"href":"https:\/\/sp13.mielec.pl\/index.php?rest_route=\/wp\/v2\/posts\/1\/revisions\/405"}],"wp:attachment":[{"href":"https:\/\/sp13.mielec.pl\/index.php?rest_route=%2Fwp%2Fv2%2Fmedia&parent=1"}],"wp:term":[{"taxonomy":"category","embeddable":true,"href":"https:\/\/sp13.mielec.pl\/index.php?rest_route=%2Fwp%2Fv2%2Fcategories&post=1"},{"taxonomy":"post_tag","embeddable":true,"href":"https:\/\/sp13.mielec.pl\/index.php?rest_route=%2Fwp%2Fv2%2Ftags&post=1"}],"curies":[{"name":"wp","href":"https:\/\/api.w.org\/{rel}","templated":true}]}}